{"id":57073,"date":"2022-03-01T21:14:35","date_gmt":"2022-03-01T20:14:35","guid":{"rendered":"https:\/\/www.mojevrijeme.hr\/magazin\/?p=57073"},"modified":"2022-03-01T21:19:54","modified_gmt":"2022-03-01T20:19:54","slug":"dorh-zatrazio-skidanje-imuniteta-ministru-mirovinskog-sustava-josipu-aladrovicu","status":"publish","type":"post","link":"https:\/\/www.mojevrijeme.hr\/magazin\/2022\/03\/dorh-zatrazio-skidanje-imuniteta-ministru-mirovinskog-sustava-josipu-aladrovicu\/","title":{"rendered":"DORH zatra\u017eio skidanje imuniteta ministru mirovinskog sustava Josipu Aladrovi\u0107u"},"content":{"rendered":"\n<p>&#8220;Vlada je zaprimila zahtjev za skidanje imuniteta ministru rada, mirovinskoga sustava, obitelji i socijalne politike <strong>Josipu Aladrovi\u0107u<\/strong>, a radi pokretanja&nbsp;postupka za djelo za koje je propisana kazna zatvora do 5 godina. Nakon \u0161to prou\u010di zahtjev, Vlada \u0107e o istome odlu\u010diti&#8221;, priop\u0107eno je iz Banskih dvora, \u010dime se potvr\u0111uju naga\u0111anja koja traju od izbijanja afere &#8220;Poticaji&#8221;.<\/p>\n\n\n\n<p>Ministra se, prema neslu\u017ebenim informacijama, tereti da je u vrijeme dok je bio ravnatelj Hrvatskog zavoda za mirovinsko osiguranje 2018. i 2019. godine zaposlio dvije \u017eenske osobe preko veze. One su se zbog daljnjeg napredovanja kratko zadr\u017eale u toj instituciji. <\/p>\n\n\n\n<p><a rel=\"noreferrer noopener\" href=\"https:\/\/www.jutarnji.hr\/vijesti\/hrvatska\/dorh-krenuo-protiv-aladrovica-od-vlade-trazi-da-mu-skine-imunitet-doznajemo-zbog-cega-15164477\" target=\"_blank\">Jutarnji list<\/a> je kao izvor pritiska za zapo\u0161ljavanje po vezi ozna\u010dio biv\u0161eg ministra graditeljstva Darka Horvata i njegovu biv\u0161u pomo\u0107nicu iz Ministarstva gospodarstva&nbsp;Anu Mandac, ali i gradona\u010delnika \u017dupanje&nbsp;Damira Juzba\u0161i\u0107a. Aladrovi\u0107 je ve\u0107 ranije kazao kako nije zapo\u0161ljavao preko veze, ali i da ne\u0107e biti teret Vladi. \u201c\u0160to se ti\u010de ministarskog mandata, on je uvijek na raspolaganju predsjedniku Vlade, pa tako i sada\u201d, kazao je prije tjedan dana Aladrovi\u0107.<\/p><div id=\"mojev-670262680\" class=\"mojev-u-tekstu mojev-entity-placement\" style=\"margin-left: auto;margin-right: auto;text-align: center;\"><div class=\"mojev-adlabel\">oglas<\/div><div style=\"height: 250px;\"><script async src=\"https:\/\/pagead2.googlesyndication.com\/pagead\/js\/adsbygoogle.js?client=ca-pub-8106111766207173\"\r\n     crossorigin=\"anonymous\"><\/script>\r\n<!-- Prikazni 1 u tekstu -->\r\n<ins class=\"adsbygoogle\"\r\n     style=\"display:block\"\r\n     data-ad-client=\"ca-pub-8106111766207173\"\r\n     data-ad-slot=\"8535551207\"\r\n     data-ad-format=\"auto\"\r\n     data-full-width-responsive=\"true\"><\/ins>\r\n<script>\r\n     (adsbygoogle = window.adsbygoogle || []).push({});\r\n<\/script><\/div><\/div><br style=\"clear: both; display: block; float: none;\"\/>\n\n\n\n<p>Za otvaranje istraga za kazneno djelo za koje je zaprije\u0107ena kazna zatvora do pet godina zatvora, DORH od Vlade mora tra\u017eiti suglasnost da se pokrene kazneni postupak.<\/p>\n<div id=\"mojev-1876179977\" class=\"mojev-kraj-teksta mojev-entity-placement\" style=\"margin-bottom: 20px;margin-left: auto;margin-right: auto;text-align: center;\"><div class=\"mojev-adlabel\">oglas<\/div><div style=\"height: 250px;\"><script async src=\"https:\/\/pagead2.googlesyndication.com\/pagead\/js\/adsbygoogle.js?client=ca-pub-8106111766207173\"\r\n     crossorigin=\"anonymous\"><\/script>\r\n<!-- Display-1 -->\r\n<ins class=\"adsbygoogle\"\r\n     style=\"display:block\"\r\n     data-ad-client=\"ca-pub-8106111766207173\"\r\n     data-ad-slot=\"1465712950\"\r\n     data-ad-format=\"auto\"\r\n     data-full-width-responsive=\"true\"><\/ins>\r\n<script>\r\n     (adsbygoogle = window.adsbygoogle || []).push({});\r\n<\/script><\/div><\/div>","protected":false},"excerpt":{"rendered":"<p>\u0160to se ti\u010de ministarskog mandata, on je uvijek na raspolaganju predsjedniku Vlade, pa tako i sada, kazao je prije tjedan dana Aladrovi\u0107.<\/p>\n","protected":false},"author":1,"featured_media":26688,"comment_status":"closed","ping_status":"closed","sticky":false,"template":"","format":"standard","meta":{"footnotes":""},"categories":[9],"tags":[3067,3068,1804,509,112],"class_list":["post-57073","post","type-post","status-publish","format-standard","has-post-thumbnail","hentry","category-vijesti","tag-afere","tag-dorh","tag-josip-aladrovic","tag-korupcija","tag-vlada"],"_links":{"self":[{"href":"https:\/\/www.mojevrijeme.hr\/magazin\/wp-json\/wp\/v2\/posts\/57073","targetHints":{"allow":["GET"]}}],"collection":[{"href":"https:\/\/www.mojevrijeme.hr\/magazin\/wp-json\/wp\/v2\/posts"}],"about":[{"href":"https:\/\/www.mojevrijeme.hr\/magazin\/wp-json\/wp\/v2\/types\/post"}],"author":[{"embeddable":true,"href":"https:\/\/www.mojevrijeme.hr\/magazin\/wp-json\/wp\/v2\/users\/1"}],"replies":[{"embeddable":true,"href":"https:\/\/www.mojevrijeme.hr\/magazin\/wp-json\/wp\/v2\/comments?post=57073"}],"version-history":[{"count":0,"href":"https:\/\/www.mojevrijeme.hr\/magazin\/wp-json\/wp\/v2\/posts\/57073\/revisions"}],"wp:featuredmedia":[{"embeddable":true,"href":"https:\/\/www.mojevrijeme.hr\/magazin\/wp-json\/wp\/v2\/media\/26688"}],"wp:attachment":[{"href":"https:\/\/www.mojevrijeme.hr\/magazin\/wp-json\/wp\/v2\/media?parent=57073"}],"wp:term":[{"taxonomy":"category","embeddable":true,"href":"https:\/\/www.mojevrijeme.hr\/magazin\/wp-json\/wp\/v2\/categories?post=57073"},{"taxonomy":"post_tag","embeddable":true,"href":"https:\/\/www.mojevrijeme.hr\/magazin\/wp-json\/wp\/v2\/tags?post=57073"}],"curies":[{"name":"wp","href":"https:\/\/api.w.org\/{rel}","templated":true}]}}