{"id":57181,"date":"2022-03-07T10:32:52","date_gmt":"2022-03-07T09:32:52","guid":{"rendered":"https:\/\/www.mojevrijeme.hr\/magazin\/?p=57181"},"modified":"2022-03-07T10:32:53","modified_gmt":"2022-03-07T09:32:53","slug":"ukrajinka-lidija-86-sjeca-se-i-2-svjetskog-rata-nadam-se-da-me-susjedi-nece-ostaviti","status":"publish","type":"post","link":"https:\/\/www.mojevrijeme.hr\/magazin\/2022\/03\/ukrajinka-lidija-86-sjeca-se-i-2-svjetskog-rata-nadam-se-da-me-susjedi-nece-ostaviti\/","title":{"rendered":"Ukrajinka Lidija (86) sje\u0107a se i 2. svjetskog rata: &#8216;Nadam se da me susjedi ne\u0107e ostaviti&#8217;"},"content":{"rendered":"\n<p>Milijuni starijih ljudi u ratom zahva\u0107enim dijelovima Ukrajine izlo\u017eeno je iznimnom riziku zbog ruskog napada na zemlju, koji \u0107e uni\u0161titi \u017eivote milijuna ljudi, upozorava <a rel=\"noreferrer noopener\" href=\"https:\/\/www.helpage.org\/newsroom\/latest-news\/ukraine-older-people-face-abandonment-and-isolation-as-conflict-with-russia-intensifies\/\" target=\"_blank\"><em>HelpAge International<\/em><\/a>, me\u0111unarodna organizacija koja skrbi o dobrobiti starijih osoba.<\/p>\n\n\n\n<p>Starije osobe \u010desto ne mogu pobje\u0107i od sukoba i ostaju same bez obitelji ili \u0161ire zajednice. Izolirani su, bez voljenih i odsje\u010deni od podr\u0161ke, uklju\u010duju\u0107i pristup lijekovima i hrani. Posebno su izlo\u017eeni kada izbije nasilje, jer se mo\u017eda ne mogu skloniti od opasnosti.<\/p>\n\n\n\n<p>&#8220;\u017divim na prvoj liniji, gdje pucaju skoro svaki dan. Najvi\u0161e me brine granatiranje. \u0160to ako udare u ku\u0107u i raznese prozore, krov, vrata? Tko \u0107e mi pomo\u0107i? Ako budu jako pucali, ja \u0107u si\u0107i u podrum<strong>. <\/strong>U selu ima sigurnih mjesta, ali prvo morate do\u0107i tamo, a mo\u017eda ne\u0107e biti sigurno&#8221;, ka\u017ee <strong>Ekaterine <\/strong>(70) koja \u017eivi na istoku Ukrajine.<\/p><div id=\"mojev-1267242959\" class=\"mojev-u-tekstu mojev-entity-placement\" style=\"margin-left: auto;margin-right: auto;text-align: center;\"><div class=\"mojev-adlabel\">oglas<\/div><div style=\"height: 250px;\"><script async src=\"https:\/\/pagead2.googlesyndication.com\/pagead\/js\/adsbygoogle.js?client=ca-pub-8106111766207173\"\r\n     crossorigin=\"anonymous\"><\/script>\r\n<!-- Prikazni 1 u tekstu -->\r\n<ins class=\"adsbygoogle\"\r\n     style=\"display:block\"\r\n     data-ad-client=\"ca-pub-8106111766207173\"\r\n     data-ad-slot=\"8535551207\"\r\n     data-ad-format=\"auto\"\r\n     data-full-width-responsive=\"true\"><\/ins>\r\n<script>\r\n     (adsbygoogle = window.adsbygoogle || []).push({});\r\n<\/script><\/div><\/div><br style=\"clear: both; display: block; float: none;\"\/>\n\n\n\n<p>&#8220;Bojim se da \u0107e biti kao u Drugom svjetskom ratu. Imala sam pet godina kad je po\u010deo rat i sje\u0107am se kako su se ulicom vozila vojna vozila. Nije bilo ni\u010dega za jesti. Morali smo jesti travu. Ako izbije rat, ostat \u0107u kod ku\u0107e. U mom dvori\u0161tu je podrum, ali ne\u0107u mo\u0107i do njega. Nadam se da me susjedi ne\u0107e ostaviti, Bog ih blagoslovio. Ljudi pate, \u017eive u strahu, svi su zabrinuti i upla\u0161eni&#8221;, ka\u017ee Ukrajinka <strong>Lidija<\/strong> (86).<\/p>\n\n\n\n<p><strong>Justin Derbyshire<\/strong>, izvr\u0161ni direktor <em>HelpAge Internationala<\/em> pozvao je me\u0111unarodnu zajednicu da prona\u0111e hitno diplomatsko rje\u0161enje za krizu kako bi se izbjegla humanitarna katastrofa u zemlji u kojoj se ljudi jo\u0161 uvijek nisu oporavili od sukoba iz 2014. godine.<\/p>\n\n\n\n<p>&#8220;Iz iskustva iz prve ruke znamo kakva je razaranja zajednicama i \u017eivotima starijih ljudi izazvana sukobom 2014. To se ne mo\u017ee ponoviti i mora se prona\u0107i hitno mirno rje\u0161enje ako se \u017eeli izbje\u0107i humanitarna katastrofa&#8221;, rekao je <strong>Justin Derbyshire<\/strong>.<\/p>\n\n\n\n<p>&#8220;Tijekom 2014. i 2015. svjedo\u010dili smo u\u017easnoj devastaciji koju je izazvao sukob koji je uni\u0161tio uspje\u0161ne zajednice, razjedinio obitelji i naru\u0161io fizi\u010dko i mentalno zdravlje ljudi. Mnogi, posebice starija populacija, jo\u0161 se nisu oporavili. Ne mo\u017eemo sjediti i dopustiti da se povijest ponovi. Ogromna humanitarna kriza mo\u017ee se izbje\u0107i samo ako sve strane po\u0161tuju me\u0111unarodno humanitarno pravo i stave sigurnost civila na prvo mjesto.&#8221;<\/p>\n<div id=\"mojev-199916688\" class=\"mojev-kraj-teksta mojev-entity-placement\" style=\"margin-bottom: 20px;margin-left: auto;margin-right: auto;text-align: center;\"><div class=\"mojev-adlabel\">oglas<\/div><div style=\"height: 250px;\"><script async src=\"https:\/\/pagead2.googlesyndication.com\/pagead\/js\/adsbygoogle.js?client=ca-pub-8106111766207173\"\r\n     crossorigin=\"anonymous\"><\/script>\r\n<!-- Display-1 -->\r\n<ins class=\"adsbygoogle\"\r\n     style=\"display:block\"\r\n     data-ad-client=\"ca-pub-8106111766207173\"\r\n     data-ad-slot=\"1465712950\"\r\n     data-ad-format=\"auto\"\r\n     data-full-width-responsive=\"true\"><\/ins>\r\n<script>\r\n     (adsbygoogle = window.adsbygoogle || []).push({});\r\n<\/script><\/div><\/div>","protected":false},"excerpt":{"rendered":"<p>Starije osobe \u010desto ne mogu pobje\u0107i od sukoba i ostaju same bez obitelji ili \u0161ire zajednice. Izolirani su, bez voljenih i odsje\u010deni od podr\u0161ke. <\/p>\n","protected":false},"author":4,"featured_media":57200,"comment_status":"closed","ping_status":"closed","sticky":false,"template":"","format":"standard","meta":{"footnotes":""},"categories":[9],"tags":[3062,2431,1942],"class_list":["post-57181","post","type-post","status-publish","format-standard","has-post-thumbnail","hentry","category-vijesti","tag-rat-u-ukrajini","tag-stariji","tag-ukrajina"],"_links":{"self":[{"href":"https:\/\/www.mojevrijeme.hr\/magazin\/wp-json\/wp\/v2\/posts\/57181","targetHints":{"allow":["GET"]}}],"collection":[{"href":"https:\/\/www.mojevrijeme.hr\/magazin\/wp-json\/wp\/v2\/posts"}],"about":[{"href":"https:\/\/www.mojevrijeme.hr\/magazin\/wp-json\/wp\/v2\/types\/post"}],"author":[{"embeddable":true,"href":"https:\/\/www.mojevrijeme.hr\/magazin\/wp-json\/wp\/v2\/users\/4"}],"replies":[{"embeddable":true,"href":"https:\/\/www.mojevrijeme.hr\/magazin\/wp-json\/wp\/v2\/comments?post=57181"}],"version-history":[{"count":0,"href":"https:\/\/www.mojevrijeme.hr\/magazin\/wp-json\/wp\/v2\/posts\/57181\/revisions"}],"wp:featuredmedia":[{"embeddable":true,"href":"https:\/\/www.mojevrijeme.hr\/magazin\/wp-json\/wp\/v2\/media\/57200"}],"wp:attachment":[{"href":"https:\/\/www.mojevrijeme.hr\/magazin\/wp-json\/wp\/v2\/media?parent=57181"}],"wp:term":[{"taxonomy":"category","embeddable":true,"href":"https:\/\/www.mojevrijeme.hr\/magazin\/wp-json\/wp\/v2\/categories?post=57181"},{"taxonomy":"post_tag","embeddable":true,"href":"https:\/\/www.mojevrijeme.hr\/magazin\/wp-json\/wp\/v2\/tags?post=57181"}],"curies":[{"name":"wp","href":"https:\/\/api.w.org\/{rel}","templated":true}]}}