{"id":57208,"date":"2022-03-07T15:48:48","date_gmt":"2022-03-07T14:48:48","guid":{"rendered":"https:\/\/www.mojevrijeme.hr\/magazin\/?p=57208"},"modified":"2022-03-07T15:49:34","modified_gmt":"2022-03-07T14:49:34","slug":"vlada-je-skinula-imunitet-ministru-mirovinskog-sustava-josipu-aladrovicu","status":"publish","type":"post","link":"https:\/\/www.mojevrijeme.hr\/magazin\/2022\/03\/vlada-je-skinula-imunitet-ministru-mirovinskog-sustava-josipu-aladrovicu\/","title":{"rendered":"Vlada je skinula imunitet ministru mirovinskog sustava Josipu Aladrovi\u0107u"},"content":{"rendered":"\n<p>Ministar gospodarstva <strong>Tomislav \u0106ori\u0107<\/strong> potvrdio je novinarima da je na zatvorenom dijelu sjednice Vlada skinula imunitet ministru mirovinskog sustava <strong>Josipu Aladrovi\u0107u<\/strong> koji do daljnjega ostaje ministar. &#8220;Mandati ministara su dani predsjedniku Vlade i on \u0107e odlu\u010diti o tom&#8221;, kazao je \u0106ori\u0107. <\/p>\n\n\n\n<p>Podsjetimo, skidanje imuniteta zatra\u017eilo je Dr\u017eavno odvjetni\u0161tvo RH. Ministra se, prema neslu\u017ebenim informacijama, tereti da je u vrijeme dok je bio ravnatelj Hrvatskog zavoda za mirovinsko osiguranje 2018. i 2019. godine zaposlio dvije \u017eenske osobe preko veze. One su se zbog daljnjeg napredovanja kratko zadr\u017eale u toj instituciji.<\/p>\n\n\n\n<p>Za otvaranje istraga za kazneno djelo za koje je zaprije\u0107ena kazna zatvora do pet godina zatvora, DORH od Vlade mora tra\u017eiti suglasnost da se pokrene kazneni postupak.<\/p><div id=\"mojev-1313309271\" class=\"mojev-u-tekstu mojev-entity-placement\" style=\"margin-left: auto;margin-right: auto;text-align: center;\"><div class=\"mojev-adlabel\">oglas<\/div><div style=\"height: 250px;\"><script async src=\"https:\/\/pagead2.googlesyndication.com\/pagead\/js\/adsbygoogle.js?client=ca-pub-8106111766207173\"\r\n     crossorigin=\"anonymous\"><\/script>\r\n<!-- Prikazni 1 u tekstu -->\r\n<ins class=\"adsbygoogle\"\r\n     style=\"display:block\"\r\n     data-ad-client=\"ca-pub-8106111766207173\"\r\n     data-ad-slot=\"8535551207\"\r\n     data-ad-format=\"auto\"\r\n     data-full-width-responsive=\"true\"><\/ins>\r\n<script>\r\n     (adsbygoogle = window.adsbygoogle || []).push({});\r\n<\/script><\/div><\/div><br style=\"clear: both; display: block; float: none;\"\/>\n<div id=\"mojev-2746382794\" class=\"mojev-kraj-teksta mojev-entity-placement\" style=\"margin-bottom: 20px;margin-left: auto;margin-right: auto;text-align: center;\"><div class=\"mojev-adlabel\">oglas<\/div><div style=\"height: 250px;\"><script async src=\"https:\/\/pagead2.googlesyndication.com\/pagead\/js\/adsbygoogle.js?client=ca-pub-8106111766207173\"\r\n     crossorigin=\"anonymous\"><\/script>\r\n<!-- Display-1 -->\r\n<ins class=\"adsbygoogle\"\r\n     style=\"display:block\"\r\n     data-ad-client=\"ca-pub-8106111766207173\"\r\n     data-ad-slot=\"1465712950\"\r\n     data-ad-format=\"auto\"\r\n     data-full-width-responsive=\"true\"><\/ins>\r\n<script>\r\n     (adsbygoogle = window.adsbygoogle || []).push({});\r\n<\/script><\/div><\/div>","protected":false},"excerpt":{"rendered":"<p>Aladrovi\u0107 je ve\u0107 ranije kazao kako nije zapo\u0161ljavao preko veze, ali i da ne\u0107e biti teret Vladi. \u0160to se ti\u010de ministarskog mandata, on je uvijek na raspolaganju predsjedniku Vlade, pa tako i sada, izjavio je. <\/p>\n","protected":false},"author":1,"featured_media":29078,"comment_status":"closed","ping_status":"closed","sticky":false,"template":"","format":"standard","meta":{"footnotes":""},"categories":[9],"tags":[3068,135,1804,509],"class_list":["post-57208","post","type-post","status-publish","format-standard","has-post-thumbnail","hentry","category-vijesti","tag-dorh","tag-imunitet","tag-josip-aladrovic","tag-korupcija"],"_links":{"self":[{"href":"https:\/\/www.mojevrijeme.hr\/magazin\/wp-json\/wp\/v2\/posts\/57208","targetHints":{"allow":["GET"]}}],"collection":[{"href":"https:\/\/www.mojevrijeme.hr\/magazin\/wp-json\/wp\/v2\/posts"}],"about":[{"href":"https:\/\/www.mojevrijeme.hr\/magazin\/wp-json\/wp\/v2\/types\/post"}],"author":[{"embeddable":true,"href":"https:\/\/www.mojevrijeme.hr\/magazin\/wp-json\/wp\/v2\/users\/1"}],"replies":[{"embeddable":true,"href":"https:\/\/www.mojevrijeme.hr\/magazin\/wp-json\/wp\/v2\/comments?post=57208"}],"version-history":[{"count":0,"href":"https:\/\/www.mojevrijeme.hr\/magazin\/wp-json\/wp\/v2\/posts\/57208\/revisions"}],"wp:featuredmedia":[{"embeddable":true,"href":"https:\/\/www.mojevrijeme.hr\/magazin\/wp-json\/wp\/v2\/media\/29078"}],"wp:attachment":[{"href":"https:\/\/www.mojevrijeme.hr\/magazin\/wp-json\/wp\/v2\/media?parent=57208"}],"wp:term":[{"taxonomy":"category","embeddable":true,"href":"https:\/\/www.mojevrijeme.hr\/magazin\/wp-json\/wp\/v2\/categories?post=57208"},{"taxonomy":"post_tag","embeddable":true,"href":"https:\/\/www.mojevrijeme.hr\/magazin\/wp-json\/wp\/v2\/tags?post=57208"}],"curies":[{"name":"wp","href":"https:\/\/api.w.org\/{rel}","templated":true}]}}