{"id":57322,"date":"2022-03-11T21:43:06","date_gmt":"2022-03-11T20:43:06","guid":{"rendered":"https:\/\/www.mojevrijeme.hr\/magazin\/?p=57322"},"modified":"2022-06-06T11:07:59","modified_gmt":"2022-06-06T09:07:59","slug":"zagreb-bi-uskoro-mogao-dobiti-prvi-javni-vocnjak-inicijativu-podupiru-i-umirovljenici","status":"publish","type":"post","link":"https:\/\/www.mojevrijeme.hr\/magazin\/2022\/03\/zagreb-bi-uskoro-mogao-dobiti-prvi-javni-vocnjak-inicijativu-podupiru-i-umirovljenici\/","title":{"rendered":"Zagreb bi uskoro mogao dobiti prvi javni vo\u0107njak, inicijativu podupiru i umirovljenici"},"content":{"rendered":"\n<p>Kad se mnogo malih slo\u017ei, tad se snaga stoput mno\u017ei. Ba\u0161 kao u poznatoj dje\u010djoj pjesmi, u inicijativi s Jaruna ve\u0107 neko vrijeme kuju planove za prvi javni vo\u0107njak u Zagrebu kojeg bi podigli i o njemu brinuli tamo\u0161nji \u017eitelji.&nbsp;<\/p>\n\n\n\n<h3 class=\"wp-block-heading\">I vo\u0107njaci dio europske urbane ekokulture<\/h3>\n\n\n\n<p>Sli\u010dan koncept pametnog razvoja zelene infrastrukture u korist o\u010duvanja bioraznolikosti na dobrobit lokalne zajednice uhodana je praksa u velikim europskim gradovima poput Be\u010da, Pariza, Londona i Kopenhagena. U Hrvatskoj su je prvi uveli u Vara\u017edinu lanjskog prolje\u0107a. Iz grada su na jednoj parceli zasadili oko 300 stabala jabuka i kru\u0161aka, grmove kupina i malina i na godinu dana upravljanje vo\u0107njakom prepustili udruzi &#8220;Zasadi drvo, ne budi panj&#8221;, poznatoj po kampanji velikih sadnji stabala \u0161irom Lijepe na\u0161e.&nbsp;&nbsp;&nbsp;&nbsp;&nbsp;&nbsp;&nbsp;<\/p>\n\n\n\n<p>Jarunski projekt zasad je nai\u0161ao na podr\u0161ku mjesne samouprave u sklopu Vije\u0107a gradske \u010detvrti Tre\u0161njevka-jug, a inicijatori se trenutno bore osigurati istu od nadle\u017enih gradskih ureda. &#8220;Ideja je da se ljudi sami organiziraju, zasade javni vo\u0107njak i preuzmu brigu za odr\u017eavanje zelene povr\u0161ine. Poku\u0161avamo uvjeriti mjerodavne da ovakav inovativan pristup odozdo usvoje kao dio politike grada za odr\u017eavanje i ure\u0111enje zelenih povr\u0161ina&#8221;, poja\u0161njava koordinatorica inicijative <strong>Vesna Jankovi\u0107<\/strong>. Kao sociologinja s dugim aktivisti\u010dkim sta\u017eem, i profesionalno je dobro upoznata sa zelenim projektima i inicijativama kroz LEADER mre\u017eu Hrvatske, udru\u017eenje lokalnih akcijskih grupa (LAG-ova) za ruralni razvoj.&nbsp;<\/p><div id=\"mojev-3793594798\" class=\"mojev-u-tekstu mojev-entity-placement\" style=\"margin-left: auto;margin-right: auto;text-align: center;\"><div class=\"mojev-adlabel\">oglas<\/div><div style=\"height: 250px;\"><script async src=\"https:\/\/pagead2.googlesyndication.com\/pagead\/js\/adsbygoogle.js?client=ca-pub-8106111766207173\"\r\n     crossorigin=\"anonymous\"><\/script>\r\n<!-- Prikazni 1 u tekstu -->\r\n<ins class=\"adsbygoogle\"\r\n     style=\"display:block\"\r\n     data-ad-client=\"ca-pub-8106111766207173\"\r\n     data-ad-slot=\"8535551207\"\r\n     data-ad-format=\"auto\"\r\n     data-full-width-responsive=\"true\"><\/ins>\r\n<script>\r\n     (adsbygoogle = window.adsbygoogle || []).push({});\r\n<\/script><\/div><\/div><br style=\"clear: both; display: block; float: none;\"\/>\n\n\n\n<p>U inicijativi se, pak, nadaju da \u0107e zagreba\u010dka gradska uprava imati sluha oko rje\u0161avanja papirologije za o\u017eivljavanje livade izme\u0111u ulica A. Stipan\u010di\u0107a i V. Ranogajca. Aktivisti ve\u0107 imaju pripremljenu skicu krajobraznog ure\u0111enja. U sklopu kampanje otvorili su i <a href=\"https:\/\/www.facebook.com\/groups\/795206754480128\" target=\"_blank\" rel=\"noreferrer noopener\">Facebook grupu<\/a> kojom, osim koordinacije daljnjih aktivnosti, nastoje oko projekta animirati \u0161iru zajednicu.&nbsp;<\/p>\n\n\n\n<h3 class=\"wp-block-heading\">Evo kako bi izgledao javni vo\u0107njak na Jarunu<\/h3>\n\n\n\n<figure class=\"wp-block-image size-large\"><img loading=\"lazy\" decoding=\"async\" width=\"740\" height=\"444\" src=\"https:\/\/www.mojevrijeme.hr\/magazin\/wp-content\/uploads\/2022\/03\/skica-jarun-vocnjak-740x444.jpg\" alt=\"\" class=\"wp-image-57368\" srcset=\"https:\/\/www.mojevrijeme.hr\/magazin\/wp-content\/uploads\/2022\/03\/skica-jarun-vocnjak-740x444.jpg 740w, https:\/\/www.mojevrijeme.hr\/magazin\/wp-content\/uploads\/2022\/03\/skica-jarun-vocnjak-636x382.jpg 636w, https:\/\/www.mojevrijeme.hr\/magazin\/wp-content\/uploads\/2022\/03\/skica-jarun-vocnjak-768x461.jpg 768w, https:\/\/www.mojevrijeme.hr\/magazin\/wp-content\/uploads\/2022\/03\/skica-jarun-vocnjak-1536x922.jpg 1536w, https:\/\/www.mojevrijeme.hr\/magazin\/wp-content\/uploads\/2022\/03\/skica-jarun-vocnjak-1500x900.jpg 1500w, https:\/\/www.mojevrijeme.hr\/magazin\/wp-content\/uploads\/2022\/03\/skica-jarun-vocnjak-1600x960.jpg 1600w, https:\/\/www.mojevrijeme.hr\/magazin\/wp-content\/uploads\/2022\/03\/skica-jarun-vocnjak-590x354.jpg 590w, https:\/\/www.mojevrijeme.hr\/magazin\/wp-content\/uploads\/2022\/03\/skica-jarun-vocnjak-400x240.jpg 400w, https:\/\/www.mojevrijeme.hr\/magazin\/wp-content\/uploads\/2022\/03\/skica-jarun-vocnjak-1000x600.jpg 1000w, https:\/\/www.mojevrijeme.hr\/magazin\/wp-content\/uploads\/2022\/03\/skica-jarun-vocnjak-820x492.jpg 820w, https:\/\/www.mojevrijeme.hr\/magazin\/wp-content\/uploads\/2022\/03\/skica-jarun-vocnjak-1080x648.jpg 1080w, https:\/\/www.mojevrijeme.hr\/magazin\/wp-content\/uploads\/2022\/03\/skica-jarun-vocnjak.jpg 2000w\" sizes=\"auto, (max-width: 740px) 100vw, 740px\" \/><figcaption>Skicu budu\u0107eg javnog vo\u0107njaka izradila je krajobrazna arhitektica Petra Pavleka<\/figcaption><\/figure>\n\n\n\n<p>Za razliku od vara\u017edinskog, u jarunskom vo\u0107njaku osim klasi\u010dnih vo\u0107aka (jabuka, tre\u0161anja, \u0161ljiva..) i grmova bobi\u010dastog vo\u0107a planiraju i \u0161umske vo\u0107arice. Razlika je i u tome da se u zagreba\u010dkom projektu javnog parka s uzgojnim potencijalnom \u017eeli uklju\u010diti neposredno susjedstvo i u zajedni\u010dkom dogovoru odlu\u010diti \u0161to \u0107e na kraju rasti na livadi.&nbsp;<\/p>\n\n\n\n<h3 class=\"wp-block-heading\">Pod kro\u0161njama vo\u0107ki na dru\u017eenje ili nastavu u prirodi <\/h3>\n\n\n\n<p>&#8220;GUP-om je ta parcela predvi\u0111ena kao park na kojem mogu biti razli\u010dite vrste stabala. \u017delja nam je zajedno s gra\u0111anima odlu\u010diti koje \u0107emo vrste posaditi. Naravno, po\u0161tovat \u0107e se mi\u0161ljenje struke o tome \u0161to tamo mo\u017ee biti s obzirom na poziciju. Cilj je raznolikost vo\u0107aka, a ne monokultura. Tako\u0111er, prilikom sadnje i odr\u017eavanja primijeniti na\u010dela regenerativne poljoprivrede i permakulture. Zna\u010di, konkretno pove\u0107ati bioraznolikost samog tla i uspostaviti samoodr\u017eivu biozajednicu koja ne tra\u017ei veliki napor za odr\u017eavanje&#8221;, obja\u0161njava Jankovi\u0107.<\/p>\n\n\n\n<p>Na mjestu postoje\u0107eg klasi\u010dnog travnjaka namjeravaju posijati livadno cvije\u0107e koje privla\u010di opra\u0161iva\u010de. \u010cim su tu oni i drugi kukci, tu su i ptice, dodaje, pa bi jarunski vo\u0107njak bio i mjesto nastave u prirodi i hotela za kukce, koje inicijativa planira realizirati u suradnji s O\u0160 Ivana Me\u0161trovi\u0107a i obli\u017enjim vrti\u0107ima. Koncept je zami\u0161ljen \u0161iroko ekolo\u0161ki i sociolo\u0161ki. Ideja je u vo\u0107njaku posaditi i jedan za\u010dinski vrt sa za\u010dinskim i aromati\u010dnim biljem, postaviti klupice i tako dobiti zelenu oazu za sve generacije.&nbsp;<\/p>\n\n\n\n<figure class=\"wp-block-image size-large\"><img loading=\"lazy\" decoding=\"async\" width=\"740\" height=\"444\" src=\"https:\/\/www.mojevrijeme.hr\/magazin\/wp-content\/uploads\/2022\/03\/vesna-jankovic-740x444.jpg\" alt=\"\" class=\"wp-image-57381\" srcset=\"https:\/\/www.mojevrijeme.hr\/magazin\/wp-content\/uploads\/2022\/03\/vesna-jankovic-740x444.jpg 740w, https:\/\/www.mojevrijeme.hr\/magazin\/wp-content\/uploads\/2022\/03\/vesna-jankovic-636x382.jpg 636w, https:\/\/www.mojevrijeme.hr\/magazin\/wp-content\/uploads\/2022\/03\/vesna-jankovic-768x461.jpg 768w, https:\/\/www.mojevrijeme.hr\/magazin\/wp-content\/uploads\/2022\/03\/vesna-jankovic-1536x922.jpg 1536w, https:\/\/www.mojevrijeme.hr\/magazin\/wp-content\/uploads\/2022\/03\/vesna-jankovic-1500x900.jpg 1500w, https:\/\/www.mojevrijeme.hr\/magazin\/wp-content\/uploads\/2022\/03\/vesna-jankovic-1600x960.jpg 1600w, https:\/\/www.mojevrijeme.hr\/magazin\/wp-content\/uploads\/2022\/03\/vesna-jankovic-590x354.jpg 590w, https:\/\/www.mojevrijeme.hr\/magazin\/wp-content\/uploads\/2022\/03\/vesna-jankovic-400x240.jpg 400w, https:\/\/www.mojevrijeme.hr\/magazin\/wp-content\/uploads\/2022\/03\/vesna-jankovic-1000x600.jpg 1000w, https:\/\/www.mojevrijeme.hr\/magazin\/wp-content\/uploads\/2022\/03\/vesna-jankovic-820x492.jpg 820w, https:\/\/www.mojevrijeme.hr\/magazin\/wp-content\/uploads\/2022\/03\/vesna-jankovic-1080x648.jpg 1080w, https:\/\/www.mojevrijeme.hr\/magazin\/wp-content\/uploads\/2022\/03\/vesna-jankovic.jpg 2000w\" sizes=\"auto, (max-width: 740px) 100vw, 740px\" \/><figcaption>Vesna Jankovi\u0107 (foto: privatni album)<\/figcaption><\/figure>\n\n\n\n<h3 class=\"wp-block-heading\">O\u010duvanje bioraznolikosti jedan od ciljeva projekta<\/h3>\n\n\n\n<p>&#8220;Sociolo\u0161ki cilj je izvu\u0107i ljude iz stanova i ispred televizora, da prokomuniciraju kroz zajedni\u010dke aktivnosti na trenutno praznoj zelenoj povr\u0161ini okru\u017eenoj stambenim blokovima. Uslijed klimatskih promjena i gubitka bioraznolikosti diljem svijeta gradovi pose\u017eu za zelenim rje\u0161enjima. Sade se parkovi, \u0161ume i urbani vrtovi. Mi smo, me\u0111utim, suo\u010deni s apsurdom na na\u010din da je jedan gradski ured izdao priru\u010dnik s europskim rje\u0161enjima i prijedlozima unapre\u0111enje zelene infrastrukture, anketom se prikupljaju mi\u0161ljenja gra\u0111ana, a da se istovremeno drugi ured na\u0111e u \u010dudu i ne znaju \u0161to bi s na\u0161om inicijativom. Nadamo se da \u0107e vrlo skoro uspjeti prona\u0107i zajedni\u010dki jezik&#8221;, zaklju\u010duje koordinatorica.<\/p>\n\n\n\n<p>Ideju o javnom vo\u0107njaku na mjestu prazne kvartovske livade s entuzijazmom su me\u0111u prvima pozdravili i pridru\u017eili se gra\u0111anskoj inicijativi <strong>Dora Grabar <\/strong>(65) i sama stanovnica Jaruna, i <strong>\u017delimir Ivankovi\u0107 <\/strong>(74) s obli\u017enjih Vrbana. <\/p>\n\n\n\n<p>Gospo\u0111a Dora bila je vlasnica turisti\u010dke agencije. U mirovini je ve\u0107 pet godina, ali jo\u0161 uvijek radi. Dru\u0161tvena anga\u017eiranost jedna je od ve\u0107ih zanimacija kojima se zaokuplja otkako ima vi\u0161e slobodnog vremena. U turizmu je upravo i radila zato \u0161to voli rad s ljudima, a oko javnog vo\u0107njaka se odlu\u010dila anga\u017eirati svjesna da je starost svima neizbje\u017ena budu\u0107nost i trebali bi ju sadr\u017eajno ispuniti.&nbsp;<\/p>\n\n\n\n<h3 class=\"wp-block-heading\">&#8220;Rastu\u017euje me koliko ih nije kvalitetno osmislilo svoju starost&#8221;<\/h3>\n\n\n\n<p>&#8220;Jako me rastu\u017euje spoznaja koliko ljudi u dru\u0161tvu nije osmislilo kvalitetno svoju starost. Iako su jo\u0161 uvijek u dobroj fizi\u010dkoj kondiciji, sva\u0161ta znaju, imaju veliko, bogato \u017eivotno iskustvo, a zapravo im dani prolaze bez veze. Tako da je ova inicijativa dobro do\u0161la da se mogu anga\u017eirati ljudi s razli\u010ditim interesima. Osobno nisam neki biljkoljub, to je vi\u0161e moj suprug kojem nikne sve kaj zasadi. Ali tu sam vidjela dobru podlogu za socijalni razvoj naselja, da se ljudi susre\u0107u na tom prostoru i sudjeluju u programima koji bi se tu odvijali&#8221;, otkrila nam je gospo\u0111a Dora o svojoj motivaciji.&nbsp;<\/p>\n\n\n\n<p>Gospodin \u017delimir je, pak, gotovo svakodnevno s biciklom na Jarunu. Biciklira ure\u0111enom stazom oko jezera, u jednom krugu to bude malo vi\u0161e od \u0161est kilometara i tako &#8220;puni baterije&#8221;. U jednoj od vo\u017enji u dru\u0161tvu je tako i saznao za planove o javnom vo\u0107njaku, pa napominje, i sam nastoji dati podr\u0161ku tako plemenitoj aktivnosti na zapu\u0161tenim zelenim povr\u0161inama grada Zagreba. Pored plivanja, biciklizam je na\u0161em sugovorniku glavna sportska preokupacija otkako je prije sedam godina oti\u0161ao u mirovinu s posla knjigovo\u0111e u \u0110uri \u0110akovi\u0107u.<\/p>\n\n\n\n<figure class=\"wp-block-image size-large\"><img loading=\"lazy\" decoding=\"async\" width=\"740\" height=\"444\" src=\"https:\/\/www.mojevrijeme.hr\/magazin\/wp-content\/uploads\/2022\/03\/dora-zelimir-740x444.jpg\" alt=\"\" class=\"wp-image-57372\" srcset=\"https:\/\/www.mojevrijeme.hr\/magazin\/wp-content\/uploads\/2022\/03\/dora-zelimir-740x444.jpg 740w, https:\/\/www.mojevrijeme.hr\/magazin\/wp-content\/uploads\/2022\/03\/dora-zelimir-636x382.jpg 636w, https:\/\/www.mojevrijeme.hr\/magazin\/wp-content\/uploads\/2022\/03\/dora-zelimir-768x461.jpg 768w, https:\/\/www.mojevrijeme.hr\/magazin\/wp-content\/uploads\/2022\/03\/dora-zelimir-1536x922.jpg 1536w, https:\/\/www.mojevrijeme.hr\/magazin\/wp-content\/uploads\/2022\/03\/dora-zelimir-1500x900.jpg 1500w, https:\/\/www.mojevrijeme.hr\/magazin\/wp-content\/uploads\/2022\/03\/dora-zelimir-1600x960.jpg 1600w, https:\/\/www.mojevrijeme.hr\/magazin\/wp-content\/uploads\/2022\/03\/dora-zelimir-590x354.jpg 590w, https:\/\/www.mojevrijeme.hr\/magazin\/wp-content\/uploads\/2022\/03\/dora-zelimir-400x240.jpg 400w, https:\/\/www.mojevrijeme.hr\/magazin\/wp-content\/uploads\/2022\/03\/dora-zelimir-1000x600.jpg 1000w, https:\/\/www.mojevrijeme.hr\/magazin\/wp-content\/uploads\/2022\/03\/dora-zelimir-820x492.jpg 820w, https:\/\/www.mojevrijeme.hr\/magazin\/wp-content\/uploads\/2022\/03\/dora-zelimir-1080x648.jpg 1080w, https:\/\/www.mojevrijeme.hr\/magazin\/wp-content\/uploads\/2022\/03\/dora-zelimir.jpg 2000w\" sizes=\"auto, (max-width: 740px) 100vw, 740px\" \/><figcaption>Dora Grabar i \u017delimir Ivankovi\u0107 (foto: Sandro Bura)<\/figcaption><\/figure>\n\n\n\n<p>Nedavno se laganim tempom uklju\u010dio i u program Aktivni u mirovini u Rude\u0161u, o kojem smo <a href=\"https:\/\/www.mojevrijeme.hr\/magazin\/2022\/01\/dignite-se-s-kauca-vjezbanje-je-nuzno-neka-vam-drugi-vjezbaci-budu-motiv\/\" target=\"_blank\" rel=\"noreferrer noopener\">nedavno pisali<\/a>, ali najvi\u0161e vremena ipak provodi u vo\u017enji na dva kota\u010da.<\/p>\n\n\n\n<h3 class=\"wp-block-heading\">\u017delimir je biciklom pro\u0161ao pola Hrvatske   <\/h3>\n\n\n\n<p>&#8220;Vje\u017ebe su izvrsne za starije ljude, za mene su malo mo\u017eda te\u0161ke pa sam to naglasio treneru, ali nastojim pratiti tempo ostalih. Ina\u010de, kao biciklista znam re\u0107i da onaj tko nije pao s bicikla, to zapravo nije (smijeh). Jednom sam se i slomio, tako da imam trajne posljedice s kukom. Sre\u0107om nije stradala ki\u010dma, a danas se usade fino ti elementi pa sve \u0161tima. K&#8217;o nov sam, mo\u017eda \u010dak i bolji&#8221;, \u0161ali se gospodin \u017delimir.<\/p>\n\n\n\n<p>U Zagreb je doselio prije pet godina iz rodnog Slavonskog Broda. Pridru\u017eio se udruzi &#8220;Rotor&#8221; za promicanje zdravog \u017eivota Novog Zagreba, koja uz bicikliranje \u017eupanijom provodi i druge sportske aktivnosti. Ne propu\u0161ta ni biciklijade udruge &#8220;Biciklom do zdravlja&#8221;, daju\u0107i svoj doprinos promicanju zdravlja i zdravog stila \u017eivota na kojima sudjeluju i medicinari sa svojim javno zdravstvenim aktivnostima. A kao \u010dlan udruge &#8220;Potepuh&#8221; vlastitu voza\u010dku bilancu godinama ve\u0107 sla\u017ee sudjelovanjem na biciklisti\u010dkim maratonima do Knina, Vukovara i Oku\u010dana u spomen na heroje i \u017ertve Domovinskog rata.<\/p>\n\n\n\n<p>Ljetne mjesece \u017delimir provodi u Srimi kod Vodica. Uz svakodnevni red plivanja, i ondje je u biciklisti\u010dkom dru\u0161tvu. S tamo\u0161njom udrugom &#8220;Karika&#8221; voze na lokacije prvih naselja jo\u0161 iz rimskog doba i drevne cisterne, u mjestu Mrdakovica pohodili su Rimske bakanalije, a Burmanske ide u kod mjesta Ivo\u0161evci gdje je ure\u0111eno rimsko vje\u017ebali\u0161te. Ba\u0161 kao i drevni \u017eitelji, i gospodin \u017delimir nastoji istinski \u017eivjeti krilaticu zdrav duh u zdravom tijelu. <\/p>\n\n\n\n<h3 class=\"wp-block-heading\">&#8220;Gra\u0111anske inicijative mogu stvari pokrenuti na bolje&#8221;<\/h3>\n\n\n\n<p>Osim promocije inicijative za javni vo\u0107njak na Jarunu, dao si je truda i za mogu\u0107e \u0161irenje ideje na Vrbane, gdje je &#8220;snimio&#8221; i praznu livadu na kojoj bi danas-sutra sa susjedima radije ure\u0111ivao vo\u0107njak i ubirao zajedni\u010dke plodove, nego gledao jo\u0161 jedan asfaltirani parking ili betonsku novogradnju.<\/p>\n\n\n\n<p>U vremenu kada se zagreba\u010dki GUP mijenja vi\u0161e prema zahtjevima investitora, nego urbanista iz doba planskog \u0161irenja kvartova, gospo\u0111u Doru u anga\u017eman je privukla \u010dinjenica da se gra\u0111anskom inicijativom stvari ipak mogu pokrenuti na bolje.&nbsp;<\/p>\n\n\n\n<p>&#8220;Ljudi ve\u0107inom razmi\u0161ljaju pa kaj ja mogu sam, nemam nikakvog utjecaja. Tako da ovo daje nadu mo\u017eda i drugima za razmi\u0161ljanje da se mo\u017ee. Iako \u0107e biti dosta komplicirano izvesti sve to. Prvenstveno zbog pitanja vlasni\u0161tva na parceli i organizacije odr\u017eavanja, tko \u0107e se i kako brinuti oko toga. Najjednostavnije \u0107e biti nabaviti sadnice i alat. Tako\u0111er, pitanje je i jesmo li dovoljno osvije\u0161teni svi da taj vo\u0107njak pustimo da raste, da se ne devastira. Jer nije fora da se ogra\u0111uje, onda te gubi javna dimenzija. Klju\u010dno je zna\u010di kako sa\u010duvati vo\u0107no blago. Tu bi najve\u0107u ulogu trebali imati stanari iz okolnih zgrada koji mogu nadgledati i utjecati da ne bude devastacije&#8221;, smatra na\u0161a sugovornica.<\/p>\n\n\n\n<p>Za izvedbeni, zemljani dio nakon zelenog svjetla od grada u jarunskoj inicijativi namjeravaju aktivirati lokalnu zajednicu. Ili kako se na\u0161alila gospo\u0111a Dora, sve one koji doma gledaju turske sapunice, \u017eive sami, izolirani i nemotivirani za izlazak u kvart me\u0111u susjede.&nbsp;<\/p>\n\n\n\n<p>&#8220;Zami\u0161ljam to kao mjesto na kojem bi taj i taj dan bila neka dru\u0161tvena akcija, program. Ili obi\u010dan razgovor i dru\u017eenje, uz vo\u0107e na dohvat ruke ili kavicu na klupici. Jer \u017eivimo u vremenu gdje je naglasak na svemu vanjskome, izgledu, fizi\u010dkoj kondiciji. Naravno, i to treba njegovati, ali ne treba zanemariti socijalne vje\u0161tine s kojima smo uslijed ove pandemije do\u0161li u jedno u\u017easno stanje. Uvijek ka\u017eem, ako imate dobro dru\u0161tvo i ljude uz sebe, mo\u017eete biti i oduzeti u kolicima, ali \u0107e vas netko vozit, odvest na kartanje i sli\u010dno. Mo\u017eete imati kvalitetu \u017eivota. Ali ako satima samo gimnasticirate i gledate se u ogledalo, kad do\u0111e starost vi \u0107ete biti prazna osoba. Taj imperativ mladosti i ljepote nas je preuzeo. A ovaj projekt je put da se generacije u naselju bolje pove\u017eu, jer stariji imaju mladima puno za ponuditi&#8221;, zaklju\u010dila je.<\/p>\n\n\n\n<p>I dok se na Jarunu nadaju da \u0107e vo\u0107njak uskoro i za\u017eivjeti, sa \u0160alate i iz Sesveta ve\u0107 su dobili signal o postojanju interesa za jednako krajobrazno ure\u0111enje neke od njihovih livada na kojima danas u\u017eivaju tek \u0161eta\u010di, psi i njihovi vlasnici.<\/p>\n\n\n\n<div id=\"blokovi\"><img decoding=\"async\" src=\"https:\/\/www.mojevrijeme.hr\/magazin\/wp-content\/uploads\/2020\/09\/esf-lenta.jpg\">\nOvaj prilog objavljen je u sklopu projekta \u201cNovo vrijeme\u201d. Projekt je sufinancirala\nEuropska unija sredstvima Europskog socijalnog fonda. Sadr\u017eaj priloga isklju\u010diva\nje odgovornost Udruge Ho\u0107u stranicu.<\/div>\n<div id=\"mojev-2282900493\" class=\"mojev-kraj-teksta mojev-entity-placement\" style=\"margin-bottom: 20px;margin-left: auto;margin-right: auto;text-align: center;\"><div class=\"mojev-adlabel\">oglas<\/div><div style=\"height: 250px;\"><script async src=\"https:\/\/pagead2.googlesyndication.com\/pagead\/js\/adsbygoogle.js?client=ca-pub-8106111766207173\"\r\n     crossorigin=\"anonymous\"><\/script>\r\n<!-- Display-1 -->\r\n<ins class=\"adsbygoogle\"\r\n     style=\"display:block\"\r\n     data-ad-client=\"ca-pub-8106111766207173\"\r\n     data-ad-slot=\"1465712950\"\r\n     data-ad-format=\"auto\"\r\n     data-full-width-responsive=\"true\"><\/ins>\r\n<script>\r\n     (adsbygoogle = window.adsbygoogle || []).push({});\r\n<\/script><\/div><\/div>","protected":false},"excerpt":{"rendered":"<p>\u2018Vidimo ovo kao me\u0111ugeneracijski projekt koji \u0107e okupiti umirovljenike, djecu, njihove roditelje i sve one izme\u0111u\u2019, poru\u010duju iz inicijative. Na Jarunu \u017eele zasaditi prvi javni vo\u0107njak u glavnom gradu po uzoru na prvi takav u Hrvatskoj, onaj u Vara\u017edinu. U cijelu akciju i kampanju podr\u0161ke ovom dru\u0161tveno-ekolo\u0161kom projektu uklju\u010dili su se i Dora Grabar i \u017delimir Ivankovi\u0107, pridodav\u0161i taj anga\u017eman svom popisu niza aktivnosti kojima su zaokupljeni u mirovini.<\/p>\n","protected":false},"author":12,"featured_media":57379,"comment_status":"closed","ping_status":"closed","sticky":false,"template":"","format":"standard","meta":{"footnotes":""},"categories":[85],"tags":[1072,3081,3078,584,2339,3080,3079,39,3082],"class_list":["post-57322","post","type-post","status-publish","format-standard","has-post-thumbnail","hentry","category-aktivno-starenje","tag-aktivizam","tag-dora-grabar","tag-inicijative","tag-jarun","tag-novo-vrijeme","tag-vesna-jankovic","tag-vocnjaci","tag-zagreb","tag-zelimir-ivankovic"],"_links":{"self":[{"href":"https:\/\/www.mojevrijeme.hr\/magazin\/wp-json\/wp\/v2\/posts\/57322","targetHints":{"allow":["GET"]}}],"collection":[{"href":"https:\/\/www.mojevrijeme.hr\/magazin\/wp-json\/wp\/v2\/posts"}],"about":[{"href":"https:\/\/www.mojevrijeme.hr\/magazin\/wp-json\/wp\/v2\/types\/post"}],"author":[{"embeddable":true,"href":"https:\/\/www.mojevrijeme.hr\/magazin\/wp-json\/wp\/v2\/users\/12"}],"replies":[{"embeddable":true,"href":"https:\/\/www.mojevrijeme.hr\/magazin\/wp-json\/wp\/v2\/comments?post=57322"}],"version-history":[{"count":0,"href":"https:\/\/www.mojevrijeme.hr\/magazin\/wp-json\/wp\/v2\/posts\/57322\/revisions"}],"wp:featuredmedia":[{"embeddable":true,"href":"https:\/\/www.mojevrijeme.hr\/magazin\/wp-json\/wp\/v2\/media\/57379"}],"wp:attachment":[{"href":"https:\/\/www.mojevrijeme.hr\/magazin\/wp-json\/wp\/v2\/media?parent=57322"}],"wp:term":[{"taxonomy":"category","embeddable":true,"href":"https:\/\/www.mojevrijeme.hr\/magazin\/wp-json\/wp\/v2\/categories?post=57322"},{"taxonomy":"post_tag","embeddable":true,"href":"https:\/\/www.mojevrijeme.hr\/magazin\/wp-json\/wp\/v2\/tags?post=57322"}],"curies":[{"name":"wp","href":"https:\/\/api.w.org\/{rel}","templated":true}]}}