{"id":57385,"date":"2022-03-11T23:37:00","date_gmt":"2022-03-11T22:37:00","guid":{"rendered":"https:\/\/www.mojevrijeme.hr\/magazin\/?p=57385"},"modified":"2022-03-12T09:52:00","modified_gmt":"2022-03-12T08:52:00","slug":"dron-je-pao-kod-jaruna-zbog-pogreske-u-navigacijskom-sustavu","status":"publish","type":"post","link":"https:\/\/www.mojevrijeme.hr\/magazin\/2022\/03\/dron-je-pao-kod-jaruna-zbog-pogreske-u-navigacijskom-sustavu\/","title":{"rendered":"Dron je pao kod Jaruna zbog pogre\u0161ke u navigacijskom sustavu"},"content":{"rendered":"\n<p>Bespilotna letjelica koja je ju\u010der oko 23 sata pala u blizini zagreba\u010dkog jezera Jarun, na podru\u010dje Hrvatske i Zagreba do\u0161la je zbog pogre\u0161ke u navigacijskom sustavu, objavio je portal <a href=\"https:\/\/www.24sata.hr\/news\/prvi-rezultati-istrage-letjelica-je-u-zagrebu-zavrsila-zbog-greske-navigacijskog-sustava-821639\" target=\"_blank\" rel=\"noreferrer noopener\">24 sata<\/a> pozivaju\u0107i se na prve, preliminarne rezultate istrage.<\/p>\n\n\n\n<p>Bespilotna letjelica TU-141 koja slu\u017ei izvi\u0111anju i snimanju terena i koja nije imala nikavo naoru\u017eanje ili eksploziv, poletjela je s mobilnog lansera na aerodromu Vinnicja na zapadu Ukrajine, a taj priostor kontroliraju ukrajinske snage.<\/p>\n\n\n\n<p>To je, zapravo, dobra vijest jer je dosad bilo spekulacija da su Hrvatska i Zagreb bili namjerno ciljani od strane ruskih snaga ili da je ukrajinska strana namjerno poslala dron prema \u010dlanici NATO-a kako bi isprovocirala odgovor saveza nakon incidenta na teritoriju jedne od \u010dlanica.<\/p><div id=\"mojev-3837842692\" class=\"mojev-u-tekstu mojev-entity-placement\" style=\"margin-left: auto;margin-right: auto;text-align: center;\"><div class=\"mojev-adlabel\">oglas<\/div><div style=\"height: 250px;\"><script async src=\"https:\/\/pagead2.googlesyndication.com\/pagead\/js\/adsbygoogle.js?client=ca-pub-8106111766207173\"\r\n     crossorigin=\"anonymous\"><\/script>\r\n<!-- Prikazni 1 u tekstu -->\r\n<ins class=\"adsbygoogle\"\r\n     style=\"display:block\"\r\n     data-ad-client=\"ca-pub-8106111766207173\"\r\n     data-ad-slot=\"8535551207\"\r\n     data-ad-format=\"auto\"\r\n     data-full-width-responsive=\"true\"><\/ins>\r\n<script>\r\n     (adsbygoogle = window.adsbygoogle || []).push({});\r\n<\/script><\/div><\/div><br style=\"clear: both; display: block; float: none;\"\/>\n\n\n\n<p>Podsjetimo, letjelica je u \u010detvrtak kasno nave\u010der pala nedaleko Studentskog doma &#8220;Stjepan Radi\u0107&#8221; kod zagreba\u010dkog jezera Jarun, a udarac koji se pritom \u010duo izazvao je dosta straha. Uslijed pada je nastao krater veli\u010dine oko tri metra, i pravo je \u010dudo \u0161to nitko nije ozlie\u0111en. Da je dron pao svega nekoliko desetaka dalje, lako jemogao razru\u0161iti \u010ditavi paviljon studentskog centra.<\/p>\n\n\n\n<p>Postavlja se pitanje za\u0161to niti Rumunjska, niti Ma\u0111arska, iako su obje zemlje \u010dlanice NATO saveza, nisu reagirale i sru\u0161ile dron. Premijer <strong>Andrej Plenkovi\u0107<\/strong>, koji se u vrijeme incidenta nalazio na sastanku \u0161efova dr\u0111ava EU-a u Versaillesu u Francuskoj, kazao je da je Ma\u0111arska strana mislila kako se &#8220;ne radi o ni\u010demu opasnom&#8221; te zato nisu reagirali. Ma\u0111arski premijer <strong>Viktor Orban<\/strong> kasnije je rekao kako do reakcije nije do\u0161lo jer &#8220;Ma\u0111arska ne \u017eeli biti uvu\u010dena u rat&#8221;.<\/p>\n\n\n\n<p>Bilo kako bilo, nakon ovog incidenta protuzra\u010dna obrana Republike Hrvatske, ali i ostalih zemalja \u010dlanica NATO saveza, morat \u0107e pro\u0107i detaljnu analizu i provjeru.<\/p>\n<div id=\"mojev-4129403122\" class=\"mojev-kraj-teksta mojev-entity-placement\" style=\"margin-bottom: 20px;margin-left: auto;margin-right: auto;text-align: center;\"><div class=\"mojev-adlabel\">oglas<\/div><div style=\"height: 250px;\"><script async src=\"https:\/\/pagead2.googlesyndication.com\/pagead\/js\/adsbygoogle.js?client=ca-pub-8106111766207173\"\r\n     crossorigin=\"anonymous\"><\/script>\r\n<!-- Display-1 -->\r\n<ins class=\"adsbygoogle\"\r\n     style=\"display:block\"\r\n     data-ad-client=\"ca-pub-8106111766207173\"\r\n     data-ad-slot=\"1465712950\"\r\n     data-ad-format=\"auto\"\r\n     data-full-width-responsive=\"true\"><\/ins>\r\n<script>\r\n     (adsbygoogle = window.adsbygoogle || []).push({});\r\n<\/script><\/div><\/div>","protected":false},"excerpt":{"rendered":"<p>Bespilotna letjelica TU-141 koja slu\u017ei izvi\u0111anju i snimanju terena, nije imala nikavo naoru\u017eanje ili eksploziv. <\/p>\n","protected":false},"author":4,"featured_media":57343,"comment_status":"closed","ping_status":"closed","sticky":false,"template":"","format":"standard","meta":{"footnotes":""},"categories":[9],"tags":[1785,584,1942,1810,39],"class_list":["post-57385","post","type-post","status-publish","format-standard","has-post-thumbnail","hentry","category-vijesti","tag-dron","tag-jarun","tag-ukrajina","tag-vojska","tag-zagreb"],"_links":{"self":[{"href":"https:\/\/www.mojevrijeme.hr\/magazin\/wp-json\/wp\/v2\/posts\/57385","targetHints":{"allow":["GET"]}}],"collection":[{"href":"https:\/\/www.mojevrijeme.hr\/magazin\/wp-json\/wp\/v2\/posts"}],"about":[{"href":"https:\/\/www.mojevrijeme.hr\/magazin\/wp-json\/wp\/v2\/types\/post"}],"author":[{"embeddable":true,"href":"https:\/\/www.mojevrijeme.hr\/magazin\/wp-json\/wp\/v2\/users\/4"}],"replies":[{"embeddable":true,"href":"https:\/\/www.mojevrijeme.hr\/magazin\/wp-json\/wp\/v2\/comments?post=57385"}],"version-history":[{"count":0,"href":"https:\/\/www.mojevrijeme.hr\/magazin\/wp-json\/wp\/v2\/posts\/57385\/revisions"}],"wp:featuredmedia":[{"embeddable":true,"href":"https:\/\/www.mojevrijeme.hr\/magazin\/wp-json\/wp\/v2\/media\/57343"}],"wp:attachment":[{"href":"https:\/\/www.mojevrijeme.hr\/magazin\/wp-json\/wp\/v2\/media?parent=57385"}],"wp:term":[{"taxonomy":"category","embeddable":true,"href":"https:\/\/www.mojevrijeme.hr\/magazin\/wp-json\/wp\/v2\/categories?post=57385"},{"taxonomy":"post_tag","embeddable":true,"href":"https:\/\/www.mojevrijeme.hr\/magazin\/wp-json\/wp\/v2\/tags?post=57385"}],"curies":[{"name":"wp","href":"https:\/\/api.w.org\/{rel}","templated":true}]}}