{"id":57400,"date":"2022-03-12T13:22:21","date_gmt":"2022-03-12T12:22:21","guid":{"rendered":"https:\/\/www.mojevrijeme.hr\/magazin\/?p=57400"},"modified":"2022-03-12T13:22:21","modified_gmt":"2022-03-12T12:22:21","slug":"otac-u-cakovcu-tuzio-sina-za-uzdrzavanje-sud-potvrdio-djeca-moraju-brinuti-o-roditeljima","status":"publish","type":"post","link":"https:\/\/www.mojevrijeme.hr\/magazin\/2022\/03\/otac-u-cakovcu-tuzio-sina-za-uzdrzavanje-sud-potvrdio-djeca-moraju-brinuti-o-roditeljima\/","title":{"rendered":"Otac u \u010cakovcu tu\u017eio sina za uzdr\u017eavanje, sud potvrdio: Djeca moraju brinuti o roditeljima"},"content":{"rendered":"\n<p>Otac je tu\u017eio sina koji ga odbija uzdr\u017eavati i pobijedio je. Op\u0107inski sud u \u010cakovcu donio je presudu prema kojoj je sin du\u017ean doprinositi za uzdr\u017eavanje svog oca koji je smje\u0161ten u Domu za odrasle osobe, i to s tisu\u0107u kuna mjese\u010dno, javlja <a href=\"https:\/\/www.vecernji.hr\/vijesti\/otac-u-cakovcu-tuzio-sina-jer-ga-odbija-uzdrzavati-sud-odredio-isplatu-od-tisucu-kuna-mjesecno-1570276\" target=\"_blank\" rel=\"noreferrer noopener\">Ve\u010dernji list<\/a>. <\/p>\n\n\n\n<p>Otac je u\u00a0tu\u017ebi naveo da mu je rje\u0161enjem Centra za socijalnu skrb priznato pravo na socijalnu uslugu privremenog smje\u0161taja u Domu za odrasle osobe, gdje je puna cijena smje\u0161tana 4500 kuna. Radno je nesposoban i korisnik invalidske mirovine od 1400 kuna. <\/p>\n\n\n\n<p>Ima troje punoljetne djece, od kojih je dvoje pristalo pla\u0107ati smje\u0161taj, no naknadno su oslobo\u0111eni sudjelovanja u tro\u0161kovima zbog slabijeg imovinskog stanja. Smje\u0161taj u Domu do pune cijene podmiruje Ministarstvo za demografiju, obitelj, mlade i socijalnu politiku. <\/p><div id=\"mojev-2346552984\" class=\"mojev-u-tekstu mojev-entity-placement\" style=\"margin-left: auto;margin-right: auto;text-align: center;\"><div class=\"mojev-adlabel\">oglas<\/div><div style=\"height: 250px;\"><script async src=\"https:\/\/pagead2.googlesyndication.com\/pagead\/js\/adsbygoogle.js?client=ca-pub-8106111766207173\"\r\n     crossorigin=\"anonymous\"><\/script>\r\n<!-- Prikazni 1 u tekstu -->\r\n<ins class=\"adsbygoogle\"\r\n     style=\"display:block\"\r\n     data-ad-client=\"ca-pub-8106111766207173\"\r\n     data-ad-slot=\"8535551207\"\r\n     data-ad-format=\"auto\"\r\n     data-full-width-responsive=\"true\"><\/ins>\r\n<script>\r\n     (adsbygoogle = window.adsbygoogle || []).push({});\r\n<\/script><\/div><\/div><br style=\"clear: both; display: block; float: none;\"\/>\n\n\n\n<p>Tu\u017eeni sin je rekao da je najstariji od troje punoljetne djece i da otac pomo\u0107 mo\u017ee tra\u017eiti i od dvoje mla\u0111e djece, a osim toga, dodao je, otac bi prodajom dijela oranice kojoj je suvlasnik mogao sam platiti dio tro\u0161kova. Sud je podsjetio da je sukladno \u010dl. 292. st. 1. Obiteljskog zakona punoljetno dijete du\u017eno uzdr\u017eavati roditelja koji nije sposoban za rad i nema dovoljno sredstava za \u017eivot ili ih ne mo\u017ee ostvariti iz svoje imovine. Dijete se, ka\u017ee zakon, mo\u017ee osloboditi du\u017enosti uzdr\u017eavanja roditelja koji ga iz neopravdanih razloga nije uzdr\u017eavao u vrijeme kada je to bila njegova zakonska obveza. Sud je utvrdio i da suvlasni\u0161tvo oranice od 480 \u010detvornih hvati nije dostatno za pokrivanje tro\u0161kova, pa da sin koji je radno sposoban treba pomo\u0107i ocu, pi\u0161e <a href=\"https:\/\/www.vecernji.hr\/vijesti\/otac-u-cakovcu-tuzio-sina-jer-ga-odbija-uzdrzavati-sud-odredio-isplatu-od-tisucu-kuna-mjesecno-1570276\" target=\"_blank\" rel=\"noreferrer noopener\">Ve\u010dernji<\/a>.<\/p>\n<div id=\"mojev-1930650644\" class=\"mojev-kraj-teksta mojev-entity-placement\" style=\"margin-bottom: 20px;margin-left: auto;margin-right: auto;text-align: center;\"><div class=\"mojev-adlabel\">oglas<\/div><div style=\"height: 250px;\"><script async src=\"https:\/\/pagead2.googlesyndication.com\/pagead\/js\/adsbygoogle.js?client=ca-pub-8106111766207173\"\r\n     crossorigin=\"anonymous\"><\/script>\r\n<!-- Display-1 -->\r\n<ins class=\"adsbygoogle\"\r\n     style=\"display:block\"\r\n     data-ad-client=\"ca-pub-8106111766207173\"\r\n     data-ad-slot=\"1465712950\"\r\n     data-ad-format=\"auto\"\r\n     data-full-width-responsive=\"true\"><\/ins>\r\n<script>\r\n     (adsbygoogle = window.adsbygoogle || []).push({});\r\n<\/script><\/div><\/div>","protected":false},"excerpt":{"rendered":"<p>Obveza uzdr\u017eavanja roditelja od strane punoljetne djece temelji se i na ustavnoj obvezi djece da se brinu za stare i nemo\u0107ne roditelje \u2013 navedeno je u presudi.<\/p>\n","protected":false},"author":1,"featured_media":51196,"comment_status":"closed","ping_status":"closed","sticky":false,"template":"","format":"standard","meta":{"footnotes":""},"categories":[9],"tags":[1457,198,1024],"class_list":["post-57400","post","type-post","status-publish","format-standard","has-post-thumbnail","hentry","category-vijesti","tag-cakovec","tag-obitelj","tag-uzdrzavanje"],"_links":{"self":[{"href":"https:\/\/www.mojevrijeme.hr\/magazin\/wp-json\/wp\/v2\/posts\/57400","targetHints":{"allow":["GET"]}}],"collection":[{"href":"https:\/\/www.mojevrijeme.hr\/magazin\/wp-json\/wp\/v2\/posts"}],"about":[{"href":"https:\/\/www.mojevrijeme.hr\/magazin\/wp-json\/wp\/v2\/types\/post"}],"author":[{"embeddable":true,"href":"https:\/\/www.mojevrijeme.hr\/magazin\/wp-json\/wp\/v2\/users\/1"}],"replies":[{"embeddable":true,"href":"https:\/\/www.mojevrijeme.hr\/magazin\/wp-json\/wp\/v2\/comments?post=57400"}],"version-history":[{"count":0,"href":"https:\/\/www.mojevrijeme.hr\/magazin\/wp-json\/wp\/v2\/posts\/57400\/revisions"}],"wp:featuredmedia":[{"embeddable":true,"href":"https:\/\/www.mojevrijeme.hr\/magazin\/wp-json\/wp\/v2\/media\/51196"}],"wp:attachment":[{"href":"https:\/\/www.mojevrijeme.hr\/magazin\/wp-json\/wp\/v2\/media?parent=57400"}],"wp:term":[{"taxonomy":"category","embeddable":true,"href":"https:\/\/www.mojevrijeme.hr\/magazin\/wp-json\/wp\/v2\/categories?post=57400"},{"taxonomy":"post_tag","embeddable":true,"href":"https:\/\/www.mojevrijeme.hr\/magazin\/wp-json\/wp\/v2\/tags?post=57400"}],"curies":[{"name":"wp","href":"https:\/\/api.w.org\/{rel}","templated":true}]}}