{"id":57498,"date":"2022-03-16T17:27:41","date_gmt":"2022-03-16T16:27:41","guid":{"rendered":"https:\/\/www.mojevrijeme.hr\/magazin\/?p=57498"},"modified":"2022-03-18T12:14:12","modified_gmt":"2022-03-18T11:14:12","slug":"milanovic-o-prelijetanju-vojnih-zrakoplova-grubo-se-uznemiravaju-ljudi","status":"publish","type":"post","link":"https:\/\/www.mojevrijeme.hr\/magazin\/2022\/03\/milanovic-o-prelijetanju-vojnih-zrakoplova-grubo-se-uznemiravaju-ljudi\/","title":{"rendered":"Milanovi\u0107 o prelijetanju vojnih zrakoplova: Grubo se uznemiravaju ljudi"},"content":{"rendered":"\n<p>Predsjednik <strong>Zoran Milanovi\u0107<\/strong> objasnio je za\u0161to je ju\u010der izdao zapovijed o zabrani prilijetanja vojnih zrakoplova nad Zagrebom i ostalim gradovima u Hrvatskoj.  <\/p>\n\n\n\n<p>&#8220;Po meni, ali i nizu reakcija gra\u0111ana, do\u0161lo je do grubog i nepotrebnog uznemiravanja ljudi u situaciji koja je nabijana emocijama, strahom zbog onoga \u0161to se doga\u0111alo zadnjih dana i dobio sam o\u010ditovanje na\u010delnika glavnog sto\u017eera&#8221;, objasnio je Milanovi\u0107.  Naime, ju\u010der je odr\u017eana zajedni\u010dka vje\u017eba hrvatskih pilota u Migovima i francuskih u Rafaleima iznad Zagreba, i to bez probijanja zvu\u010dnog zida, \u0161to je dijelu gra\u0111ana bio \u010dak i atraktivan prizor.<\/p>\n\n\n\n<p>&#8220;Radi se o aktivnostima za koje sam na\u010delno dao suglasnost. Detaljima se ne bavim. Smatram da hrvatska vojska mora vje\u017ebati i to se radi i odra\u0111uje. Hrvatska nije velika dr\u017eava, ali je dovoljno velika i na kopnu i na moru da se takve vrste vje\u017ebe mogu odvijati na drugim prostorima ili na drugim visinama ili na manjim visinama kao ju\u010der u Zagrebu, bez da se ljudima zaledi krv u \u017eilama&#8221;, rekao je predsjednik.<\/p><div id=\"mojev-1064261170\" class=\"mojev-u-tekstu mojev-entity-placement\" style=\"margin-left: auto;margin-right: auto;text-align: center;\"><div class=\"mojev-adlabel\">oglas<\/div><div style=\"height: 250px;\"><script async src=\"https:\/\/pagead2.googlesyndication.com\/pagead\/js\/adsbygoogle.js?client=ca-pub-8106111766207173\"\r\n     crossorigin=\"anonymous\"><\/script>\r\n<!-- Prikazni 1 u tekstu -->\r\n<ins class=\"adsbygoogle\"\r\n     style=\"display:block\"\r\n     data-ad-client=\"ca-pub-8106111766207173\"\r\n     data-ad-slot=\"8535551207\"\r\n     data-ad-format=\"auto\"\r\n     data-full-width-responsive=\"true\"><\/ins>\r\n<script>\r\n     (adsbygoogle = window.adsbygoogle || []).push({});\r\n<\/script><\/div><\/div><br style=\"clear: both; display: block; float: none;\"\/>\n\n\n\n<p>U odnosu na ju\u010dera\u0161nju potpuno zabranu prelijetanja gradova, Milanovi\u0107 je reterirao pa je sada mogu\u0107e letjeti nad naseljenim podru\u010djima, ali na visini ve\u0107oj od 600 metara. Tako se danas iznad Istre, Kvarnera, Like i Korduna provodi zajedni\u010dko letenje i uvje\u017ebavanje Hrvatskog ratnog zrakoplovstva, francuskih pilota aviona Rafale i ameri\u010dkih F16.&nbsp;<\/p>\n<div id=\"mojev-2532877119\" class=\"mojev-kraj-teksta mojev-entity-placement\" style=\"margin-bottom: 20px;margin-left: auto;margin-right: auto;text-align: center;\"><div class=\"mojev-adlabel\">oglas<\/div><div style=\"height: 250px;\"><script async src=\"https:\/\/pagead2.googlesyndication.com\/pagead\/js\/adsbygoogle.js?client=ca-pub-8106111766207173\"\r\n     crossorigin=\"anonymous\"><\/script>\r\n<!-- Display-1 -->\r\n<ins class=\"adsbygoogle\"\r\n     style=\"display:block\"\r\n     data-ad-client=\"ca-pub-8106111766207173\"\r\n     data-ad-slot=\"1465712950\"\r\n     data-ad-format=\"auto\"\r\n     data-full-width-responsive=\"true\"><\/ins>\r\n<script>\r\n     (adsbygoogle = window.adsbygoogle || []).push({});\r\n<\/script><\/div><\/div>","protected":false},"excerpt":{"rendered":"<p>U odnosu na ju\u010dera\u0161nju potpuno zabranu prelijetanja gradova, Milanovi\u0107 je reterirao pa je sada mogu\u0107e letjeti nad naseljenim podru\u010djima, ali na visini ve\u0107oj od 600 metara.<\/p>\n","protected":false},"author":1,"featured_media":57499,"comment_status":"closed","ping_status":"closed","sticky":false,"template":"","format":"standard","meta":{"footnotes":""},"categories":[9],"tags":[300],"class_list":["post-57498","post","type-post","status-publish","format-standard","has-post-thumbnail","hentry","category-vijesti","tag-zoran-milanovic"],"_links":{"self":[{"href":"https:\/\/www.mojevrijeme.hr\/magazin\/wp-json\/wp\/v2\/posts\/57498","targetHints":{"allow":["GET"]}}],"collection":[{"href":"https:\/\/www.mojevrijeme.hr\/magazin\/wp-json\/wp\/v2\/posts"}],"about":[{"href":"https:\/\/www.mojevrijeme.hr\/magazin\/wp-json\/wp\/v2\/types\/post"}],"author":[{"embeddable":true,"href":"https:\/\/www.mojevrijeme.hr\/magazin\/wp-json\/wp\/v2\/users\/1"}],"replies":[{"embeddable":true,"href":"https:\/\/www.mojevrijeme.hr\/magazin\/wp-json\/wp\/v2\/comments?post=57498"}],"version-history":[{"count":0,"href":"https:\/\/www.mojevrijeme.hr\/magazin\/wp-json\/wp\/v2\/posts\/57498\/revisions"}],"wp:featuredmedia":[{"embeddable":true,"href":"https:\/\/www.mojevrijeme.hr\/magazin\/wp-json\/wp\/v2\/media\/57499"}],"wp:attachment":[{"href":"https:\/\/www.mojevrijeme.hr\/magazin\/wp-json\/wp\/v2\/media?parent=57498"}],"wp:term":[{"taxonomy":"category","embeddable":true,"href":"https:\/\/www.mojevrijeme.hr\/magazin\/wp-json\/wp\/v2\/categories?post=57498"},{"taxonomy":"post_tag","embeddable":true,"href":"https:\/\/www.mojevrijeme.hr\/magazin\/wp-json\/wp\/v2\/tags?post=57498"}],"curies":[{"name":"wp","href":"https:\/\/api.w.org\/{rel}","templated":true}]}}