{"id":57647,"date":"2022-03-23T08:48:47","date_gmt":"2022-03-23T07:48:47","guid":{"rendered":"https:\/\/www.mojevrijeme.hr\/magazin\/?p=57647"},"modified":"2022-03-23T19:45:58","modified_gmt":"2022-03-23T18:45:58","slug":"od-meksika-do-makedonije-gospoda-vera-76-u-mirovini-zivi-za-unuke-i-putovanja","status":"publish","type":"post","link":"https:\/\/www.mojevrijeme.hr\/magazin\/2022\/03\/od-meksika-do-makedonije-gospoda-vera-76-u-mirovini-zivi-za-unuke-i-putovanja\/","title":{"rendered":"Od Meksika do Makedonije: Gospo\u0111a Vera (76) u mirovini \u017eivi za unuke i putovanja"},"content":{"rendered":"\n<p>Djevoj\u010dice su pripremale torbe za popodnevnu nastavu u \u0161koli, a baka im je s ljubavlju servirala ru\u010dak. Uz \u0161alu i smijeh \u0161kolarke su pojele doma\u0107e \u0161trukle, stavile torbu na rame, &#8220;otpuhnule&#8221; baki poljubac i iza\u0161le. Ma\u0161u\u0107i im s terase, <strong>gospo\u0111a Vera \u0160imunkovi\u0107<\/strong> mi ka\u017ee: &#8220;Ne mogu ni izre\u0107i koliko sam sretna \u0161to je moja <strong>k\u0107i Helena<\/strong> s djecom ostala \u017eivjeti u obiteljskoj ku\u0107i. Ni\u0161ta mi nije te\u0161ko napraviti za njih, ali ni njima za mene. To je blagoslov.&#8221;<\/p>\n\n\n\n<p>Ispri\u010dala je potom da je \u017eivot nije uvijek mazio, bilo je tu, re\u0107i \u0107e, &#8220;padanja i dizanja, jer naposljetku, svatko kri\u017e svoj nosi&#8221;.<\/p>\n\n\n\n<h3 class=\"wp-block-heading\">Gubitak supruga i rad do 70-te godine \u017eivota<\/h3>\n\n\n\n<p>&#8220;Suprug mi je umro kad sam imala 58 godina. Imali smo privatnu gra\u0111evinsku tvrtku s vi\u0161e od dvadeset zaposlenih, koju je trebalo nastaviti voditi. Uz golemu tugu koja me godinama nije napu\u0161tala, ulagala sam nadljudske napore da ne pokleknem. Od ranog bih jutra bila na gradili\u0161tu, \u010desto po sastancima, nave\u010der bih vodila poslovne knjige, pisala ponude. I nakon \u0161to sam stekla uvjete za mirovinu, nastavila sam raditi, to mi je pomoglo da se ne prepustim o\u010daju&#8221;, ispri\u010dala nam je gospo\u0111a \u0160imunkovi\u0107.<\/p><div id=\"mojev-4276221344\" class=\"mojev-u-tekstu mojev-entity-placement\" style=\"margin-left: auto;margin-right: auto;text-align: center;\"><div class=\"mojev-adlabel\">oglas<\/div><div style=\"height: 250px;\"><script async src=\"https:\/\/pagead2.googlesyndication.com\/pagead\/js\/adsbygoogle.js?client=ca-pub-8106111766207173\"\r\n     crossorigin=\"anonymous\"><\/script>\r\n<!-- Prikazni 1 u tekstu -->\r\n<ins class=\"adsbygoogle\"\r\n     style=\"display:block\"\r\n     data-ad-client=\"ca-pub-8106111766207173\"\r\n     data-ad-slot=\"8535551207\"\r\n     data-ad-format=\"auto\"\r\n     data-full-width-responsive=\"true\"><\/ins>\r\n<script>\r\n     (adsbygoogle = window.adsbygoogle || []).push({});\r\n<\/script><\/div><\/div><br style=\"clear: both; display: block; float: none;\"\/>\n\n\n\n<p>Tek se nakon sedamdesete godine \u017eivota povukla iz radnog svijeta, i tada se vi\u0161e posvetila unukama, vrtlarenju, odlascima u kino i kazali\u0161te te osobito &#8211; putovanjima.<\/p>\n\n\n\n<h3 class=\"wp-block-heading\">Sve \u010dari putovanja<\/h3>\n\n\n\n<p>&#8220;Putovala sam i prije sa suprugom, ali kako on nije volio i\u0107i zrakoplovom, daleke sam destinacije krenula upoznavati tek posljednjih petnaestak godina. Bila sam tako u <strong>Meksiku, Kini, New Yorku, \u0160panjolskoj, Gr\u010dkoj, Tunisu, Maroku, Egiptu<\/strong>, \u010dak \u0161est puta proputovala sam <strong>Tursku<\/strong>. Iskreno, naj\u010de\u0161\u0107e sam putovala sama, preko agencije. Na putu bih uvijek upoznala divne ljude i nikada se nisam osje\u0107ala ni samom, ni usamljenom. Koja li su se samo prijateljstva za cijeli \u017eivot ra\u0111ala na tim solo izletima, ba\u0161 zato \u0161to nisam bila usmjerena na osobu ili grupicu poznatih, ve\u0107 sam bila otvorena prema svima. I vjerujte mi, nisam jedina umirovljenica koja putuje sama&#8221;, doznajemo od gospo\u0111e Vere.<\/p>\n\n\n\n<p>No, u <strong>Makedoniju<\/strong> se ipak otisnula u dru\u0161tvu. Bilo je to organizirano dru\u017eenje \u010detiriju prijateljica koje se ve\u0107 12 godina nalaze jednom godi\u0161nje, uvijek na nekoj drugoj destinaciji. To su, uz gospo\u0111u <strong>Veru<\/strong>, 78-godi\u0161nja <strong>Smiljana<\/strong> iz Karlovca, 42-godi\u0161nja <strong>Maja<\/strong> iz Svete Nedelje, te 37-godi\u0161nja <strong>Kristina<\/strong>, rodom Vara\u017edinka s pari\u0161kom adresom.<\/p>\n\n\n\n<figure class=\"wp-block-image size-large\"><img loading=\"lazy\" decoding=\"async\" width=\"740\" height=\"444\" src=\"https:\/\/www.mojevrijeme.hr\/magazin\/wp-content\/uploads\/2022\/03\/vera-siunkovic-provod-740x444.jpg\" alt=\"\" class=\"wp-image-57674\" srcset=\"https:\/\/www.mojevrijeme.hr\/magazin\/wp-content\/uploads\/2022\/03\/vera-siunkovic-provod-740x444.jpg 740w, https:\/\/www.mojevrijeme.hr\/magazin\/wp-content\/uploads\/2022\/03\/vera-siunkovic-provod-636x382.jpg 636w, https:\/\/www.mojevrijeme.hr\/magazin\/wp-content\/uploads\/2022\/03\/vera-siunkovic-provod-768x461.jpg 768w, https:\/\/www.mojevrijeme.hr\/magazin\/wp-content\/uploads\/2022\/03\/vera-siunkovic-provod-1536x922.jpg 1536w, https:\/\/www.mojevrijeme.hr\/magazin\/wp-content\/uploads\/2022\/03\/vera-siunkovic-provod-1500x900.jpg 1500w, https:\/\/www.mojevrijeme.hr\/magazin\/wp-content\/uploads\/2022\/03\/vera-siunkovic-provod-1600x960.jpg 1600w, https:\/\/www.mojevrijeme.hr\/magazin\/wp-content\/uploads\/2022\/03\/vera-siunkovic-provod-590x354.jpg 590w, https:\/\/www.mojevrijeme.hr\/magazin\/wp-content\/uploads\/2022\/03\/vera-siunkovic-provod-400x240.jpg 400w, https:\/\/www.mojevrijeme.hr\/magazin\/wp-content\/uploads\/2022\/03\/vera-siunkovic-provod-1000x600.jpg 1000w, https:\/\/www.mojevrijeme.hr\/magazin\/wp-content\/uploads\/2022\/03\/vera-siunkovic-provod-820x492.jpg 820w, https:\/\/www.mojevrijeme.hr\/magazin\/wp-content\/uploads\/2022\/03\/vera-siunkovic-provod-1080x648.jpg 1080w, https:\/\/www.mojevrijeme.hr\/magazin\/wp-content\/uploads\/2022\/03\/vera-siunkovic-provod.jpg 2000w\" sizes=\"auto, (max-width: 740px) 100vw, 740px\" \/><figcaption>Gospo\u0111a Vera u provodu s prijateljicama Smiljom, Kristinom i Majom (foto: privatni album)<\/figcaption><\/figure>\n\n\n\n<p>Gospo\u0111a Vera otkrila nam je i kako se rodilo ovo veliko prijateljstvo. &#8220;Moja Smilja i ja prve smo susjede u Njivicama na otoku Krku gdje imamo vikendice. Dru\u017eimo se ve\u0107 preko trideset godina, a ona mi je i suputnica na ponekom od mojih putovanja. Tako smo prije 12 godina u Tunisu upoznale dvije prekrasne mlade djevojke, prijateljice Kristinu i Maju. Unato\u010d razlici u godinama, toliko smo se zbli\u017eile s njima, da se \u010dujemo barem tri, \u010detiri puta mjese\u010dno, a nalazimo se najmanje jednom godi\u0161nje. Ove je godine odluka pala na Makedoniju. Naime, Kristinu je njezina francusko-belgijska tvrtka anga\u017eirala na kratkoro\u010dnom projektu u ju\u017enoj Srbiji pa je Skopje zvu\u010dalo kao zanimljiva destinacija na koju je ona mogla do\u0107i automobilom. I nismo po\u017ealile, provele smo se kao nikad, ne sje\u0107am se kad sam zadnji put tako opustila! U\u017eivale smo u razgledavanju, makedonskoj hrani, izvrsnim vinima, \u017eivoj muzici do kasno u no\u0107. Evo i glas sam zamalo izgubila! I naravno, cijene su ondje povoljnije nego kod nas pa je u\u017eitak bio jo\u0161 ve\u0107i&#8221;, povjerila nam je umirovljenica govore\u0107i \u017earom poput kakve mlade djevojke.<\/p>\n\n\n\n<p>Potom je dodala: &#8220;Toliko smo se glasno smijale svih tih pet dana, da smo, gdje god bi se pojavile, imale neki poseban tretman. Zaboravila sam napokon na pandemiju koja mi je odnijela nekoliko prijatelja, i na potres koji nam je te\u0161ko o\u0161tetio ku\u0107u.&#8221;<\/p>\n\n\n\n<h3 class=\"wp-block-heading\">Te\u0161ki dani nakon stradanja ku\u0107e u potresu<\/h3>\n\n\n\n<p>Tog ranog jutra, za onog prvog, zagreba\u010dkog potresa s epicentrom nedaleko od Marku\u0161evca, gospo\u0111u Veru probudio je tutanj, a potom se ku\u0107a tresla, ka\u017ee, u svim smjerovima. &#8220;Bila sam na katu i najprije po\u010dela vikati k\u0107eri da s unukama istr\u010di na ulicu. Osobno, od \u0161oka i nevjerice, nisam se mogla pomaknuti \u2013 ostala sam le\u017eati na podu i slu\u0161ala kako pucaju zidovi, pada \u017ebuka, poskakuje crijep na krovu. Tek kad se sve smirilo, iza\u0161la sam van. Da u\u017eas bude ve\u0107i, krenuo je padati snijeg. Ma ne smijem se toga ni sjetiti&#8221;, rekla nam je glasom u kojem se i danas nazire drhtaj.<\/p>\n\n\n\n<p>Otkrila nam je potom i da joj je odmah bilo jasno da je ku\u0107a od tog trenutka neuseljiva, ta gra\u0111evina joj je u malom prstu. Popucali su nosivi zidovi i bilo je jasno da \u0107e obnova biti itekako zahtjevna. &#8220;Nu\u017ene smo stvari preselili u mali prostor koji smo nadogradili na ku\u0107u za potrebe ureda, taj je dio ostao \u010ditav. Ve\u0107 sutradan smo pozvali procjenitelje, dobili smo \u017eutu naljepnicu na ku\u0107i. Ni k\u0107i ni ja nismo htjele odseliti i tek potom krenuti prikupljati papire za obnovu. Mi smo se odmah krenule raspitivati kako i koga anga\u017eirati za radove, s mi\u0161lju da \u0107emo naknadno\u00a0od dr\u017eave tra\u017eiti povrat bar dijela ulo\u017eenog novca&#8221;, otkriva gospo\u0111a Vera.<\/p>\n\n\n\n<p>Tada su se, ka\u017ee, vrata po\u010dela sama otvarati. Nakon \u0161to je ku\u0107u pregledao stati\u010dar i dao im osnovne savjete, prijatelj im je preporu\u010dio majstore koji \u0107e stru\u010dno postaviti \u017eeljezno oja\u010danje. Prijatelji k\u0107eri Helene sami su se javljali za pomo\u0107. &#8220;Jednog jutra ispred ku\u0107e je bilo dvanaest mladih ljudi, od kojih pola nisam ni poznavala, svi su do\u0161li raditi na ku\u0107i. Neki od njih mo\u017eda nikad nisu bili na krovu, a popeli su se i radili. Nikad taj prizor ne\u0107u zaboraviti. Ulo\u017eila sam u\u0161te\u0111evinu, dio su nam tro\u0161kova tako\u0111er pomogli pokriti prijatelji. Ku\u0107u smo obnovili za to\u010dno 35 dana. Iako nam je dr\u017eava odbila vratiti makar i kunu za obnovu, sada sam svjesna da smo imali sre\u0107e \u0161to smo se tako brzo pribrali i krenuli u akciju, jer je kasnije bilo sve te\u017ee do\u0107i do majstora, a cijene gra\u0111evinskog materijala krenule su skakati u nebo. Najstra\u0161nije je to \u0161to ljudi oko nas, koji se nisu mogli sami sna\u0107i, i danas \u017eive u kontejnerima&#8221;, napominje na\u0161a sugovornica.<\/p>\n\n\n\n<p>Tu je i opet progovorila o prijateljici Smiljani. &#8220;Pa eto, dodala bih jo\u0161 koju rije\u010d o tome koliko nam u \u017eivotu zna\u010de prijatelji. Kad je Smiljani stradao obiteljski stan u Domovinskom ratu, suprug i ja dali smo sve od sebe ne bi li im bar malo pomogli. Kad je gotovo tri desetlje\u0107a kasnije meni u\u017easno stradala ku\u0107a, njezina je obitelj odmah prisko\u010dila. Nitko nije morao ni\u0161ta ni re\u0107i ni pitati&#8221;, isti\u010de gospo\u0111a Vera.<\/p>\n\n\n\n<h3 class=\"wp-block-heading\">Ispunjen i smislen \u017eivot u mirovini<\/h3>\n\n\n\n<p>Svakodnevica gospo\u0111e Vere smisleno je ispunjena od ranog jutra pa sve do lijeganja u krevet s kri\u017ealjkom. &#8220;Redovito ustajem u 6.45, najprije popijem kavu i toplu vodu s medom. U 7 sati bude se unu\u010dice, a k\u0107i odlazi na posao. Ja potom djevoj\u010dicama serviram doru\u010dak i ispratim ih u \u0161kolu. Tada doru\u010dkujem, pro\u0161e\u0107em na\u0161a dva psa, a onda po potrebi autom odlazim u nabavku namirnica. Naj\u010de\u0161\u0107e kuham ono \u0161to unuke najvi\u0161e vole, a to su ri\u017eoto, \u0161pagete bolonjez, pohana piletina, sarma od slatkog zelja, \u0107ufte, punjene paprike\u2026 Voljela bih da jedu vi\u0161e povr\u0107a, ali kad spomenem blitvu, njima bude smije\u0161no. No, zato im \u010de\u0161\u0107e nudim vo\u0107e&#8221;, ispri\u010dala je.<\/p>\n\n\n\n<figure class=\"wp-block-image size-large\"><img loading=\"lazy\" decoding=\"async\" width=\"740\" height=\"444\" src=\"https:\/\/www.mojevrijeme.hr\/magazin\/wp-content\/uploads\/2022\/03\/vera-simunkovic-unuke-740x444.jpg\" alt=\"\" class=\"wp-image-57670\" srcset=\"https:\/\/www.mojevrijeme.hr\/magazin\/wp-content\/uploads\/2022\/03\/vera-simunkovic-unuke-740x444.jpg 740w, https:\/\/www.mojevrijeme.hr\/magazin\/wp-content\/uploads\/2022\/03\/vera-simunkovic-unuke-636x382.jpg 636w, https:\/\/www.mojevrijeme.hr\/magazin\/wp-content\/uploads\/2022\/03\/vera-simunkovic-unuke-768x461.jpg 768w, https:\/\/www.mojevrijeme.hr\/magazin\/wp-content\/uploads\/2022\/03\/vera-simunkovic-unuke-1536x922.jpg 1536w, https:\/\/www.mojevrijeme.hr\/magazin\/wp-content\/uploads\/2022\/03\/vera-simunkovic-unuke-1500x900.jpg 1500w, https:\/\/www.mojevrijeme.hr\/magazin\/wp-content\/uploads\/2022\/03\/vera-simunkovic-unuke-1600x960.jpg 1600w, https:\/\/www.mojevrijeme.hr\/magazin\/wp-content\/uploads\/2022\/03\/vera-simunkovic-unuke-590x354.jpg 590w, https:\/\/www.mojevrijeme.hr\/magazin\/wp-content\/uploads\/2022\/03\/vera-simunkovic-unuke-400x240.jpg 400w, https:\/\/www.mojevrijeme.hr\/magazin\/wp-content\/uploads\/2022\/03\/vera-simunkovic-unuke-1000x600.jpg 1000w, https:\/\/www.mojevrijeme.hr\/magazin\/wp-content\/uploads\/2022\/03\/vera-simunkovic-unuke-820x492.jpg 820w, https:\/\/www.mojevrijeme.hr\/magazin\/wp-content\/uploads\/2022\/03\/vera-simunkovic-unuke-1080x648.jpg 1080w, https:\/\/www.mojevrijeme.hr\/magazin\/wp-content\/uploads\/2022\/03\/vera-simunkovic-unuke.jpg 2000w\" sizes=\"auto, (max-width: 740px) 100vw, 740px\" \/><figcaption>Baka Vera ispra\u0107a unu\u010dice u \u0161kolu:  Ni\u0161ta mi nije te\u0161ko napraviti za njih (foto: Gordana Arh)<\/figcaption><\/figure>\n\n\n\n<p>Nakon ru\u010dka, gospo\u0111a Vera se, ka\u017ee, posve\u0107uje ku\u0107anskim poslovima. &#8220;Kad odradim sve \u0161to sam si zacrtala taj dan, obavezno palim TV i gledam Potjeru, Dnevnik i potom jednu tursku sapunicu. Katkad uleti i pokoji dobar film, a volim se, i to sama, zaletjeti i u kino ili kazali\u0161te&#8221;, otkrila je i dodala da s prvim proljetnim zatopljenjem zapo\u010dinje i s vrtlarenjem oko ku\u0107e. &#8220;Osim \u0161to imam puno posla oko cvije\u0107a, u maloj gredici i ove godine planiram posaditi raj\u010dicu, papriku, patlid\u017eane i tikvice. Ni\u0161ta pretjerano, ali itekako veseli kad do\u0111u prvi plodovi&#8221;, govori.<\/p>\n\n\n\n<p>A kad u lipnju zavr\u0161i \u0161kolska godina, k\u0107i Helena preuzima brigu o vrtu, a ova bri\u017ena umirovljenica unu\u010dice vodi na more. &#8220;Sa mnom idu <strong>Tina i Maja<\/strong>, a onda nam se, ovisno o godi\u0161njim odmorima, priklju\u010de i <strong>sin Robert i snaha Danijela<\/strong> te njihova djeca, moje unuke <strong>Marta, Marina i najstarija Mirta<\/strong>, koja mi je podarila i <strong>praunu\u010dicu Zitu<\/strong>. Volim kad smo svi na okupu&#8221;, rekla je gospo\u0111a Vera, ina\u010de ro\u0111ena Ni\u0161anka koja je u Zagreb do\u0161la s 19 godina &#8211; poga\u0111ate, zbog ljubavi!<\/p>\n\n\n\n<p>Ostala joj je, otkrila je za kraj, jo\u0161 samo poneka neostvarena \u017eelja. &#8220;Voljela bih u skorijoj budu\u0107nosti posjetiti Portugal i skandinavske zemlje. Nadam se da \u0107u na jednu od tih destinacija uspjeti otputovati jo\u0161 ove godine, bude li zdravlja i naravno, mira u svijetu&#8221;, rekla je. A budu\u0107i da se ova optimisti\u010dna, samouvjerena i hrabra \u017eena uvijek svojski potrudi ostvariti ono \u0161to naumi, nimalo me ne bi za\u010dudilo da mi uskoro po\u0161alje razglednicu.<\/p>\n\n\n\n<div id=\"blokovi\">Ovaj prilog nastao je uz potporu Fonda za poticanje pluralizma i raznovrsnosti elektroni\u010dkih medija u okviru projekta \u201cS godinama bolji &#8211; Aktivno i zdravo starenje\u201d<\/div>\n<div id=\"mojev-317377972\" class=\"mojev-kraj-teksta mojev-entity-placement\" style=\"margin-bottom: 20px;margin-left: auto;margin-right: auto;text-align: center;\"><div class=\"mojev-adlabel\">oglas<\/div><div style=\"height: 250px;\"><script async src=\"https:\/\/pagead2.googlesyndication.com\/pagead\/js\/adsbygoogle.js?client=ca-pub-8106111766207173\"\r\n     crossorigin=\"anonymous\"><\/script>\r\n<!-- Display-1 -->\r\n<ins class=\"adsbygoogle\"\r\n     style=\"display:block\"\r\n     data-ad-client=\"ca-pub-8106111766207173\"\r\n     data-ad-slot=\"1465712950\"\r\n     data-ad-format=\"auto\"\r\n     data-full-width-responsive=\"true\"><\/ins>\r\n<script>\r\n     (adsbygoogle = window.adsbygoogle || []).push({});\r\n<\/script><\/div><\/div>","protected":false},"excerpt":{"rendered":"<p>Kad me na prvi dan prolje\u0107a gospo\u0111a Vera \u0160imunkovi\u0107 (76) ugostila u svom domu u Marku\u0161evcu, jo\u0161 je bila sva pod dojmovima s putovanja u Makedoniju iz koje se vratila dan ranije. &#8216;Otkako sam u mirovini, putovanja su ne\u0161to \u0161to me najvi\u0161e ispunjava i veseli, no mnoge mi su mi planove pomrsili potres i pandemija. Zato je ovo putovanje, prvo nakon vi\u0161e od dvije godine, bilo jedno od onih u kojima sam u\u017eivala u svakom trenutku&#8217;, zapo\u010dela je na\u0161 razgovor ova temperamentna umirovljenica dok su ku\u0107om odjekivali zvonki glasovi njezinih unu\u010dica Tine i Maje.<\/p>\n","protected":false},"author":15,"featured_media":57668,"comment_status":"closed","ping_status":"closed","sticky":false,"template":"","format":"standard","meta":{"footnotes":""},"categories":[85,2853],"tags":[957,198,741],"class_list":["post-57647","post","type-post","status-publish","format-standard","has-post-thumbnail","hentry","category-aktivno-starenje","category-zivim-ucim-rastem","tag-mirovina","tag-obitelj","tag-putovanje"],"_links":{"self":[{"href":"https:\/\/www.mojevrijeme.hr\/magazin\/wp-json\/wp\/v2\/posts\/57647","targetHints":{"allow":["GET"]}}],"collection":[{"href":"https:\/\/www.mojevrijeme.hr\/magazin\/wp-json\/wp\/v2\/posts"}],"about":[{"href":"https:\/\/www.mojevrijeme.hr\/magazin\/wp-json\/wp\/v2\/types\/post"}],"author":[{"embeddable":true,"href":"https:\/\/www.mojevrijeme.hr\/magazin\/wp-json\/wp\/v2\/users\/15"}],"replies":[{"embeddable":true,"href":"https:\/\/www.mojevrijeme.hr\/magazin\/wp-json\/wp\/v2\/comments?post=57647"}],"version-history":[{"count":0,"href":"https:\/\/www.mojevrijeme.hr\/magazin\/wp-json\/wp\/v2\/posts\/57647\/revisions"}],"wp:featuredmedia":[{"embeddable":true,"href":"https:\/\/www.mojevrijeme.hr\/magazin\/wp-json\/wp\/v2\/media\/57668"}],"wp:attachment":[{"href":"https:\/\/www.mojevrijeme.hr\/magazin\/wp-json\/wp\/v2\/media?parent=57647"}],"wp:term":[{"taxonomy":"category","embeddable":true,"href":"https:\/\/www.mojevrijeme.hr\/magazin\/wp-json\/wp\/v2\/categories?post=57647"},{"taxonomy":"post_tag","embeddable":true,"href":"https:\/\/www.mojevrijeme.hr\/magazin\/wp-json\/wp\/v2\/tags?post=57647"}],"curies":[{"name":"wp","href":"https:\/\/api.w.org\/{rel}","templated":true}]}}