{"id":57840,"date":"2022-03-28T16:28:38","date_gmt":"2022-03-28T14:28:38","guid":{"rendered":"https:\/\/www.mojevrijeme.hr\/magazin\/?p=57840"},"modified":"2022-03-28T16:28:39","modified_gmt":"2022-03-28T14:28:39","slug":"pravnica-koja-i-u-mirovini-znancima-rjesava-sporove-kad-nema-oporuke-ostaju-strasni-problemi","status":"publish","type":"post","link":"https:\/\/www.mojevrijeme.hr\/magazin\/2022\/03\/pravnica-koja-i-u-mirovini-znancima-rjesava-sporove-kad-nema-oporuke-ostaju-strasni-problemi\/","title":{"rendered":"Pravnica koja i u mirovini znancima rje\u0161ava sporove: &#8216;Kad nema oporuke, ostaju stra\u0161ni problemi&#8217;"},"content":{"rendered":"\n<p>Gospo\u0111a <strong>Manda Franji\u0107<\/strong> u mirovinu je oti\u0161la nakon ne\u0161to vi\u0161e od 41 godine sta\u017ea na pravnim poslovima. Prvih je 15 godina radila u Udru\u017eenju obrtnika grada Zagreba na Ma\u017eurancu, a potom 26 godina u Srednjoj medicinskoj \u0161koli. Da mo\u017ee ponovo birati, ka\u017ee, opet bi se odlu\u010dila za istu profesiju, a po dobroj staroj navici ona i danas ve\u0107 u 6 ujutro sjeda za svoj radni stol.<\/p>\n\n\n\n<p>&#8220;Voljela bih da mogu malo du\u017ee spavati u mirovini, ali velika je navike mo\u0107. Cijeli sam se \u017eivot ustajala u ovo doba i jednostavno to ne mogu promijeniti. Kad mi prijateljica ka\u017ee da spava do 10 sati, meni je to nepojmljivo. Do tada ja ve\u0107 pro\u010ditam sve portale, prou\u010dim papire koje mi znaju donijeti prijatelji i znanci koje mu\u010de pravni problemi, pro\u010ditam koji ulomak knjige. Ujutro \u010ditam ove te\u017ee, filozofske i povijesne knjige, a nave\u010der neku laganiju, \u017eivotnu. \u0160to je najbolje, ili najgore, kako se uzme, ne lije\u017eem puno prije pono\u0107i \u2013 volim \u017eivot i uvijek imam ne\u0161to za raditi!&#8221; govori nam ova umirovljena pravnica.<\/p>\n\n\n\n<p>Na upit koji pravni problemi najvi\u0161e mu\u010de njezine prijatelje i znance, odgovara: &#8220;Naj\u010de\u0161\u0107e su to sporovi oko nasljedstva. Ljudi za \u017eivota potomcima ne rije\u0161e ta pitanja i ostavljaju im stra\u0161ne probleme koje ovi ponekad rje\u0161avaju doslovce godinama. Evo ba\u0161 se idem na\u0107i s prijateljicom kojoj treba pravna pomo\u0107 oko ostavinskog spora. Svakakve zavrzlame mogu iskrsnuti, zato savjetujem da odradite to za \u017eivota ili napi\u0161ite oporuku&#8221;, upozorava gospo\u0111a Manda Franji\u0107.<\/p><div id=\"mojev-2158500665\" class=\"mojev-u-tekstu mojev-entity-placement\" style=\"margin-left: auto;margin-right: auto;text-align: center;\"><div class=\"mojev-adlabel\">oglas<\/div><div style=\"height: 250px;\"><script async src=\"https:\/\/pagead2.googlesyndication.com\/pagead\/js\/adsbygoogle.js?client=ca-pub-8106111766207173\"\r\n     crossorigin=\"anonymous\"><\/script>\r\n<!-- Prikazni 1 u tekstu -->\r\n<ins class=\"adsbygoogle\"\r\n     style=\"display:block\"\r\n     data-ad-client=\"ca-pub-8106111766207173\"\r\n     data-ad-slot=\"8535551207\"\r\n     data-ad-format=\"auto\"\r\n     data-full-width-responsive=\"true\"><\/ins>\r\n<script>\r\n     (adsbygoogle = window.adsbygoogle || []).push({});\r\n<\/script><\/div><\/div><br style=\"clear: both; display: block; float: none;\"\/>\n\n\n\n<h3 class=\"wp-block-heading\">U pandemiji je izgubila nekoliko prijatelja<\/h3>\n\n\n\n<p>Onaj nesretni <em>lockdown<\/em> zbog pandemije ju, ka\u017ee, nije toliko pogodio koliko ju je pogodilo \u0161to je poznavala vi\u0161e osoba koje su preminule od posljedica bolesti COVID-19. &#8220;Nevjerojatno koliko sam dragih ljudi izgubila, a me\u0111u njima i jednu mla\u0111u osobu, da ne povjerujete. Danima nisam mogla do\u0107i k sebi. I ja sam oboljela od ove bolesti, ali sam bila cijepljena i nisam imala te\u017ee simptome. Mo\u017eda mi je pomoglo i to \u0161to sam, ne bih li se za\u0161titila, s prvim simptomima po\u010dela uzimati antibiotike&#8221;, rekla je gospo\u0111a Manda koja ina\u010de nema ozbiljnijih zdravstvenih problema. Od djetinjstva je jedino, ka\u017ee, mu\u010de glasnice, od kojih je jedna potpuno izgubila funkciju, \u0161to je posljedica te\u0161kog oblika gripe od koje je bolovala. K tome, u menopauzi joj se usporio rad \u0161titnja\u010de pa uzima minimalnu dozu lijeka kako bi je regulirala.<\/p>\n\n\n\n<h3 class=\"wp-block-heading\">&#8220;Ako nemaju kruha, nek&#8217; jedu kola\u010de&#8221;<\/h3>\n\n\n\n<p>Nije joj, govori, bilo svejedno kad se nakon smirivanja pandemije dogodio rat u Ukrajini, a osobito ju je \u0161okiralo kad ju je iz sna prenuo pad vojnog drona na Zagreb. &#8220;\u017divim u blizini i mogu vam re\u0107i da je to bio doista sna\u017ean prasak jer me probudio i sva sam se stresla. No, nisam te no\u0107i shvatila \u0161to se zapravo dogodilo, tek smo ujutro suprug i ja pro\u010ditali na vijestima&#8221;, povjerila nam je umirovljenica koja se boji pretjerano nesta\u0161ice hrane, ali joj nemili doga\u0111aji ipak ne ulijevaju povjerenje. &#8220;Nisam pani\u010darka, ali ipak sam kupila nekoliko litara ulja vi\u0161ka, jednako tako raznih vrsta bra\u0161na, ri\u017ee, \u0161e\u0107era, tjestenine, toaletnog papira i deterd\u017eenta za su\u0111e. Pa dobro, do\u0111e li najgoreg, \u017eivjet \u0107emo po onoj slavnoj izjavi Marije Antoanete &#8211; Ako nemaju kruha, nek&#8217; jedu kola\u010de&#8221;, na\u0161alila se gospo\u0111a Franji\u0107 i ozbiljnog lica dodala da joj je iskreno \u017eao ukrajinskih izbjeglica i njihovih te\u0161kih sudbina o kojima svaki dan \u010dita na internetu.<\/p>\n\n\n\n<h3 class=\"wp-block-heading\">Vjera na prvome mjestu<\/h3>\n\n\n\n<p>&#8220;Nikada vjeru nisam dovodila u pitanje. Odrasla sam u Po\u017eegi, u mojoj su obitelji svi bili vjernici, pa sam i ja tako odgajana. Molim se, nedjeljom idem u crkvu, a nema ni sveti\u0161ta u Hrvatskoj koje nisam obi\u0161la. K tome, bila sam i u Lourdesu, austrijskim sveti\u0161tima, kao i onim poznatijim u BiH. Vjera je va\u017ean i neraskidiv dio mene&#8221;, rekla je.<\/p>\n\n\n\n<p>Njezin suprug, kojeg je u ranoj mladosti upoznala u Petrinji na vjen\u010danju na kojem su oboje bili kumovi, tako\u0111er je u mirovini. Njihova 35-godi\u0161nja k\u0107i, diplomirana pravnica, odselila je iz roditeljskog doma jo\u0161 prije deset godina i \u017eivi s de\u010dkom. &#8220;Sretni smo jer nam navrati gotovo svakodnevno, katkad ovdje ru\u010da odnosno ve\u010dera jer je dugo na poslu, katkad jelo ponese sa sobom, ali jako smo povezani i veseli nas to. Uostalom, mi svaki dan kuhamo i nije nam nikakav problem skuhati dvije porcije vi\u0161e&#8221;, otkrila nam je umirovljenica Manda.<\/p>\n\n\n\n<figure class=\"wp-block-image size-large\"><img loading=\"lazy\" decoding=\"async\" width=\"740\" height=\"444\" src=\"https:\/\/www.mojevrijeme.hr\/magazin\/wp-content\/uploads\/2022\/03\/manda-franjic-740x444.jpg\" alt=\"\" class=\"wp-image-57877\" srcset=\"https:\/\/www.mojevrijeme.hr\/magazin\/wp-content\/uploads\/2022\/03\/manda-franjic-740x444.jpg 740w, https:\/\/www.mojevrijeme.hr\/magazin\/wp-content\/uploads\/2022\/03\/manda-franjic-636x382.jpg 636w, https:\/\/www.mojevrijeme.hr\/magazin\/wp-content\/uploads\/2022\/03\/manda-franjic-768x461.jpg 768w, https:\/\/www.mojevrijeme.hr\/magazin\/wp-content\/uploads\/2022\/03\/manda-franjic-1536x922.jpg 1536w, https:\/\/www.mojevrijeme.hr\/magazin\/wp-content\/uploads\/2022\/03\/manda-franjic-1500x900.jpg 1500w, https:\/\/www.mojevrijeme.hr\/magazin\/wp-content\/uploads\/2022\/03\/manda-franjic-1600x960.jpg 1600w, https:\/\/www.mojevrijeme.hr\/magazin\/wp-content\/uploads\/2022\/03\/manda-franjic-590x354.jpg 590w, https:\/\/www.mojevrijeme.hr\/magazin\/wp-content\/uploads\/2022\/03\/manda-franjic-400x240.jpg 400w, https:\/\/www.mojevrijeme.hr\/magazin\/wp-content\/uploads\/2022\/03\/manda-franjic-1000x600.jpg 1000w, https:\/\/www.mojevrijeme.hr\/magazin\/wp-content\/uploads\/2022\/03\/manda-franjic-820x492.jpg 820w, https:\/\/www.mojevrijeme.hr\/magazin\/wp-content\/uploads\/2022\/03\/manda-franjic-1080x648.jpg 1080w, https:\/\/www.mojevrijeme.hr\/magazin\/wp-content\/uploads\/2022\/03\/manda-franjic.jpg 2000w\" sizes=\"auto, (max-width: 740px) 100vw, 740px\" \/><figcaption>Manda Franji\u0107 (foto: Gordana Arh)<\/figcaption><\/figure>\n\n\n\n<p>&#8220;A \u0161to se to fino kuha kod vas, i tko je glavni <em>chef<\/em>?&#8221;, pitamo ju. &#8220;Nekad ja, nekad moj suprug, ali ima dana kad se on meni umije\u0161a usred posla jer ima neku svoju viziju kako bi to jelo trebalo izgledati. Sre\u0107om nisam osjetljiva na to, ina\u010de bi bilo svega&#8221;, rekla je i glasno se nasmijala. Namirnice, ka\u017ee, nabavljaju na jarunskoj tr\u017enici, gdje imaju svoje &#8220;kumice&#8221; koje dr\u017ee vlastite proizvode odnosno nisu prekupci. &#8220;Va\u017eno mi je nabavljati svje\u017ee i kvalitetno povr\u0107e i meso, koliko god je to danas mogu\u0107e. Ujutro dogovaramo tko \u0107e i\u0107i u nabavku, ali ja sam uvijek ta koja sastavlja popis. Meni bi dra\u017ee bilo svaki dan jesti neko od variva s povr\u0107em, ali suprug voli meso pa moram misliti i na njega, tako da su nam mesnice nezaobilazna mjesta za nabavku&#8221;, otkriva.<\/p>\n\n\n\n<p>Na mirovinu se ne \u017eali pretjerano. &#8220;Kakva mi je mirovina nakon vi\u0161e od \u010detiri desetlje\u0107a rada? Re\u0107i \u0107u samo \u2013 dobra, ako uzmemo u obzir da mi ni\u0161ta ne treba, da ne kupujem odje\u0107u i \u0161minku. Jedino za \u0161to bih si voljela u\u0161tedjeti je tu i tamo kakav odlazak u toplice, i \u017eelim jo\u0161 barem jednom u \u017eivotu oti\u0107i u Rim. Bila sam ondje ve\u0107 u pro\u0161losti, ali samo na kratko i sve sam pro\u0161la na brzinu, a grad me odu\u0161evio, osobito sakralna mjesta. Zato sada, kad je pro\u0161la pandemija, sve intenzivnije razmi\u0161ljam kako bi bilo lijepo opet do\u017eivjeti Vje\u010dni grad&#8221;, otkrila nam je.<\/p>\n\n\n\n<h3 class=\"wp-block-heading\">Prijateljice popravljaju raspolo\u017eenje<\/h3>\n\n\n\n<p>A kad nije u kuhinji i za radnim stolom, gospo\u0111a Manda se dru\u017ei s prijateljicama. &#8220;Od Jaruna preko Vrbana, \u0160panskog, Pre\u010dkog i Rude\u0161a do Kne\u017eije, znamo gdje su najbolji kola\u010di i kava, koje su cijene, kakva je atmosfera. Uvijek idemo pje\u0161ice, da odr\u017eimo kondiciju&#8221;, ka\u017ee nam. A kad se za\u017eeli mira, uzme knjigu ili novine, pa sama sjedne uz obalu jezera i provede dva sata u miru i ti\u0161ini. Na povratku zastane na spravama za vje\u017ebanje postavljenim u obli\u017enjem parku, pa odradi i razgibavanje.<\/p>\n\n\n\n<p>Svako ljeto gospo\u0111a Manda jedva do\u010deka onih nekoliko tjedana kad je vikendica njezine sestre slobodna, pa otputuje u Fa\u017eanu. Obo\u017eava kupanje i ne bi tu radost propustila ni pod koju cijenu. A suprug, koji ne voli more, navikao je za ljeti biti sam u Zagrebu. &#8220;Va\u017eno je povjerenje, tolerancija, me\u0111usobno uva\u017eanje i \u017eivot dvoje ljudi u mirovini mo\u017ee biti itekako lijep&#8221;, poru\u010dila je kraj ova vitalna umirovljenica koju ove godine u Po\u017eegi \u010deka proslava 50 godi\u0161njica mature. Veseli joj se kao tinejd\u017eerica, ve\u0107 razmi\u0161lja \u0161to \u0107e odjenuti i kako se mal\u010dice dotjerati. Ne \u010dudi taj ushit, za Po\u017eegu je ve\u017eu najljep\u0161e uspomene i pet desetlje\u0107a duga prijateljstva.<\/p>\n\n\n\n<div id=\"blokovi\">Ovaj prilog nastao je uz potporu Fonda za poticanje pluralizma i raznovrsnosti elektroni\u010dkih medija u okviru projekta \u201cS godinama bolji &#8211; Aktivno i zdravo starenje\u201d<\/div>\n<div id=\"mojev-1459187887\" class=\"mojev-kraj-teksta mojev-entity-placement\" style=\"margin-bottom: 20px;margin-left: auto;margin-right: auto;text-align: center;\"><div class=\"mojev-adlabel\">oglas<\/div><div style=\"height: 250px;\"><script async src=\"https:\/\/pagead2.googlesyndication.com\/pagead\/js\/adsbygoogle.js?client=ca-pub-8106111766207173\"\r\n     crossorigin=\"anonymous\"><\/script>\r\n<!-- Display-1 -->\r\n<ins class=\"adsbygoogle\"\r\n     style=\"display:block\"\r\n     data-ad-client=\"ca-pub-8106111766207173\"\r\n     data-ad-slot=\"1465712950\"\r\n     data-ad-format=\"auto\"\r\n     data-full-width-responsive=\"true\"><\/ins>\r\n<script>\r\n     (adsbygoogle = window.adsbygoogle || []).push({});\r\n<\/script><\/div><\/div>","protected":false},"excerpt":{"rendered":"<p>Umirovljena pravnica Manda Franji\u0107 (68) iz Zagreba iznimno je voljela svoj posao, ali je prije tri godine ipak s rado\u0161\u0107u oti\u0161la u starosnu mirovinu. A da se ne bi previ\u0161e opustila, ona i danas svako jutro sjeda za svoj radni stol, pro\u010dita vijesti na internetu i porazgovara s prijateljima i znancima koji imaju administrativnih problema, te ih posavjetuje i uputi \u0161to bi trebalo poduzeti. Potom pro\u010dita ulomak, dva neke od filozofskih knjiga koje obo\u017eava \u010ditati \u2013 upravo, otkriva nam, \u010dita jedno od djela pokojnog gospi\u0107ko-senjskog biskupa Mile Bogovi\u0107a. Osim o brizi za mentalno zdravlje, govorila nam je i o svakodnevici, neupitnoj vjeri, strahu od rata i bolnom gubitku prijatelja u pandemiji.<\/p>\n","protected":false},"author":15,"featured_media":57876,"comment_status":"closed","ping_status":"closed","sticky":false,"template":"","format":"standard","meta":{"footnotes":""},"categories":[85],"tags":[18,919,2748],"class_list":["post-57840","post","type-post","status-publish","format-standard","has-post-thumbnail","hentry","category-aktivno-starenje","tag-mirovine","tag-oporuka","tag-raspolaganje-imovinom"],"_links":{"self":[{"href":"https:\/\/www.mojevrijeme.hr\/magazin\/wp-json\/wp\/v2\/posts\/57840","targetHints":{"allow":["GET"]}}],"collection":[{"href":"https:\/\/www.mojevrijeme.hr\/magazin\/wp-json\/wp\/v2\/posts"}],"about":[{"href":"https:\/\/www.mojevrijeme.hr\/magazin\/wp-json\/wp\/v2\/types\/post"}],"author":[{"embeddable":true,"href":"https:\/\/www.mojevrijeme.hr\/magazin\/wp-json\/wp\/v2\/users\/15"}],"replies":[{"embeddable":true,"href":"https:\/\/www.mojevrijeme.hr\/magazin\/wp-json\/wp\/v2\/comments?post=57840"}],"version-history":[{"count":0,"href":"https:\/\/www.mojevrijeme.hr\/magazin\/wp-json\/wp\/v2\/posts\/57840\/revisions"}],"wp:featuredmedia":[{"embeddable":true,"href":"https:\/\/www.mojevrijeme.hr\/magazin\/wp-json\/wp\/v2\/media\/57876"}],"wp:attachment":[{"href":"https:\/\/www.mojevrijeme.hr\/magazin\/wp-json\/wp\/v2\/media?parent=57840"}],"wp:term":[{"taxonomy":"category","embeddable":true,"href":"https:\/\/www.mojevrijeme.hr\/magazin\/wp-json\/wp\/v2\/categories?post=57840"},{"taxonomy":"post_tag","embeddable":true,"href":"https:\/\/www.mojevrijeme.hr\/magazin\/wp-json\/wp\/v2\/tags?post=57840"}],"curies":[{"name":"wp","href":"https:\/\/api.w.org\/{rel}","templated":true}]}}