{"id":57960,"date":"2022-04-01T14:49:21","date_gmt":"2022-04-01T12:49:21","guid":{"rendered":"https:\/\/www.mojevrijeme.hr\/magazin\/?p=57960"},"modified":"2023-05-14T13:16:25","modified_gmt":"2023-05-14T11:16:25","slug":"umirovljenici-vrt-je-i-zdravlje-i-rekreacija-a-povrce-se-ne-da-usporediti-s-kupovnim","status":"publish","type":"post","link":"https:\/\/www.mojevrijeme.hr\/magazin\/2022\/04\/umirovljenici-vrt-je-i-zdravlje-i-rekreacija-a-povrce-se-ne-da-usporediti-s-kupovnim\/","title":{"rendered":"Umirovljenici: &#8216;Vrt je i zdravlje i rekreacija, a povr\u0107e se ne da usporediti s kupovnim!&#8217;"},"content":{"rendered":"\n<p>Ovih su dana poljoprivrednici mole\u0107ivo gledali u nebo prizivaju\u0107i ki\u0161u nakon duljeg sun\u010danog i su\u0161nog perioda. Sli\u010dno i\u0161\u010dekivanje, ali u vidu kapanja mirovine, ovih dana uz kalkulator pro\u017eivljava velika ve\u0107ina umirovljenika. Gdje vi\u0161e stisnuti remen s novim cijenama od travnja, a imati potreban vitaminski obrok na tanjuru, opet je dilema. Rje\u0161enje za kvalitetnu i odr\u017eivu prehranu, u kombinaciji s aktivnim \u017eivotnim stilom blagotvornim posebno za tre\u0107u \u017eivotnu dob, ponudila je doc. dr. sc. <strong>Sanja Radman <\/strong>na tribini &#8220;Va\u017enost uzgoja povr\u0107a&#8221; u CK Susedgrad.<\/p>\n\n\n\n<p>\u010cetrdesetak okupljenih, uglavnom starijih osoba, s velikim je zanimanjem ispratilo gomilu prakti\u010dnih savjeta i informacija o urbanom bio vrtlarstvu koje je s njima podijelila voditeljica vrtlarske grupe na Agronomskom fakultetu. Mo\u017ee li se uop\u0107e govoriti o ekolo\u0161kom uzgoju u urbanim sredinama, optere\u0107enima smogom i prometnim zaga\u0111enjem poput onog na podru\u010dju Zagreba, bilo je jedno od brojnih pitanja. O tome zadnju treba re\u0107i ispitivanje proizvoda i tla. Me\u0111utim, o stopostotnoj &#8220;\u010disto\u0107i&#8221; plodova danas je op\u0107enito te\u0161ko govoriti, istaknula je Radman. To je ilustrirala na primjeru jednog obiteljskog gospodarstva u Velikoj Gorici.<\/p>\n\n\n\n<h2 class=\"wp-block-heading\"><em>Microgreens<\/em> sve popularniji u ku\u0107nom vrtlarstvu<\/h2>\n\n\n\n<p>&#8220;Gospo\u0111a se bavi ekolo\u0161kom poljoprivredom i proizvodi im nose zelenu oznaku. Dok smo pri\u010dale, OPG su stoput prelijetali avioni. Rekla je da bi bila najsretnija kad bi im do\u0161lo kontrolno tijelo i uzelo plod na analizu. Jer do tada ne znate \u010dega sve u njemu ima. Dakle, to \u0161to \u0107ete vi imati na balkonu ne zna\u010di da \u0107e va\u0161 proizvod biti lo\u0161iji od onog gdje prelije\u0107u avioni ili u nekom tlu gdje nije odra\u0111ena analiza, a ima te\u0161kih metala. Sla\u017eem se da je vjerojatnost za kontaminaciju ipak ve\u0107a u centru, nego negdje na periferiji. Onda su vam mo\u017eda najbolje rje\u0161enje ovi <em>microgreens, <\/em>mladi izdanci biljaka koji su veliki hit u kulinarstvu. A iz vrhunske gastronomije sve vi\u0161e ulaze u ku\u0107no vrtlarstvo. Osim \u0161to sadr\u017ee puno vi\u0161e vitamina i minerala od tehnolo\u0161ki zrelih biljaka, termi\u010dki se ne obra\u0111uju, a uzgoj je kra\u0107i od 7 do 21 dan tako da se mogu i \u010de\u0161\u0107e konzumirati, kao svje\u017ea salata ili dodatak jelu. Zna\u010di, prvi listi\u0107i mrkve, cvjeta\u010de, kopra, gotovo sve vrste idu u tu kategoriju, izuzev krumpira i raj\u010dice.&#8221;<\/p><div id=\"mojev-3059662665\" class=\"mojev-u-tekstu mojev-entity-placement\" style=\"margin-left: auto;margin-right: auto;text-align: center;\"><div class=\"mojev-adlabel\">oglas<\/div><div style=\"height: 250px;\"><script async src=\"https:\/\/pagead2.googlesyndication.com\/pagead\/js\/adsbygoogle.js?client=ca-pub-8106111766207173\"\r\n     crossorigin=\"anonymous\"><\/script>\r\n<!-- Prikazni 1 u tekstu -->\r\n<ins class=\"adsbygoogle\"\r\n     style=\"display:block\"\r\n     data-ad-client=\"ca-pub-8106111766207173\"\r\n     data-ad-slot=\"8535551207\"\r\n     data-ad-format=\"auto\"\r\n     data-full-width-responsive=\"true\"><\/ins>\r\n<script>\r\n     (adsbygoogle = window.adsbygoogle || []).push({});\r\n<\/script><\/div><\/div><br style=\"clear: both; display: block; float: none;\"\/>\n\n\n\n<h3 class=\"wp-block-heading\">Prozor, balkon ili krov, bitno da se zeleni&#8230;<\/h3>\n\n\n\n<p>Interes za urbano vrtlarstvo na balkonu, terasi ili u oku\u0107nici doslovno je buknuo s pandemijom korone i privremeno ote\u017eanom opskrbom namirnicama. Zatvoreni u \u010detiri zida neki su prvi put odlu\u010dili sami zasijati ili posaditi ne\u0161to. No, urbani vrtovi vi\u0161e su od samog uzgoja hrane, sve su vi\u0161e sna\u017eno oru\u0111e za promjenu zajednice, isti\u010de Radman. Osobito uz \u0161kole i domove umirovljenika, gdje s jedne strane omogu\u0107uju edukaciju novih generacija i poma\u017eu u njihovom povezivanju s prirodom, a starijima pru\u017eaju mogu\u0107nost aktivnog provo\u0111enja slobodnog vremena i zdravijeg stila \u017eivota.\u00a0<\/p>\n\n\n\n<figure class=\"wp-block-image size-large\"><img loading=\"lazy\" decoding=\"async\" width=\"740\" height=\"444\" src=\"https:\/\/www.mojevrijeme.hr\/magazin\/wp-content\/uploads\/2022\/04\/sanja-radman-740x444.jpg\" alt=\"\" class=\"wp-image-58036\" srcset=\"https:\/\/www.mojevrijeme.hr\/magazin\/wp-content\/uploads\/2022\/04\/sanja-radman-740x444.jpg 740w, https:\/\/www.mojevrijeme.hr\/magazin\/wp-content\/uploads\/2022\/04\/sanja-radman-636x382.jpg 636w, https:\/\/www.mojevrijeme.hr\/magazin\/wp-content\/uploads\/2022\/04\/sanja-radman-768x461.jpg 768w, https:\/\/www.mojevrijeme.hr\/magazin\/wp-content\/uploads\/2022\/04\/sanja-radman-1536x922.jpg 1536w, https:\/\/www.mojevrijeme.hr\/magazin\/wp-content\/uploads\/2022\/04\/sanja-radman-1500x900.jpg 1500w, https:\/\/www.mojevrijeme.hr\/magazin\/wp-content\/uploads\/2022\/04\/sanja-radman-1600x960.jpg 1600w, https:\/\/www.mojevrijeme.hr\/magazin\/wp-content\/uploads\/2022\/04\/sanja-radman-590x354.jpg 590w, https:\/\/www.mojevrijeme.hr\/magazin\/wp-content\/uploads\/2022\/04\/sanja-radman-400x240.jpg 400w, https:\/\/www.mojevrijeme.hr\/magazin\/wp-content\/uploads\/2022\/04\/sanja-radman-1000x600.jpg 1000w, https:\/\/www.mojevrijeme.hr\/magazin\/wp-content\/uploads\/2022\/04\/sanja-radman-820x492.jpg 820w, https:\/\/www.mojevrijeme.hr\/magazin\/wp-content\/uploads\/2022\/04\/sanja-radman-1080x648.jpg 1080w, https:\/\/www.mojevrijeme.hr\/magazin\/wp-content\/uploads\/2022\/04\/sanja-radman.jpg 2000w\" sizes=\"auto, (max-width: 740px) 100vw, 740px\" \/><figcaption>Sanja Radman (foto: privatni album)<\/figcaption><\/figure>\n\n\n\n<p>Znaju to dobro i korisnici ukupno 2.152 vrtnih parcela ra\u0161trkanih na 14 lokacija diljem zagreba\u010dkih naselja, gdje se ubiranje plodova s vi\u0161e od 23 hektara obra\u0111enih povr\u0161ina pokazalo kao vi\u0161estruko pozitivan na\u010din kori\u0161tenja gradskog zemlji\u0161ta. U kra\u0107em lancu opskrbe &#8220;od polja do stola&#8221; u odnosu na komercijalni (farma, transport, skladi\u0161te, supermarket) pri ruci im je povr\u0107e poznatog porijekla. Prednosti se osjete i u ku\u0107nom prora\u010dunu, ali prvenstveno u raznovrsnijoj i zdravijoj prehrani za \u0161to bismo kroz dan trebali konzumirati oko 400 grama povr\u0107a, savjetuju nutricionisti.<\/p>\n\n\n\n<h3 class=\"wp-block-heading\">Sela sve praznija, tko \u0107e hraniti gradove<\/h3>\n\n\n\n<p>U svjetlu \u010dinjenice da bi trenutnih 55 posto svjetske populacije koja \u017eivi i radi u gradovima do 2050. ubrzano trebao porasti na \u010dak 80 posto, vlastiti urbani ku\u0107ni vrt vrlo skoro bi iz korisnog hobija mogao postati prava dragocjenost. Podalje od trendova jednog je seniora trenutno najvi\u0161e zanimala sadnja mnogima ve\u0107 nimalo egzoti\u010dnog batata. Profesorica Radman, koja je do studija \u017eivjela u mjestu Ribnik u Karlova\u010dkoj \u017eupaniji, pohvalila je iskustvo koje su ispitivanjem detalja umirovljenici pokazali na tribini.<\/p>\n\n\n\n<p>&#8220;Odli\u010dni su. Sve znaju, skoro da nisam ni trebala ni\u0161ta izlagati (smijeh). \u0160to se ti\u010de batata, krivo je razmi\u0161ljanje da je to slatki krumpir iako se tako prevodi s engleskog. No vrsta jedna s drugom nemaju veze, ni morfolo\u0161ki ni botani\u010dki. U prehrani koristimo krumpirov gomolj, dok kod batata konzumiramo korijen, a sadimo presadnicu. Najbolje ih je saditi sredinom svibnja. Gra\u0111ani ve\u0107 znaju da ih mogu nabaviti i kod nas na Agronomskom fakultetu. Naj\u010de\u0161\u0107e ipak do\u0111u po raj\u010dice i paprike, to su nam najtra\u017eenije vrste. Iako smo znanstveno-nastavna institucija i ne bavimo se uzgojem, imamo mogu\u0107nost prodaje tih nekih presadnica. Tra\u017ee se naj\u010de\u0161\u0107e te stare sorte, pa uvijek dolaze po volovsko srce, jabu\u010dar i druge. Ali imamo i ne\u0161to hibrida, kri\u017eanaca koji imaju najbolja svojstva koji onda ranije dospijevaju pa su samim time ljudima i interesantnije.&#8221;<\/p>\n\n\n\n<h3 class=\"wp-block-heading\">Ku\u0107ni vrt na balkonu, onaj veliki na Bukovcu\u00a0\u00a0\u00a0<\/h3>\n\n\n\n<p>Urbano vrtlarenje ve\u0107 godinama je vi\u0161e od puke zanimacije za gospo\u0111u <strong>Dubravku <\/strong>(67) i njenog supruga <strong>Mladena <\/strong>(77). Na balkonu stana na tre\u0107em katu zgrade u Gajnicama svako ljeto redovito uzgajaju raj\u010dicu, uz nju naravno bosiljak, razne papri\u010dice, feferone. Imali su svojevremeno i jagode, ali zadnje godine nisu izdr\u017eale do branja. Problem je, otkriva gospo\u0111a, \u0161to zalijevanje preko ljeta dok su oni na moru preuzme sin, pa to ne bude toliko redovito.\u00a0<\/p>\n\n\n\n<p>&#8220;Ali paradajzi pre\u017eive sve! (smijeh). Balkon je na ju\u017enoj strani, sunca ima i previ\u0161e. No svejedno sve uspijeva. Imam tamo per\u0161ina, sad i rikole, to mi je cijelu zimu bilo vani. Znam posaditi i luk. Ina\u010de imamo i vrt na mojoj djedovini na Bukovcu, samo kaj nam to nije ba\u0161 blizu. Sad idemo jednom tjedno, znali smo i \u010de\u0161\u0107e, ali \u010duvamo unuku pa nemamo vremena. Ima 13 mjeseci i kad po\u010dne hodati i\u0161la bu s nama gore.&#8221;<\/p>\n\n\n\n<figure class=\"wp-block-image size-large\"><img loading=\"lazy\" decoding=\"async\" width=\"740\" height=\"444\" src=\"https:\/\/www.mojevrijeme.hr\/magazin\/wp-content\/uploads\/2022\/04\/dubravka-mladen-740x444.jpg\" alt=\"\" class=\"wp-image-58034\" srcset=\"https:\/\/www.mojevrijeme.hr\/magazin\/wp-content\/uploads\/2022\/04\/dubravka-mladen-740x444.jpg 740w, https:\/\/www.mojevrijeme.hr\/magazin\/wp-content\/uploads\/2022\/04\/dubravka-mladen-636x382.jpg 636w, https:\/\/www.mojevrijeme.hr\/magazin\/wp-content\/uploads\/2022\/04\/dubravka-mladen-768x461.jpg 768w, https:\/\/www.mojevrijeme.hr\/magazin\/wp-content\/uploads\/2022\/04\/dubravka-mladen-1536x922.jpg 1536w, https:\/\/www.mojevrijeme.hr\/magazin\/wp-content\/uploads\/2022\/04\/dubravka-mladen-1500x900.jpg 1500w, https:\/\/www.mojevrijeme.hr\/magazin\/wp-content\/uploads\/2022\/04\/dubravka-mladen-1600x960.jpg 1600w, https:\/\/www.mojevrijeme.hr\/magazin\/wp-content\/uploads\/2022\/04\/dubravka-mladen-590x354.jpg 590w, https:\/\/www.mojevrijeme.hr\/magazin\/wp-content\/uploads\/2022\/04\/dubravka-mladen-400x240.jpg 400w, https:\/\/www.mojevrijeme.hr\/magazin\/wp-content\/uploads\/2022\/04\/dubravka-mladen-1000x600.jpg 1000w, https:\/\/www.mojevrijeme.hr\/magazin\/wp-content\/uploads\/2022\/04\/dubravka-mladen-820x492.jpg 820w, https:\/\/www.mojevrijeme.hr\/magazin\/wp-content\/uploads\/2022\/04\/dubravka-mladen-1080x648.jpg 1080w, https:\/\/www.mojevrijeme.hr\/magazin\/wp-content\/uploads\/2022\/04\/dubravka-mladen.jpg 2000w\" sizes=\"auto, (max-width: 740px) 100vw, 740px\" \/><figcaption>Dubravka i Mladen (foto: Vlatka Koren)<\/figcaption><\/figure>\n\n\n\n<p>Vlastiti uzgoj povr\u0107a za ovaj je par, ka\u017eu, \u010dista rekreacija. Koliko se pomognu u ku\u0107nom prora\u010dunu, gospo\u0111a Dubravka nije dosad ra\u010dunala. Nekako, veli, ima osje\u0107aj da vi\u0161e potro\u0161e, nego \u0161to zapravo poberu. Ipak, zahvaljuju\u0107i trudu cijele zime iz hladnjaka vade vlastite raj\u010dice, imaju i ne\u0161to svog vo\u0107a ako ga mraz ne uni\u0161ti.<\/p>\n\n\n\n<h3 class=\"wp-block-heading\">Paradajzi sko\u010dili do gornjeg kata<\/h3>\n\n\n\n<p>&#8220;Lijepo je bilo \u0161to svojeg uzgojit\u2019 i krasno vidjeti da to uspjeva. Naravno,\u00a0 nemre se usporediti s onim kaj kupite u du\u0107anu. Imam prijatelja \u0160tefa koji se bavi vo\u0107arstvom. Pitam ga iz vica kol\u2019ko puta \u0161prica. A on veli &#8216;Zna\u0161 da \u0161param pa je to 30 puta godi\u0161nje. Ovi veliki i po 60 puta.&#8217; I vi onda jedete tu jabuku iz du\u0107ana koja je tol\u2019ko puta \u0161pricana kemijom&#8221;, uspore\u0111uje gospodin Mladen, dok se supruga rezignirano nadovezuje da druga\u010dije ne mo\u017ee ni izdr\u017eati transport i skladi\u0161te do krajnjeg odredi\u0161ta na polici trgovine. <\/p>\n\n\n\n<p>Od svega \u0161to doma uzgoje, uz kupljeno na Zelenoj tr\u017enici, Dubravka i Mladen obavezno spravljaju zimnicu, ajvare i pekmeze. Otkako su joj prvi paradajzi &#8220;pobjegli&#8221; u vis \u010dak do susjedovog balkona, na\u0161a sugovornica s vrtne je pre\u0161la na manje, <em>cherry <\/em>sortu. &#8220;Super su slatke. Lepo si zemete na balkonu, samo ih obri\u0161ete i pojedete&#8221;, preporu\u010duje gospodin Mladen.<\/p>\n\n\n\n<h3 class=\"wp-block-heading\">Bez vrta kraj Kupe ne bi mogli \u017eivjeti <\/h3>\n\n\n\n<p>Petnaest godina ve\u0107 vlastito &#8220;zelenje&#8221; prvenstveno zbog zdravstvenih problema uzgaja i gospo\u0111a <strong>Ljerka Hasanagi\u0107 <\/strong>(70). Me\u0111utim, ne u stanu u Stenjevcu, \u0161to ona i suprug ne planiraju mijenjati, ve\u0107 na obiteljskoj vikendici kod Jamnice. Ondje imaju tristotinjak kvadrata vrta i vo\u0107njaka, a proizvode sve \u0161to si zamisle, veli.<\/p>\n\n\n\n<p>&#8220;Vrt radim dvaput godi\u0161nje. Jedan dio sada po\u010dinjem sijati, a na drugom zavr\u0161avam berbu od lani. Polovicom sedmog do sredine osmog mjeseca sijem ponovo da dobi\u2019m fri\u0161ko, mlado povr\u0107e, ne volim staro. Zna\u010di mahune, salatu, kelj, onda radi\u010d, onaj kineski kupus, matovilac, \u0161pinat, lu\u010dice, poriluk i tak\u2019 dalje.&#8221;<\/p>\n\n\n\n<figure class=\"wp-block-image size-large\"><img loading=\"lazy\" decoding=\"async\" width=\"740\" height=\"444\" src=\"https:\/\/www.mojevrijeme.hr\/magazin\/wp-content\/uploads\/2022\/04\/ljerka-hasanagic-740x444.jpg\" alt=\"\" class=\"wp-image-58030\" srcset=\"https:\/\/www.mojevrijeme.hr\/magazin\/wp-content\/uploads\/2022\/04\/ljerka-hasanagic-740x444.jpg 740w, https:\/\/www.mojevrijeme.hr\/magazin\/wp-content\/uploads\/2022\/04\/ljerka-hasanagic-636x382.jpg 636w, https:\/\/www.mojevrijeme.hr\/magazin\/wp-content\/uploads\/2022\/04\/ljerka-hasanagic-768x461.jpg 768w, https:\/\/www.mojevrijeme.hr\/magazin\/wp-content\/uploads\/2022\/04\/ljerka-hasanagic-1536x922.jpg 1536w, https:\/\/www.mojevrijeme.hr\/magazin\/wp-content\/uploads\/2022\/04\/ljerka-hasanagic-1500x900.jpg 1500w, https:\/\/www.mojevrijeme.hr\/magazin\/wp-content\/uploads\/2022\/04\/ljerka-hasanagic-1600x960.jpg 1600w, https:\/\/www.mojevrijeme.hr\/magazin\/wp-content\/uploads\/2022\/04\/ljerka-hasanagic-590x354.jpg 590w, https:\/\/www.mojevrijeme.hr\/magazin\/wp-content\/uploads\/2022\/04\/ljerka-hasanagic-400x240.jpg 400w, https:\/\/www.mojevrijeme.hr\/magazin\/wp-content\/uploads\/2022\/04\/ljerka-hasanagic-1000x600.jpg 1000w, https:\/\/www.mojevrijeme.hr\/magazin\/wp-content\/uploads\/2022\/04\/ljerka-hasanagic-820x492.jpg 820w, https:\/\/www.mojevrijeme.hr\/magazin\/wp-content\/uploads\/2022\/04\/ljerka-hasanagic-1080x648.jpg 1080w, https:\/\/www.mojevrijeme.hr\/magazin\/wp-content\/uploads\/2022\/04\/ljerka-hasanagic.jpg 2000w\" sizes=\"auto, (max-width: 740px) 100vw, 740px\" \/><figcaption>Ljerka Hasanagi\u0107 (foto: Vlatka Koren)<\/figcaption><\/figure>\n\n\n\n<p>Iako je ve\u0107 godinama u mirovini, gospo\u0111a Ljerka ipak ne bi u presudno za odluku o uzgoju za osobne potrebe stavila stavku materijalnog. \u0160tovi\u0161e, vrt je za tanke penzionerske lisnice prili\u010dan izdatak.<\/p>\n\n\n\n<p>&#8220;Evo, jednu vre\u0107u gnojiva platila sam skoro 150 kuna. A moram ih kupiti barem pet. Ko\u0161ta i zemlja za presadnice, tko kupuje kompost. Ja ga sama radim, ali tko mora kupiti nekih 50 litara lani je bilo oko 70 kuna. Tako da se toga nakupi.&#8221;<\/p>\n\n\n\n<h3 class=\"wp-block-heading\">Doma\u0107im patkama protiv najezde pu\u017eeva<\/h3>\n\n\n\n<p>U nabavu supstrata ode tek ako joj ponestane vlastitog sme\u0111eg ili zelenog komposta. Za zeleni sada ima granja ko u pri\u010di, jer je obrezivala vo\u0107ke i lozu, ali za tri mjeseca, ra\u010duna, vi\u0161e im ne\u0107e biti dovoljno. Ina\u010de, Ljerkinih \u010detvoro odraslih unuka kao i mnogi njihovi vr\u0161njaci iz grada, za pr\u010dkanje po zemlji trenutno nisu zainteresirani. Bilo je druga\u010dije dok su bili mali, ka\u017ee baka, uz odlazak na Kupu, vrt im je bio omiljeno igrali\u0161te. Ali tada se ona vi\u0161e bavila njima nego povr\u0107em. Sada za uzgoj ima dovoljno volje i vremena i rje\u0161enje za sve, pa i za nedavnu najezdu pu\u017eeva.&nbsp;<\/p>\n\n\n\n<p>&#8220;Kupila sam patke, one najobi\u010dnije bijele, doma\u0107e. Prvo ih u\u010dim jedan, dva dana da jedu pu\u017eeve i kad se dresiraju one doslovno b\u2019e\u017ee za njima. Tak\u2019 su u\u010dinkovite da ste posl\u2019e jednostavno \u017eeljni vid\u2019eti pu\u017ea (smijeh). K tome nema kemije, ni\u0161ta. Kud\u2019 \u0107ete bolje.&#8221;\u00a0<\/p>\n\n\n\n<p>Zbog \u010destih mrazeva urod u vo\u0107njaku uglavnom je daleko manji od onog s vrta, tek je bobi\u010dastih plodova redovito. U du\u0107an gospo\u0111a Ljerka ne mora uop\u0107e zbog povr\u0107a. Dan prije tribine ubrala je svje\u017eu blitvu, idu\u0107a na redu je prezimljena ra\u0161tika, pa matovilac, crveni radi\u010d i tako se popuni tjedni jelovnik.&nbsp;<\/p>\n\n\n\n<p>&#8220;Zdravlje i svje\u017ee, uvijek ne\u0161to ima. Da ne govorim \u0161to mi vrt zna\u010di za kretanje. Ja sam pre\u0161la sedamdesetu, mu\u017e ima 75, ne bi mogli \u017eivjeti samo u stanu. Nije mi smisao hodanje po ulici, meni to ne treba. Na gruntu imam \u0161ume, rijeku i svoj vrt. Meni je tamo \u017eivot&#8221;, poru\u010dila je na\u0161a sugovornica nakon jo\u0161 jedne pou\u010dne tribine iz &#8220;zelenog ciklusa&#8221; u Centru za kulturu Susedgrad.<\/p>\n\n\n\n<div id=\"blokovi\"><img decoding=\"async\" src=\"https:\/\/www.mojevrijeme.hr\/magazin\/wp-content\/uploads\/2020\/09\/esf-lenta.jpg\">\nOvaj prilog objavljen je u sklopu projekta \u201cNovo vrijeme\u201d. Projekt je sufinancirala\nEuropska unija sredstvima Europskog socijalnog fonda. Sadr\u017eaj priloga isklju\u010diva\nje odgovornost Udruge Ho\u0107u stranicu.<\/div>\n<div id=\"mojev-3767998674\" class=\"mojev-kraj-teksta mojev-entity-placement\" style=\"margin-bottom: 20px;margin-left: auto;margin-right: auto;text-align: center;\"><div class=\"mojev-adlabel\">oglas<\/div><div style=\"height: 250px;\"><script async src=\"https:\/\/pagead2.googlesyndication.com\/pagead\/js\/adsbygoogle.js?client=ca-pub-8106111766207173\"\r\n     crossorigin=\"anonymous\"><\/script>\r\n<!-- Display-1 -->\r\n<ins class=\"adsbygoogle\"\r\n     style=\"display:block\"\r\n     data-ad-client=\"ca-pub-8106111766207173\"\r\n     data-ad-slot=\"1465712950\"\r\n     data-ad-format=\"auto\"\r\n     data-full-width-responsive=\"true\"><\/ins>\r\n<script>\r\n     (adsbygoogle = window.adsbygoogle || []).push({});\r\n<\/script><\/div><\/div>","protected":false},"excerpt":{"rendered":"<p>Aktualno pove\u0107anje cijena energenata i nekih namirnica otvorilo je i pitanje mogu\u0107nosti dodatnih u\u0161teda u ku\u0107anstvu, osobito za prosje\u010dni umirovljeni\u010dki bud\u017eet. Uzgoj vlastitog povr\u0107a koji je uz malo truda izvediv i na prozorskoj dasci, dobrodo\u0161lo je rje\u0161enje. Ako je tu i balkon ili u idealnom slu\u010daju vlastiti vrt, prvotno ulaganje do ljeta se ve\u0107 mo\u017ee prili\u010dno isplatiti. Potvrdila su nam i iskustva troje umirovljenika s tribine o urbanom vrtlastvu u Centru za kulturu Susedgrad.<\/p>\n","protected":false},"author":12,"featured_media":58024,"comment_status":"closed","ping_status":"closed","sticky":false,"template":"","format":"standard","meta":{"footnotes":""},"categories":[3497],"tags":[2339,2625,960],"class_list":["post-57960","post","type-post","status-publish","format-standard","has-post-thumbnail","hentry","category-vrt","tag-novo-vrijeme","tag-urbano-vrtlarstvo","tag-vrtlarstvo"],"_links":{"self":[{"href":"https:\/\/www.mojevrijeme.hr\/magazin\/wp-json\/wp\/v2\/posts\/57960","targetHints":{"allow":["GET"]}}],"collection":[{"href":"https:\/\/www.mojevrijeme.hr\/magazin\/wp-json\/wp\/v2\/posts"}],"about":[{"href":"https:\/\/www.mojevrijeme.hr\/magazin\/wp-json\/wp\/v2\/types\/post"}],"author":[{"embeddable":true,"href":"https:\/\/www.mojevrijeme.hr\/magazin\/wp-json\/wp\/v2\/users\/12"}],"replies":[{"embeddable":true,"href":"https:\/\/www.mojevrijeme.hr\/magazin\/wp-json\/wp\/v2\/comments?post=57960"}],"version-history":[{"count":0,"href":"https:\/\/www.mojevrijeme.hr\/magazin\/wp-json\/wp\/v2\/posts\/57960\/revisions"}],"wp:featuredmedia":[{"embeddable":true,"href":"https:\/\/www.mojevrijeme.hr\/magazin\/wp-json\/wp\/v2\/media\/58024"}],"wp:attachment":[{"href":"https:\/\/www.mojevrijeme.hr\/magazin\/wp-json\/wp\/v2\/media?parent=57960"}],"wp:term":[{"taxonomy":"category","embeddable":true,"href":"https:\/\/www.mojevrijeme.hr\/magazin\/wp-json\/wp\/v2\/categories?post=57960"},{"taxonomy":"post_tag","embeddable":true,"href":"https:\/\/www.mojevrijeme.hr\/magazin\/wp-json\/wp\/v2\/tags?post=57960"}],"curies":[{"name":"wp","href":"https:\/\/api.w.org\/{rel}","templated":true}]}}