{"id":57971,"date":"2022-04-01T10:04:18","date_gmt":"2022-04-01T08:04:18","guid":{"rendered":"https:\/\/www.mojevrijeme.hr\/magazin\/?p=57971"},"modified":"2022-04-01T10:15:52","modified_gmt":"2022-04-01T08:15:52","slug":"dubrovacka-maca-anastazija-potaknula-je-revoluciju-gradani-vlastima-vratite-joj-kucicu","status":"publish","type":"post","link":"https:\/\/www.mojevrijeme.hr\/magazin\/2022\/04\/dubrovacka-maca-anastazija-potaknula-je-revoluciju-gradani-vlastima-vratite-joj-kucicu\/","title":{"rendered":"Dubrova\u010dka maca Anastazija potaknula je revoluciju. Gra\u0111ani vlastima: Vratite joj ku\u0107icu!"},"content":{"rendered":"\n<p>Nakon \u0161to su gotovo svi doma\u0107i, a i poneki strani, mediji objavili da je <strong>Anastazija (18)<\/strong> koja ve\u0107 godinama \u017eivi pred Kne\u017eevim dvorom ostala i bez druge ku\u0107ice, sve je glasniji bunt Dubrov\u010dana, ali i ostatka Hrvatske. Odluku o uklanjanju ku\u0107ice donijeli su Dubrova\u010dki muzeji.<\/p>\n\n\n\n<p>Naime, prva ku\u0107ica uklonjena je zbog neuklapanja u kamenu plastiku Kne\u017eeva dvora. Zato joj je Sr\u0111an Kera izradio i postavio ku\u0107icu koja je posve imitirala okoli\u0161. No, Anastazija se tek kratko vrijeme u njoj mogla za\u0161titi od vjetra i hladno\u0107e, budu\u0107i da je i ona brzo nestala. Akciju uklanjana podr\u017eao je i gradona\u010delnik <strong>Mato Frankovi\u0107<\/strong> (HDZ) kojega su sugra\u0111ani na Facebooku zasuli hrpom negativnih komentara.<\/p>\n\n\n\n<p>&#8220;U\u017easna reklama za Dubrovnik. Upravo ste stajanjem na strani uprave muzeja dali do znanja da ma\u010dke nisu dobrodo\u0161le na ulicama Dubrovnika. Valjda jedini grad na Mediteranu koji se ovako odnosi prema ma\u010dkama. Ovog nigdje nema&#8221;, napisala je jedna komentatorica. &#8220;Sramite se gradona\u010delni\u010de! Sramotite grad kojeg predstavljate! Ni vi ni ta spodoba koja je ravnateljica muzeja nemate empatije prema toj jednoj staroj \u017eivotinji. Va\u0161 odnos prema njoj upravo pokazuje kakav odnos imate i prema ljudima&#8221;, drugi je komentar u nizu od petstotinjak sli\u010dnih.<\/p><div id=\"mojev-3170201877\" class=\"mojev-u-tekstu mojev-entity-placement\" style=\"margin-left: auto;margin-right: auto;text-align: center;\"><div class=\"mojev-adlabel\">oglas<\/div><div style=\"height: 250px;\"><script async src=\"https:\/\/pagead2.googlesyndication.com\/pagead\/js\/adsbygoogle.js?client=ca-pub-8106111766207173\"\r\n     crossorigin=\"anonymous\"><\/script>\r\n<!-- Prikazni 1 u tekstu -->\r\n<ins class=\"adsbygoogle\"\r\n     style=\"display:block\"\r\n     data-ad-client=\"ca-pub-8106111766207173\"\r\n     data-ad-slot=\"8535551207\"\r\n     data-ad-format=\"auto\"\r\n     data-full-width-responsive=\"true\"><\/ins>\r\n<script>\r\n     (adsbygoogle = window.adsbygoogle || []).push({});\r\n<\/script><\/div><\/div><br style=\"clear: both; display: block; float: none;\"\/>\n\n\n\n<p>&#8220;Izbore je dobio na temelju svog obe\u0107anja kako \u0107e azil izgraditi odmah. Okolo moljakao na sve strane ljubitelje \u017eivotinja da mu daju glas da \u0107e odmah azil rije\u0161iti. Pro\u0161lo je pet godina od tog obe\u0107anja, i dalje prodaje maglu. La\u017eov i manipulator&#8221;, kritika je koja podsje\u0107a na prevrtljivost hrvatskih politi\u010dara koji su, \u010dini se, zaboravili da su tu zbog gra\u0111ana. Na meti komentatora na\u0161ao se, posve nepravedno, i sam grad Dubrovnik sa svojim stanovnicima koje su neki komentatori nazivali pohlepnima i be\u0161\u0107utnima.<\/p>\n\n\n\n<p>Negativnim komentarima zasuta je i stranica Dubrova\u010dkih muzeja na servisu Google, a ostavljene ocjene sru\u0161ile su ovu instituciju na samo dno. \u00a0Mnogi komentatori odvra\u0107aju potencijalne posjetitelje u dolazak u ovaj jadranski biser zbog odnosa prema 18-ogodi\u0161njoj maci.<\/p>\n\n\n\n<p>&#8220;Sramota da se prema \u017eivom bi\u0107u pona\u0161a ovako jedna kulturna ustanova! Sramota ste za cijeli Dubrovnik! Jadna ma\u010dka, nadam se da \u0107e vas sve smijeniti i dovesti ljude koji su prerasli pro\u0161lo stolje\u0107e! Sramite se&#8221;, jedna je od najnovijih recenzija Muzeja.<\/p>\n<div id=\"mojev-2944632700\" class=\"mojev-kraj-teksta mojev-entity-placement\" style=\"margin-bottom: 20px;margin-left: auto;margin-right: auto;text-align: center;\"><div class=\"mojev-adlabel\">oglas<\/div><div style=\"height: 250px;\"><script async src=\"https:\/\/pagead2.googlesyndication.com\/pagead\/js\/adsbygoogle.js?client=ca-pub-8106111766207173\"\r\n     crossorigin=\"anonymous\"><\/script>\r\n<!-- Display-1 -->\r\n<ins class=\"adsbygoogle\"\r\n     style=\"display:block\"\r\n     data-ad-client=\"ca-pub-8106111766207173\"\r\n     data-ad-slot=\"1465712950\"\r\n     data-ad-format=\"auto\"\r\n     data-full-width-responsive=\"true\"><\/ins>\r\n<script>\r\n     (adsbygoogle = window.adsbygoogle || []).push({});\r\n<\/script><\/div><\/div>","protected":false},"excerpt":{"rendered":"<p>Na meti komentatora na\u0161ao se, posve nepravedno, i sam grad Dubrovnik sa svojim stanovnicima koje su neki komentatori nazivali pohlepnima i be\u0161\u0107utnima.<\/p>\n","protected":false},"author":1,"featured_media":57972,"comment_status":"closed","ping_status":"closed","sticky":false,"template":"","format":"standard","meta":{"footnotes":""},"categories":[9],"tags":[473,46,599,3101],"class_list":["post-57971","post","type-post","status-publish","format-standard","has-post-thumbnail","hentry","category-vijesti","tag-dubrovnik","tag-kucni-ljubimci","tag-macke","tag-mato-frankovic"],"_links":{"self":[{"href":"https:\/\/www.mojevrijeme.hr\/magazin\/wp-json\/wp\/v2\/posts\/57971","targetHints":{"allow":["GET"]}}],"collection":[{"href":"https:\/\/www.mojevrijeme.hr\/magazin\/wp-json\/wp\/v2\/posts"}],"about":[{"href":"https:\/\/www.mojevrijeme.hr\/magazin\/wp-json\/wp\/v2\/types\/post"}],"author":[{"embeddable":true,"href":"https:\/\/www.mojevrijeme.hr\/magazin\/wp-json\/wp\/v2\/users\/1"}],"replies":[{"embeddable":true,"href":"https:\/\/www.mojevrijeme.hr\/magazin\/wp-json\/wp\/v2\/comments?post=57971"}],"version-history":[{"count":0,"href":"https:\/\/www.mojevrijeme.hr\/magazin\/wp-json\/wp\/v2\/posts\/57971\/revisions"}],"wp:featuredmedia":[{"embeddable":true,"href":"https:\/\/www.mojevrijeme.hr\/magazin\/wp-json\/wp\/v2\/media\/57972"}],"wp:attachment":[{"href":"https:\/\/www.mojevrijeme.hr\/magazin\/wp-json\/wp\/v2\/media?parent=57971"}],"wp:term":[{"taxonomy":"category","embeddable":true,"href":"https:\/\/www.mojevrijeme.hr\/magazin\/wp-json\/wp\/v2\/categories?post=57971"},{"taxonomy":"post_tag","embeddable":true,"href":"https:\/\/www.mojevrijeme.hr\/magazin\/wp-json\/wp\/v2\/tags?post=57971"}],"curies":[{"name":"wp","href":"https:\/\/api.w.org\/{rel}","templated":true}]}}