{"id":58022,"date":"2022-04-02T13:14:32","date_gmt":"2022-04-02T11:14:32","guid":{"rendered":"https:\/\/www.mojevrijeme.hr\/magazin\/?p=58022"},"modified":"2022-04-02T13:15:19","modified_gmt":"2022-04-02T11:15:19","slug":"gabrijela-i-bozidar-u-gradu-su-prodali-sve-sto-su-imali-u-mirovini-je-na-selu-stoput-bolji-zivot","status":"publish","type":"post","link":"https:\/\/www.mojevrijeme.hr\/magazin\/2022\/04\/gabrijela-i-bozidar-u-gradu-su-prodali-sve-sto-su-imali-u-mirovini-je-na-selu-stoput-bolji-zivot\/","title":{"rendered":"Gabrijela i Bo\u017eidar u gradu su prodali sve \u0161to su imali: &#8216;U mirovini je na selu stoput bolji \u017eivot&#8217;"},"content":{"rendered":"\n<p>I danas vitalni 79-godi\u0161njaci <strong>Gabrijela i Bo\u017eidar Polovi\u0107<\/strong> nisu, ka\u017eu, u Gorski kotar preselili samo kako bi u\u017eivali u ljepoti prirode i cvrkutu ptica \u2013 da bi ubirali plodove zemlje i grijali se u toplini doma, valja na selu i raditi. Pa opet, kad ih pogledamo ovako zadovoljne na pragu devetog desetlje\u0107a \u017eivota, jasno je da je taj rad zapravo i najva\u017eniji klju\u010d njihove vitalnosti.<\/p>\n\n\n\n<p>Gospo\u0111a Gabrijela Polovi\u0107, umirovljena profesorica Hrvatskog jezika i knji\u017eevnosti te Njema\u010dkog jezika, nije imala pojma o poljoprivredi do povratka u rodni kraj prije 15 godina. &#8220;Zapravo sam vrlo brzo sam nau\u010dila kako pripremiti plodnu zemlju, saditi, plijeviti. Nevjerojatno je koliko zadovoljstva nakon mukotrpnog rada pru\u017eaju ti zdravi, ekolo\u0161ki proizvodi koje velik dio godine imate ravno pred nosom&#8221;, govori gospo\u0111a Gabrijela kojoj u radovima poma\u017eu i suprug Bo\u017eidar, ali i k\u0107i Snje\u017eana i 17-godi\u0161nja unuka Marija koje ve\u0107 dugi niz godina \u017eive s njima. &#8220;Do lani smo i sami cijepali i pospremali drva, no jesenas smo ih kupili, ne mo\u017eemo vi\u0161e&#8221;, dodala je.<\/p>\n\n\n\n<p>Ovih dana gospo\u0111a Gabrijela ve\u0107 polako probire najbolje sjeme, uskoro kre\u0107e sadnja mrkve, gra\u0161ka, tikvica, per\u0161ina, salate, mahuna, graha, luka\u2026 Iako ju, ka\u017ee, uslijed rada na njivi sve vi\u0161e boli kralje\u017enica, ne\u0107e odustati od svog vrtlarenja. &#8220;Polako se daleko stigne. Zadnjih godina na zemlji izdr\u017eim raditi oko dva sata dnevno, ali dovoljno je to za uspjeh mog povr\u0107a&#8221;, ka\u017ee.<\/p><div id=\"mojev-1567087527\" class=\"mojev-u-tekstu mojev-entity-placement\" style=\"margin-left: auto;margin-right: auto;text-align: center;\"><div class=\"mojev-adlabel\">oglas<\/div><div style=\"height: 250px;\"><script async src=\"https:\/\/pagead2.googlesyndication.com\/pagead\/js\/adsbygoogle.js?client=ca-pub-8106111766207173\"\r\n     crossorigin=\"anonymous\"><\/script>\r\n<!-- Prikazni 1 u tekstu -->\r\n<ins class=\"adsbygoogle\"\r\n     style=\"display:block\"\r\n     data-ad-client=\"ca-pub-8106111766207173\"\r\n     data-ad-slot=\"8535551207\"\r\n     data-ad-format=\"auto\"\r\n     data-full-width-responsive=\"true\"><\/ins>\r\n<script>\r\n     (adsbygoogle = window.adsbygoogle || []).push({});\r\n<\/script><\/div><\/div><br style=\"clear: both; display: block; float: none;\"\/>\n\n\n\n<h3 class=\"wp-block-heading\">Vrt, kuhanje, ru\u010dni rad i crkva<\/h3>\n\n\n\n<p>Osim \u0161to se bavi vrtom, svakodnevno kuha &#8211; \u010das primorska, \u010das goranska jela. Suprug je pak, ka\u017ee, zadu\u017een za radove oko ku\u0107e. No, gospo\u0111a Gabrijela ne miruje ni predve\u010der, ve\u0107 s prijateljicama \u010desto odlazi u obli\u017enju crkvicu. &#8220;Imam ne\u0161to manje od kilometra do tamo, putem mi se priklju\u010de druge mje\u0161tanke pa \u010davrljamo. U crkvi molimo krunicu, \u010desto pro\u0111emo kri\u017eni put, a za svibanjskih i listopadskih pobo\u017enosti nalazimo se i molimo ba\u0161 svaki dan. Va\u017ean mi je taj duhovni \u017eivot&#8221;, govori nam.<\/p>\n\n\n\n<p>A zimi, kad su dani iznimno hladni i kratki, gospo\u0111a Gabrijela se vra\u0107a svom omiljenom hobiju. &#8220;To su dani kad &nbsp;se posvetim kuki\u010danju, pletenju i \u0161ivanju&#8221;, otkriva vrijedna gospo\u0111a Gabrijela pokazuju\u0107i nam prava mala umjetni\u010dka djela u obliku stolnjaka, dugih toplih vesti, haljinica, a jo\u0161 \u010duva i odijelce koje je od pamu\u010dnog konca splela unu\u010dici za izlazak iz rodili\u0161ta. Kolegicama je, otkrila nam je potom, jo\u0161 u gimnaziji \u0161ivala haljine, suknjice i kupa\u0107e kostime, a poslije \u0161ogoricama haljine za do\u010dek Nove godine, pa k\u0107eri maturalnu haljinu. Poslije si je pak dala odu\u0161ka pletu\u0107i i \u0161ivaju\u0107i za unuku.<\/p>\n\n\n\n<figure class=\"wp-block-image size-large\"><img loading=\"lazy\" decoding=\"async\" width=\"740\" height=\"444\" src=\"https:\/\/www.mojevrijeme.hr\/magazin\/wp-content\/uploads\/2022\/04\/gabrijela-polovic-740x444.jpg\" alt=\"\" class=\"wp-image-58058\" srcset=\"https:\/\/www.mojevrijeme.hr\/magazin\/wp-content\/uploads\/2022\/04\/gabrijela-polovic-740x444.jpg 740w, https:\/\/www.mojevrijeme.hr\/magazin\/wp-content\/uploads\/2022\/04\/gabrijela-polovic-636x382.jpg 636w, https:\/\/www.mojevrijeme.hr\/magazin\/wp-content\/uploads\/2022\/04\/gabrijela-polovic-768x461.jpg 768w, https:\/\/www.mojevrijeme.hr\/magazin\/wp-content\/uploads\/2022\/04\/gabrijela-polovic-1536x922.jpg 1536w, https:\/\/www.mojevrijeme.hr\/magazin\/wp-content\/uploads\/2022\/04\/gabrijela-polovic-1500x900.jpg 1500w, https:\/\/www.mojevrijeme.hr\/magazin\/wp-content\/uploads\/2022\/04\/gabrijela-polovic-1600x960.jpg 1600w, https:\/\/www.mojevrijeme.hr\/magazin\/wp-content\/uploads\/2022\/04\/gabrijela-polovic-590x354.jpg 590w, https:\/\/www.mojevrijeme.hr\/magazin\/wp-content\/uploads\/2022\/04\/gabrijela-polovic-400x240.jpg 400w, https:\/\/www.mojevrijeme.hr\/magazin\/wp-content\/uploads\/2022\/04\/gabrijela-polovic-1000x600.jpg 1000w, https:\/\/www.mojevrijeme.hr\/magazin\/wp-content\/uploads\/2022\/04\/gabrijela-polovic-820x492.jpg 820w, https:\/\/www.mojevrijeme.hr\/magazin\/wp-content\/uploads\/2022\/04\/gabrijela-polovic-1080x648.jpg 1080w, https:\/\/www.mojevrijeme.hr\/magazin\/wp-content\/uploads\/2022\/04\/gabrijela-polovic.jpg 2000w\" sizes=\"auto, (max-width: 740px) 100vw, 740px\" \/><figcaption>Gospo\u0111a Gabrijela \u010duva odijelce koje je unu\u010dici splela za izlazak iz rodili\u0161ta (foto: Gordana Arh)<\/figcaption><\/figure>\n\n\n\n<p>&#8220;Bila sam neumorna, \u010dak su me u rije\u010dkoj gimnaziji nagovarali da odem za modnu dizajnericu, ali ja sam se ipak vidjela u razredu&#8221;, ispri\u010dala je i dodala da je kuki\u010dati i plesti nau\u010dila je i prije nego \u0161to je krenula u \u0161kolu, gledaju\u0107i majku Emu. A \u0161ivanje ju je toliko zanimalo da je sate i sate, otkriva, provodila kod seoske kroja\u010dice i jo\u0161 u osnovnoj \u0161koli savladala i to umije\u0107e.<\/p>\n\n\n\n<h3 class=\"wp-block-heading\">Djevoj\u010dica seli u velegrad<\/h3>\n\n\n\n<p>&#8220;Moj otac je nestao u ratu, a mama, moj mla\u0111i brat Ivo i ja \u017eivjeli smo kod rodbine \u2013 u ku\u0107i nas je bilo petero djece i troje odraslih. S vremenom je postalo jasno da nam postaje pretijesno i mama je odlu\u010dila da \u0107emo preseliti u Rijeku gdje je \u017eivjela njezina sestra&#8221;, prisjetila se gospo\u0111a Gabrijela i naglasila da je majka bila vrlo snala\u017eljiva \u017eena. <\/p>\n\n\n\n<p>&#8220;Odmah se zaposlila u jednom rije\u010dkom \u0111a\u010dkom domu kao sprema\u010dica, potom kao pomo\u0107na kuharica, da bi na kraju dogurala do omiljene \u0161efice kuhinje. Danas se i sama pitam kako me nakon srednje u Rijeci uspjela \u0161kolovati dalje u Zagrebu. A kad je oti\u0161la u mirovinu, pitala se bi li kupila novog Fi\u0107u ili po\u010dela graditi ku\u0107icu na djedovini. I onda je naglas rekla da joj djeca vole dolaziti u Tr\u0161\u0107e i odluka je pala na gradnju ku\u0107e. I evo, danas mi \u017eivimo u toj ku\u0107i&#8221;, doznajemo.<\/p>\n\n\n\n<h3 class=\"wp-block-heading\">Trudnica na faksu<\/h3>\n\n\n\n<p>Jo\u0161 dok je bila na Filozofskom fakultetu, upoznala je ljubav svog \u017eivota. Gospodin Bo\u017eidar bio je prijatelj njezinog brata u Rijeci, on ih je i upoznao. Oboje studirali u Zagrebu kad ih je zauvijek ih je spojila velika poplava 1964. godine.<\/p>\n\n\n\n<p>&#8220;On se poku\u0161ao pje\u0161ice probiti do mene u studentski dom u Cvjetnom naselju, ali nije uspio pa se htio vratiti, ali je putem ugledao \u010damac u kojem su vojnici samo sjedili jer nisu znali veslati. Tada je usko\u010dio u njihov \u010damac i veslao ravno po mene, kako bi zajedno otputovali ku\u0107i u Rijeku. Nastavili smo se vi\u0111ati i ubrzo odlu\u010dili da \u0107emo se vjen\u010dati. I dok su nam majke negodovale jer smo bili jako mladi, moj nas je brat po\u017eurivao da svadba mora biti prije nego \u0161to ode u vojsku. Tako sam s fakulteta iz Zagreba i\u0161la na pripreme za vjen\u010danje u Rijeku. I uspjeli smo sve odraditi! A onda sam, na \u010detvrtoj godini studija, ostala trudna, ali sam ga uspjela zavr\u0161iti vanredno. Suprug je najprije oti\u0161ao u vojsku i potom se odmah zaposlio, trebalo je zbrinuti obitelj. Kasnije je on uz posao zavr\u0161io za in\u017eenjera za\u0161tite na radu na zagreba\u010dkom Radni\u010dkom sveu\u010dili\u0161tu&#8221;, ispri\u010dala je gospo\u0111a Gabrijela.<\/p>\n\n\n\n<p>I dok je gospodin Bo\u017eidar gotovo cijeli radni vijek proveo u brodogradili\u0161tu u Kraljevici, ona je najprije u Rijeci radila na raznim zamjenama. Kad su preselili u Kraljevicu najprije je dobila dva posla na nepuno radno vrijeme: u tamo\u0161njoj desetogodi\u0161njoj osnovnoj \u0161koli predavala je Njema\u010dki, a u \u0111a\u010dkom domu za stipendiste brodogradili\u0161ta bila je odgajateljica. Posljednjih 25 godina do umirovljenja radila je pak kao profesorica u srednjoj Pomorskoj \u0161koli Bakar, gdje je ujedno bila voditeljica \u0161kolske knji\u017enice. Kako ka\u017ee, za to je razdoblje ve\u017eu najljep\u0161e uspomene, voljela je rad s djecom te je organizirala brojne izlo\u017ebe na razne teme iz svijeta pomorstva.<\/p>\n\n\n\n<h3 class=\"wp-block-heading\">Trauma koja im je obilje\u017eila \u017eivot<\/h3>\n\n\n\n<p>\u017divjeli su jo\u0161 u Rijeci kad se njihova tada osmogodi\u0161nja k\u0107i jednog dana u kolovozu vra\u0107ala s kupanja i na nju je naletio auto. &#8220;Od siline udarca pala je na sljepoo\u010dnicu i pala u komu, 35 se dana nije budila. Ma zamislite, niti jedan prijelom kosti nije imala, samo taj nesretan pad na glavu. Ne znam ni sama kako smo pre\u017eivjeli tih 35 dana \u2013 svako sam jutro najprije i\u0161la u crkvu na misu od 7, a potom u bolnicu do\u010dekati vizitu. Tri mjeseca uzela sam i pauzu od posla&#8221;, govori nam i uzdahne.<\/p>\n\n\n\n<p>Snje\u017eana je te jeseni do\u0161la ku\u0107i i bilo je jasno da ne\u0107e mo\u0107i odmah na nastavu. &#8220;Ja sam svaki dan od njezine prijateljice iz razreda u bilje\u017enice prepisivala sve \u0161to su radili u \u0161koli, i, budu\u0107i da sam profesorica, podu\u010davala k\u0107er kod ku\u0107e. Na kraju \u0161kolske godine imala je ispit koji je trajao satima i cijelu je godinu uspjela polo\u017eiti s vrlo dobrim. Jo\u0161 se \u017eivo sje\u0107am da smo se taj dan po\u010dastile u slasti\u010darnici. Kasnije se ona \u0161kolovala redovno, zavr\u0161ila srednju i potom za vi\u0161eg fizikalnog terapeuta pri Medicinskom Fakultetu u Rijeci&#8221;, ispri\u010dala je iskreno gospo\u0111a Gabrijela. Naglasila je i da je nakon nesre\u0107e suprug Bo\u017eidar odigrao veliku ulogu, vode\u0107i djevoj\u010dicu na preporuku lije\u010dnika neumorno i gotovo svakodnevno na plivanje na bazen.<\/p>\n\n\n\n<figure class=\"wp-block-image size-large\"><img loading=\"lazy\" decoding=\"async\" width=\"740\" height=\"444\" src=\"https:\/\/www.mojevrijeme.hr\/magazin\/wp-content\/uploads\/2022\/04\/snjezana-polovic-740x444.jpg\" alt=\"\" class=\"wp-image-58060\" srcset=\"https:\/\/www.mojevrijeme.hr\/magazin\/wp-content\/uploads\/2022\/04\/snjezana-polovic-740x444.jpg 740w, https:\/\/www.mojevrijeme.hr\/magazin\/wp-content\/uploads\/2022\/04\/snjezana-polovic-636x382.jpg 636w, https:\/\/www.mojevrijeme.hr\/magazin\/wp-content\/uploads\/2022\/04\/snjezana-polovic-768x461.jpg 768w, https:\/\/www.mojevrijeme.hr\/magazin\/wp-content\/uploads\/2022\/04\/snjezana-polovic-1536x922.jpg 1536w, https:\/\/www.mojevrijeme.hr\/magazin\/wp-content\/uploads\/2022\/04\/snjezana-polovic-1500x900.jpg 1500w, https:\/\/www.mojevrijeme.hr\/magazin\/wp-content\/uploads\/2022\/04\/snjezana-polovic-1600x960.jpg 1600w, https:\/\/www.mojevrijeme.hr\/magazin\/wp-content\/uploads\/2022\/04\/snjezana-polovic-590x354.jpg 590w, https:\/\/www.mojevrijeme.hr\/magazin\/wp-content\/uploads\/2022\/04\/snjezana-polovic-400x240.jpg 400w, https:\/\/www.mojevrijeme.hr\/magazin\/wp-content\/uploads\/2022\/04\/snjezana-polovic-1000x600.jpg 1000w, https:\/\/www.mojevrijeme.hr\/magazin\/wp-content\/uploads\/2022\/04\/snjezana-polovic-820x492.jpg 820w, https:\/\/www.mojevrijeme.hr\/magazin\/wp-content\/uploads\/2022\/04\/snjezana-polovic-1080x648.jpg 1080w, https:\/\/www.mojevrijeme.hr\/magazin\/wp-content\/uploads\/2022\/04\/snjezana-polovic.jpg 2000w\" sizes=\"auto, (max-width: 740px) 100vw, 740px\" \/><figcaption>K\u0107i Snje\u017eana u vesti koju joj je isplela majka (foto: Gordana Arh)<\/figcaption><\/figure>\n\n\n\n<h3 class=\"wp-block-heading\">\u017divotni udarci nisu ih \u0161tedili<\/h3>\n\n\n\n<p>Novi \u0161ok do\u0161ao je s Domovinskim ratom devedesetih, kad je gospodin Bo\u017eidar oti\u0161ao u dragovoljce. &#8220;U na\u0161oj obitelji se podrazumijevalo da se ide braniti domovina&#8221;, rekla je kratko i jasno gospo\u0111a Gabrijela. A u svoj toj brizi i strahu za njega, umrla joj je najprije svekrva, a tri tjedna nakon nje i majka. &#8220;Bo\u017eo je bio na polo\u017eaju u Gospi\u0107u, nije mogao vjerovati kad sam mu javljala te\u0161ke vijesti. Njegova majka \u010dak nije bila ni ozbiljnije bolesna ve\u0107 je do\u017eivjela iznenadni sr\u010dani udar, a moju sam, te\u0161ko bolesnu, njegovala sama kod ku\u0107e&#8221;, ispri\u010dala je.<\/p>\n\n\n\n<h3 class=\"wp-block-heading\">U mirovinu on s 58, a ona sa 63 godine<\/h3>\n\n\n\n<p>Za \u017eivota je ovaj bra\u010dni par mnoge vikende i godi\u0161nje odmore provodio u ku\u0107i u Tr\u0161\u0107u. &#8220;Kad je suprug pet godina prije mene odlu\u010dio oti\u0107i u mirovinu, donio je prijelomnu odluku \u2013 da \u017eeli trajno preseliti ovdje, na selo. Tako smo se godinama vi\u0111ali samo vikendom \u2013 ja bih svaki tjedan, po suncu, ki\u0161i, snijegu i ledu vozila za Gorski kotar, a nedjeljom natrag. Namjeravala sam raditi sve do 65-te, voljela sam svoj posao, ali su se uvodile promjene u \u0161kolstvu, trebalo je u\u010diti rad na ra\u010dunalu, kolegica iz knji\u017enice s kojom sam si bila jako dobra oti\u0161la je, a ve\u0107 su mi dojadila i ta putovanja. Tako sam sa 63 godine rekla: &#8216;Dosta&#8217;. Brzo smo prodali stan u gradu, a ovdje do kraja zavr\u0161ili ku\u0107u i uredili oku\u0107nicu. I nikad, nikad nisam po\u017ealila \u0161to sam se nakon 55 godine vratila u rodni kraj!&#8221;<\/p>\n\n\n\n<p>Upitali smo je za kraj u \u010demu vidi tajnu svoje vitalnosti. &#8220;Nikada nemojte kukati i tjerajte bolest od sebe. Pa ja sam tek lani za sebe prvi put rekla da sam stara&#8221;, rekla je i nasmijala se od srca.<\/p>\n\n\n\n<div id=\"blokovi\">Ovaj prilog nastao je uz potporu Fonda za poticanje pluralizma i raznovrsnosti elektroni\u010dkih medija u okviru projekta \u201cS godinama bolji &#8211; Aktivno i zdravo starenje\u201d<\/div>\n<div id=\"mojev-3218868162\" class=\"mojev-kraj-teksta mojev-entity-placement\" style=\"margin-bottom: 20px;margin-left: auto;margin-right: auto;text-align: center;\"><div class=\"mojev-adlabel\">oglas<\/div><div style=\"height: 250px;\"><script async src=\"https:\/\/pagead2.googlesyndication.com\/pagead\/js\/adsbygoogle.js?client=ca-pub-8106111766207173\"\r\n     crossorigin=\"anonymous\"><\/script>\r\n<!-- Display-1 -->\r\n<ins class=\"adsbygoogle\"\r\n     style=\"display:block\"\r\n     data-ad-client=\"ca-pub-8106111766207173\"\r\n     data-ad-slot=\"1465712950\"\r\n     data-ad-format=\"auto\"\r\n     data-full-width-responsive=\"true\"><\/ins>\r\n<script>\r\n     (adsbygoogle = window.adsbygoogle || []).push({});\r\n<\/script><\/div><\/div>","protected":false},"excerpt":{"rendered":"<p>Gabrijela i Bo\u017eidar Polovi\u0107, oboje 79-godi\u0161njci koji u svibnju zajedno slave ro\u0111endane, kao djeca su s roditeljima potra\u017eili bolji \u017eivot u Rijeci \u2013 on je do\u0161ao iz Bosiljeva, a ona iz Tr\u0161\u0107a u Gorskom kotaru. U Rijeci su se vjen\u010dali, dobili k\u0107er i radili do svojih kasnih tridesetih. Posao ih je potom odveo u 20 kilometara udaljenu Kraljevicu, gdje su ostali do mirovine. I iako su nadomak Rijeke mogli u\u017eivati sva svjetla velegrada, i\u0107i u kazali\u0161ta, kina, nebrojene \u0161oping centre, oni su u mirovini odabrali jedan sasvim druga\u010diji \u017eivot \u2013 u njezinom rodnom mjesta\u0161cu s tek 600-tinjak stanovnika. I nisu, ka\u017eu oboje, ni jednog trenutka po\u017ealili zbog te odluke!<\/p>\n","protected":false},"author":15,"featured_media":58057,"comment_status":"closed","ping_status":"closed","sticky":false,"template":"","format":"standard","meta":{"footnotes":""},"categories":[85],"tags":[3104,957,2875],"class_list":["post-58022","post","type-post","status-publish","format-standard","has-post-thumbnail","hentry","category-aktivno-starenje","tag-gorski-kotar","tag-mirovina","tag-selo"],"_links":{"self":[{"href":"https:\/\/www.mojevrijeme.hr\/magazin\/wp-json\/wp\/v2\/posts\/58022","targetHints":{"allow":["GET"]}}],"collection":[{"href":"https:\/\/www.mojevrijeme.hr\/magazin\/wp-json\/wp\/v2\/posts"}],"about":[{"href":"https:\/\/www.mojevrijeme.hr\/magazin\/wp-json\/wp\/v2\/types\/post"}],"author":[{"embeddable":true,"href":"https:\/\/www.mojevrijeme.hr\/magazin\/wp-json\/wp\/v2\/users\/15"}],"replies":[{"embeddable":true,"href":"https:\/\/www.mojevrijeme.hr\/magazin\/wp-json\/wp\/v2\/comments?post=58022"}],"version-history":[{"count":0,"href":"https:\/\/www.mojevrijeme.hr\/magazin\/wp-json\/wp\/v2\/posts\/58022\/revisions"}],"wp:featuredmedia":[{"embeddable":true,"href":"https:\/\/www.mojevrijeme.hr\/magazin\/wp-json\/wp\/v2\/media\/58057"}],"wp:attachment":[{"href":"https:\/\/www.mojevrijeme.hr\/magazin\/wp-json\/wp\/v2\/media?parent=58022"}],"wp:term":[{"taxonomy":"category","embeddable":true,"href":"https:\/\/www.mojevrijeme.hr\/magazin\/wp-json\/wp\/v2\/categories?post=58022"},{"taxonomy":"post_tag","embeddable":true,"href":"https:\/\/www.mojevrijeme.hr\/magazin\/wp-json\/wp\/v2\/tags?post=58022"}],"curies":[{"name":"wp","href":"https:\/\/api.w.org\/{rel}","templated":true}]}}