{"id":58098,"date":"2022-04-02T20:57:15","date_gmt":"2022-04-02T18:57:15","guid":{"rendered":"https:\/\/www.mojevrijeme.hr\/magazin\/?p=58098"},"modified":"2022-04-03T09:21:19","modified_gmt":"2022-04-03T07:21:19","slug":"gradonacelnik-frankovic-hdz-je-cuvar-reda-anastazija-nije-imala-dozvolu","status":"publish","type":"post","link":"https:\/\/www.mojevrijeme.hr\/magazin\/2022\/04\/gradonacelnik-frankovic-hdz-je-cuvar-reda-anastazija-nije-imala-dozvolu\/","title":{"rendered":"Gradona\u010delnik Frankovi\u0107: HDZ je \u010duvar reda, Anastazija mora po\u0161tovati zakon!"},"content":{"rendered":"\n<p>Sudbine mace <strong>Anastazije<\/strong> kojoj je ovih dana oduzet topli dom u srcu Dubrovnika dirnula je mnoge. 17&nbsp;godina stara ljubimica Groda zavr\u0161ila je kao besku\u0107nica nakon \u0161to joj je uklonjena ku\u0107ica na ulazu Kne\u017eeva dvora. Uklanjanje objekta pokrenula je institucija Dubrova\u010dki muzeji prijavom Anastazije gra\u0111evinskoj inspekciji.<\/p>\n\n\n\n<p>Iako je javnost dominantno na strani vreme\u0161ne mace, gradona\u010delnik <strong>Mato Frankovi\u0107<\/strong> navodi da je ovo slu\u010daj u kojem se valja voditi razumom, a ne srcem i jeftinim emocijama. &#8220;Gledajte, HDZ je na strani zakona i reda. Da nije tako, ne bi vodio Hrvatsku od njenog osnutka. Bespravna gradnja, pogotovo na povijesnim lokalitetima je kra\u0111a i nije prihvatljiva, a Anastazija nije imala gra\u0111evinsku dozvolu. Domoljubno je po\u0161tovati zakon&#8221;, prenosi gradona\u010delnikovu izjavu satiri\u010dki portal <a href=\"https:\/\/plamenijazavac.com\/2022\/04\/frankovic-anastazija-nije-imala-gradevinsku-dozvolu-hdz-je-cuvar-reda\/\" target=\"_blank\" rel=\"noreferrer noopener\">PlameniJazavac<\/a>.<\/p>\n\n\n\n<p>&#8220;Kada bismo popustili u ovom slu\u010daju, \u0161to bi bilo idu\u0107e? Betonizacija i privatizacija obale? Pogodovanje privatnom investitoru na \u0161tetu javnog dobra?&#8221; pita se gradona\u010delnik.<\/p><div id=\"mojev-3522040457\" class=\"mojev-u-tekstu mojev-entity-placement\" style=\"margin-left: auto;margin-right: auto;text-align: center;\"><div class=\"mojev-adlabel\">oglas<\/div><div style=\"height: 250px;\"><script async src=\"https:\/\/pagead2.googlesyndication.com\/pagead\/js\/adsbygoogle.js?client=ca-pub-8106111766207173\"\r\n     crossorigin=\"anonymous\"><\/script>\r\n<!-- Prikazni 1 u tekstu -->\r\n<ins class=\"adsbygoogle\"\r\n     style=\"display:block\"\r\n     data-ad-client=\"ca-pub-8106111766207173\"\r\n     data-ad-slot=\"8535551207\"\r\n     data-ad-format=\"auto\"\r\n     data-full-width-responsive=\"true\"><\/ins>\r\n<script>\r\n     (adsbygoogle = window.adsbygoogle || []).push({});\r\n<\/script><\/div><\/div><br style=\"clear: both; display: block; float: none;\"\/>\n\n\n\n<p>Europarlamentarac <strong>Ivan Vilibor Sin\u010di\u0107<\/strong> ka\u017ee da \u0107e ovu delo\u017eaciju izdignuti na europsku razinu. &#8220;\u017divi zid pomno prati situaciju i samo je pitanje trenutka kada \u0107emo reagirati. Trenutno smo vi\u0161e orijentirani na obnovu ku\u0107a na Banovini, ali to privodimo kraju&#8221;, ka\u017ee.<\/p>\n\n\n\n<p>Gra\u0111ani nezadovoljni trenutnim razvojem situacije po Grodu ispisuju grafite &#8220;Svi smo mi Anastazija&#8221; te najavljuju prosvjed pod parolom &#8220;Ako je krala, i nama je mjau dala&#8221;, pi\u0161e PlemeniJazavac u rubrici <a rel=\"noreferrer noopener\" href=\"https:\/\/plamenijazavac.com\/category\/svijet-oko-nas\/\" target=\"_blank\">&#8220;Domovina i svijet&#8221;<\/a>.<\/p>\n<div id=\"mojev-2916053774\" class=\"mojev-kraj-teksta mojev-entity-placement\" style=\"margin-bottom: 20px;margin-left: auto;margin-right: auto;text-align: center;\"><div class=\"mojev-adlabel\">oglas<\/div><div style=\"height: 250px;\"><script async src=\"https:\/\/pagead2.googlesyndication.com\/pagead\/js\/adsbygoogle.js?client=ca-pub-8106111766207173\"\r\n     crossorigin=\"anonymous\"><\/script>\r\n<!-- Display-1 -->\r\n<ins class=\"adsbygoogle\"\r\n     style=\"display:block\"\r\n     data-ad-client=\"ca-pub-8106111766207173\"\r\n     data-ad-slot=\"1465712950\"\r\n     data-ad-format=\"auto\"\r\n     data-full-width-responsive=\"true\"><\/ins>\r\n<script>\r\n     (adsbygoogle = window.adsbygoogle || []).push({});\r\n<\/script><\/div><\/div>","protected":false},"excerpt":{"rendered":"<p>Gra\u0111ani nezadovoljni trenutnim razvojem situacije po Grodu ispisuju grafite &#8216;Svi smo mi Anastazija&#8217; te najavljuju prosvjed pod parolom &#8216;Ako je krala, i nama je mjau dala&#8217;.<\/p>\n","protected":false},"author":1,"featured_media":58099,"comment_status":"closed","ping_status":"closed","sticky":false,"template":"","format":"standard","meta":{"footnotes":""},"categories":[2743],"tags":[473,3105,3101,1297],"class_list":["post-58098","post","type-post","status-publish","format-standard","has-post-thumbnail","hentry","category-humor-i-satira","tag-dubrovnik","tag-maca-anastazija","tag-mato-frankovic","tag-satira"],"_links":{"self":[{"href":"https:\/\/www.mojevrijeme.hr\/magazin\/wp-json\/wp\/v2\/posts\/58098","targetHints":{"allow":["GET"]}}],"collection":[{"href":"https:\/\/www.mojevrijeme.hr\/magazin\/wp-json\/wp\/v2\/posts"}],"about":[{"href":"https:\/\/www.mojevrijeme.hr\/magazin\/wp-json\/wp\/v2\/types\/post"}],"author":[{"embeddable":true,"href":"https:\/\/www.mojevrijeme.hr\/magazin\/wp-json\/wp\/v2\/users\/1"}],"replies":[{"embeddable":true,"href":"https:\/\/www.mojevrijeme.hr\/magazin\/wp-json\/wp\/v2\/comments?post=58098"}],"version-history":[{"count":0,"href":"https:\/\/www.mojevrijeme.hr\/magazin\/wp-json\/wp\/v2\/posts\/58098\/revisions"}],"wp:featuredmedia":[{"embeddable":true,"href":"https:\/\/www.mojevrijeme.hr\/magazin\/wp-json\/wp\/v2\/media\/58099"}],"wp:attachment":[{"href":"https:\/\/www.mojevrijeme.hr\/magazin\/wp-json\/wp\/v2\/media?parent=58098"}],"wp:term":[{"taxonomy":"category","embeddable":true,"href":"https:\/\/www.mojevrijeme.hr\/magazin\/wp-json\/wp\/v2\/categories?post=58098"},{"taxonomy":"post_tag","embeddable":true,"href":"https:\/\/www.mojevrijeme.hr\/magazin\/wp-json\/wp\/v2\/tags?post=58098"}],"curies":[{"name":"wp","href":"https:\/\/api.w.org\/{rel}","templated":true}]}}