{"id":5812,"date":"2015-11-25T17:22:41","date_gmt":"2015-11-25T16:22:41","guid":{"rendered":"http:\/\/www.mojevrijeme.hr\/magazin\/?p=5812"},"modified":"2016-03-24T18:41:19","modified_gmt":"2016-03-24T17:41:19","slug":"u-subotu-se-otvara-ledeni-park-na-tomislavcu","status":"publish","type":"post","link":"https:\/\/www.mojevrijeme.hr\/magazin\/2015\/11\/u-subotu-se-otvara-ledeni-park-na-tomislavcu\/","title":{"rendered":"U subotu se otvara Ledeni park na Tomislavcu"},"content":{"rendered":"<p>Najve\u0107e klizali\u0161te u ovom dijelu Europe i najpopularnija zagreba\u010dka zimska atrakcija &#8211; Ledeni park na Trgu kralja Tomislava u Zagrebu \u2013sve\u010dano se otvara ovu <strong>subotu, 28. studenoga, u 18 sati<\/strong>.\u00a0Ledeni park, u organizaciji Turisti\u010dke zajednice Grada Zagreba, bit \u0107e otvoren prigodnim programom u\u00a0kojemu \u0107e nastupiti Mia i Lana Negoveti\u0107, Ivana Husar Mlinac, polaznici glazbene \u0161kole Husar&amp;Tom\u010di\u0107, zbor Izvor, a glazbene nastupe pratit \u0107e kliza\u010di iz zagreba\u010dkog kliza\u010dkog kluba Pahuljice. Program otvorenja vodit \u0107e Vlatka Pokos i Mario Kova\u010d.<\/p>\n<p>Ledeni park donosi jo\u0161 zanimljiviju gastronomsku ponudu koja okuplja dvadesetak najboljih zagreba\u010dkih ugostitelja i restorana. Tradicionalni \u0161trukli, mirisni kola\u010di izra\u0111eni prema bakinim receptima te slasni zagreba\u010dki mesni zalogaji bit \u0107e dijelom svakodnevne ponude. Ove godine, kliza\u010dke avanture mo\u0107i \u0107e se pratiti i s atraktivnog Ledenog vidikovca uz \u0161ampanjac, pun\u010d i kuhano vino.<\/p>\n<p><strong>Radno vrijeme:<\/strong> 10-23<\/p><div id=\"mojev-2856167021\" class=\"mojev-u-tekstu mojev-entity-placement\" style=\"margin-left: auto;margin-right: auto;text-align: center;\"><div class=\"mojev-adlabel\">oglas<\/div><div style=\"height: 250px;\"><script async src=\"https:\/\/pagead2.googlesyndication.com\/pagead\/js\/adsbygoogle.js?client=ca-pub-8106111766207173\"\r\n     crossorigin=\"anonymous\"><\/script>\r\n<!-- Prikazni 1 u tekstu -->\r\n<ins class=\"adsbygoogle\"\r\n     style=\"display:block\"\r\n     data-ad-client=\"ca-pub-8106111766207173\"\r\n     data-ad-slot=\"8535551207\"\r\n     data-ad-format=\"auto\"\r\n     data-full-width-responsive=\"true\"><\/ins>\r\n<script>\r\n     (adsbygoogle = window.adsbygoogle || []).push({});\r\n<\/script><\/div><\/div><br style=\"clear: both; display: block; float: none;\"\/>\n<p><strong>Cijena za 60 minuta klizanja:<\/strong>\u00a015 kuna od 10 do 16 sati, 20 kuna od 16 do 22 sata<\/p>\n<p><strong>Najam klizaljki:<\/strong> 10 kuna<\/p>\n<p>Djeca do 6 godina kli\u017eu besplatno, a posebne popuste ostvarivat \u0107e branitelji, studenti i umirovljenici.<\/p>\n<div id=\"mojev-2004742118\" class=\"mojev-kraj-teksta mojev-entity-placement\" style=\"margin-bottom: 20px;margin-left: auto;margin-right: auto;text-align: center;\"><div class=\"mojev-adlabel\">oglas<\/div><div style=\"height: 250px;\"><script async src=\"https:\/\/pagead2.googlesyndication.com\/pagead\/js\/adsbygoogle.js?client=ca-pub-8106111766207173\"\r\n     crossorigin=\"anonymous\"><\/script>\r\n<!-- Display-1 -->\r\n<ins class=\"adsbygoogle\"\r\n     style=\"display:block\"\r\n     data-ad-client=\"ca-pub-8106111766207173\"\r\n     data-ad-slot=\"1465712950\"\r\n     data-ad-format=\"auto\"\r\n     data-full-width-responsive=\"true\"><\/ins>\r\n<script>\r\n     (adsbygoogle = window.adsbygoogle || []).push({});\r\n<\/script><\/div><\/div>","protected":false},"excerpt":{"rendered":"<p>Djeca do 6 godina kli\u017eu besplatno, a posebne popuste ostvarivat \u0107e branitelji, studenti i umirovljenici. Prigodnim programom u kojemu \u0107e nastupiti Mia i Lana Negoveti\u0107, Ivana Husar Mlinac, polaznici glazbene \u0161kole Husar&#038;Tom\u010di\u0107, zbor Izvor, a glazbene nastupe pratit \u0107e kliza\u010di iz zagreba\u010dkog kliza\u010dkog kluba Pahuljice.<\/p>\n","protected":false},"author":5,"featured_media":5814,"comment_status":"closed","ping_status":"open","sticky":false,"template":"","format":"standard","meta":{"footnotes":""},"categories":[136],"tags":[697,630,39],"class_list":["post-5812","post","type-post","status-publish","format-standard","has-post-thumbnail","hentry","category-promo","tag-klizanje","tag-popusti","tag-zagreb"],"_links":{"self":[{"href":"https:\/\/www.mojevrijeme.hr\/magazin\/wp-json\/wp\/v2\/posts\/5812","targetHints":{"allow":["GET"]}}],"collection":[{"href":"https:\/\/www.mojevrijeme.hr\/magazin\/wp-json\/wp\/v2\/posts"}],"about":[{"href":"https:\/\/www.mojevrijeme.hr\/magazin\/wp-json\/wp\/v2\/types\/post"}],"author":[{"embeddable":true,"href":"https:\/\/www.mojevrijeme.hr\/magazin\/wp-json\/wp\/v2\/users\/5"}],"replies":[{"embeddable":true,"href":"https:\/\/www.mojevrijeme.hr\/magazin\/wp-json\/wp\/v2\/comments?post=5812"}],"version-history":[{"count":0,"href":"https:\/\/www.mojevrijeme.hr\/magazin\/wp-json\/wp\/v2\/posts\/5812\/revisions"}],"wp:featuredmedia":[{"embeddable":true,"href":"https:\/\/www.mojevrijeme.hr\/magazin\/wp-json\/wp\/v2\/media\/5814"}],"wp:attachment":[{"href":"https:\/\/www.mojevrijeme.hr\/magazin\/wp-json\/wp\/v2\/media?parent=5812"}],"wp:term":[{"taxonomy":"category","embeddable":true,"href":"https:\/\/www.mojevrijeme.hr\/magazin\/wp-json\/wp\/v2\/categories?post=5812"},{"taxonomy":"post_tag","embeddable":true,"href":"https:\/\/www.mojevrijeme.hr\/magazin\/wp-json\/wp\/v2\/tags?post=5812"}],"curies":[{"name":"wp","href":"https:\/\/api.w.org\/{rel}","templated":true}]}}