{"id":58162,"date":"2022-04-06T09:40:10","date_gmt":"2022-04-06T07:40:10","guid":{"rendered":"https:\/\/www.mojevrijeme.hr\/magazin\/?p=58162"},"modified":"2022-04-06T09:40:11","modified_gmt":"2022-04-06T07:40:11","slug":"stara-netrpeljivost-kosor-jos-jednom-podbola-kolindu-podsjetila-na-stara-obecanja","status":"publish","type":"post","link":"https:\/\/www.mojevrijeme.hr\/magazin\/2022\/04\/stara-netrpeljivost-kosor-jos-jednom-podbola-kolindu-podsjetila-na-stara-obecanja\/","title":{"rendered":"Stara netrpeljivost: Kosor jo\u0161 jednom podbola Kolindu, podsjetila na stara obe\u0107anja"},"content":{"rendered":"\n<p>Nekada\u0161nja \u0161efica HDZ-a i biv\u0161a premijerka <strong>Jadranka Kosor<\/strong>, na Twitteru se osvrnula na biv\u0161u predsjednicu <strong>Kolindu Grabar-Kitarovi\u0107<\/strong> koja se sve \u010de\u0161\u0107e spominje kao najizglednija glavna tajnica NATO-a.<\/p>\n\n\n\n<p>&#8220;Aspirantica na sve sve funkcije koja je rekla da \u0107e se u domovini brinuti o djeci i potrebitima, veli da odlika \u0161efa NATO-a mora biti i eti\u010dnost. E, to. To je ono kad smijeni\u0161 \u0161efa tajnih slu\u017ebi a narod do danas ne zna za\u0161to&#8221;, napisala je Kosor.<\/p>\n\n\n\n<p>&#8220;Ili kad u Vukovaru na 18. studenog na Memorijalnom groblju okrene\u0161 glavu i odbije\u0161 se rukovati s ministrom branitelja koji je robijao u tri srpska logora, i pomo\u0107nikom ministra branitelja, kojemu je pola obitelji pobijeno u Vukovaru&#8221;, odgovorio je saborski zastupnik <strong>Bojan Glava\u0161evi<\/strong>\u0107 koji je nekada pomo\u0107nik SDP-ovog ministra branitelja Freda Mati\u0107a.<\/p><div id=\"mojev-3713271156\" class=\"mojev-u-tekstu mojev-entity-placement\" style=\"margin-left: auto;margin-right: auto;text-align: center;\"><div class=\"mojev-adlabel\">oglas<\/div><div style=\"height: 250px;\"><script async src=\"https:\/\/pagead2.googlesyndication.com\/pagead\/js\/adsbygoogle.js?client=ca-pub-8106111766207173\"\r\n     crossorigin=\"anonymous\"><\/script>\r\n<!-- Prikazni 1 u tekstu -->\r\n<ins class=\"adsbygoogle\"\r\n     style=\"display:block\"\r\n     data-ad-client=\"ca-pub-8106111766207173\"\r\n     data-ad-slot=\"8535551207\"\r\n     data-ad-format=\"auto\"\r\n     data-full-width-responsive=\"true\"><\/ins>\r\n<script>\r\n     (adsbygoogle = window.adsbygoogle || []).push({});\r\n<\/script><\/div><\/div><br style=\"clear: both; display: block; float: none;\"\/>\n\n\n\n<p>Naime, Grabar-Kitarovi\u0107 je Ameri\u010dko-hrvatskom forumu u Zagrebu izbjegla pitanje o sebi kao mogu\u0107oj prvoj \u017eeni na toj iznimno va\u017enoj funkciji. &#8220;Idu\u0107i glavni tajnik mora biti izabran izri\u010dito na temelju njegovog rada, obrazovanja, etike, znanja, iskustva i svih onih aspekata za koje se danas borimo da budu glavni razlog za\u0161to biramo nekoga na polo\u017eaj&#8221;, odgovorila je Grabar-Kitarovi\u0107.<\/p>\n<div id=\"mojev-1028803483\" class=\"mojev-kraj-teksta mojev-entity-placement\" style=\"margin-bottom: 20px;margin-left: auto;margin-right: auto;text-align: center;\"><div class=\"mojev-adlabel\">oglas<\/div><div style=\"height: 250px;\"><script async src=\"https:\/\/pagead2.googlesyndication.com\/pagead\/js\/adsbygoogle.js?client=ca-pub-8106111766207173\"\r\n     crossorigin=\"anonymous\"><\/script>\r\n<!-- Display-1 -->\r\n<ins class=\"adsbygoogle\"\r\n     style=\"display:block\"\r\n     data-ad-client=\"ca-pub-8106111766207173\"\r\n     data-ad-slot=\"1465712950\"\r\n     data-ad-format=\"auto\"\r\n     data-full-width-responsive=\"true\"><\/ins>\r\n<script>\r\n     (adsbygoogle = window.adsbygoogle || []).push({});\r\n<\/script><\/div><\/div>","protected":false},"excerpt":{"rendered":"<p>Idu\u0107i glavni tajnik mora biti izabran izri\u010dito na temelju njegovog rada, obrazovanja, etike, znanja, iskustva i svih onih aspekata za koje se danas borimo da budu glavni razlog za\u0161to biramo nekoga na polo\u017eaj, kazala je Grabar-Kitarovi\u0107.<\/p>\n","protected":false},"author":1,"featured_media":58164,"comment_status":"closed","ping_status":"closed","sticky":false,"template":"","format":"standard","meta":{"footnotes":""},"categories":[84],"tags":[1275,359],"class_list":["post-58162","post","type-post","status-publish","format-standard","has-post-thumbnail","hentry","category-show","tag-jadranka-kosor","tag-kolinda"],"_links":{"self":[{"href":"https:\/\/www.mojevrijeme.hr\/magazin\/wp-json\/wp\/v2\/posts\/58162","targetHints":{"allow":["GET"]}}],"collection":[{"href":"https:\/\/www.mojevrijeme.hr\/magazin\/wp-json\/wp\/v2\/posts"}],"about":[{"href":"https:\/\/www.mojevrijeme.hr\/magazin\/wp-json\/wp\/v2\/types\/post"}],"author":[{"embeddable":true,"href":"https:\/\/www.mojevrijeme.hr\/magazin\/wp-json\/wp\/v2\/users\/1"}],"replies":[{"embeddable":true,"href":"https:\/\/www.mojevrijeme.hr\/magazin\/wp-json\/wp\/v2\/comments?post=58162"}],"version-history":[{"count":0,"href":"https:\/\/www.mojevrijeme.hr\/magazin\/wp-json\/wp\/v2\/posts\/58162\/revisions"}],"wp:featuredmedia":[{"embeddable":true,"href":"https:\/\/www.mojevrijeme.hr\/magazin\/wp-json\/wp\/v2\/media\/58164"}],"wp:attachment":[{"href":"https:\/\/www.mojevrijeme.hr\/magazin\/wp-json\/wp\/v2\/media?parent=58162"}],"wp:term":[{"taxonomy":"category","embeddable":true,"href":"https:\/\/www.mojevrijeme.hr\/magazin\/wp-json\/wp\/v2\/categories?post=58162"},{"taxonomy":"post_tag","embeddable":true,"href":"https:\/\/www.mojevrijeme.hr\/magazin\/wp-json\/wp\/v2\/tags?post=58162"}],"curies":[{"name":"wp","href":"https:\/\/api.w.org\/{rel}","templated":true}]}}