{"id":58214,"date":"2022-04-07T17:20:16","date_gmt":"2022-04-07T15:20:16","guid":{"rendered":"https:\/\/www.mojevrijeme.hr\/magazin\/?p=58214"},"modified":"2022-04-07T17:23:30","modified_gmt":"2022-04-07T15:23:30","slug":"stozer-razmislja-o-ukidanju-epidemije-provjerite-osobne-dokumente-na-vrijeme","status":"publish","type":"post","link":"https:\/\/www.mojevrijeme.hr\/magazin\/2022\/04\/stozer-razmislja-o-ukidanju-epidemije-provjerite-osobne-dokumente-na-vrijeme\/","title":{"rendered":"Sto\u017eer razmi\u0161lja o ukidanju epidemije, provjerite osobne dokumente na vrijeme"},"content":{"rendered":"\n<p>&#8220;Razmi\u0161lja se o ukidanju epidemije, ali jo\u0161 nije sazrelo vrijeme za to&#8221;, re\u010deno na dana\u0161njoj tiskovnoj konferenciji Sto\u017eera civilne za\u0161tite. Ve\u0107ina mjera je, ipak, ukinuta, a odluka o tomu \u0107e stupiti na snagu \u2013 sutra u pono\u0107.<\/p>\n\n\n\n<p>Zahvaljuju\u0107i slu\u017ebeno progla\u0161enoj epidemiji, brojni hrvatski gra\u0111ani slu\u017ee se dokumentima kojima je istekao rok valjanosti. Naime, kako bi se za\u0161titili gra\u0111ani i slu\u017ebenici te smanjili fizi\u010dki kontakti, Sabor je u travnju 2020. godine po hitnom postupku donio Zakon o dopunama Zakona o osobnoj iskaznici.<\/p>\n\n\n\n<p>Time je osobnim iskaznicama isteklima za vrijeme epidemije u Republici Hrvatskoj produ\u017een rok va\u017eenja i to na najdu\u017ee 30 dana nakon dana progla\u0161enja prestanka epidemije. Kako prestanak epidemije u Republici Hrvatskoj jo\u0161 uvijek nije progla\u0161en, osobne iskaznice kojima je rok istekao nakon 11. o\u017eujka 2020. godine jo\u0161 su uvijek va\u017ee\u0107e.<\/p><div id=\"mojev-171590858\" class=\"mojev-u-tekstu mojev-entity-placement\" style=\"margin-left: auto;margin-right: auto;text-align: center;\"><div class=\"mojev-adlabel\">oglas<\/div><div style=\"height: 250px;\"><script async src=\"https:\/\/pagead2.googlesyndication.com\/pagead\/js\/adsbygoogle.js?client=ca-pub-8106111766207173\"\r\n     crossorigin=\"anonymous\"><\/script>\r\n<!-- Prikazni 1 u tekstu -->\r\n<ins class=\"adsbygoogle\"\r\n     style=\"display:block\"\r\n     data-ad-client=\"ca-pub-8106111766207173\"\r\n     data-ad-slot=\"8535551207\"\r\n     data-ad-format=\"auto\"\r\n     data-full-width-responsive=\"true\"><\/ins>\r\n<script>\r\n     (adsbygoogle = window.adsbygoogle || []).push({});\r\n<\/script><\/div><\/div><br style=\"clear: both; display: block; float: none;\"\/>\n<div id=\"mojev-2199180715\" class=\"mojev-kraj-teksta mojev-entity-placement\" style=\"margin-bottom: 20px;margin-left: auto;margin-right: auto;text-align: center;\"><div class=\"mojev-adlabel\">oglas<\/div><div style=\"height: 250px;\"><script async src=\"https:\/\/pagead2.googlesyndication.com\/pagead\/js\/adsbygoogle.js?client=ca-pub-8106111766207173\"\r\n     crossorigin=\"anonymous\"><\/script>\r\n<!-- Display-1 -->\r\n<ins class=\"adsbygoogle\"\r\n     style=\"display:block\"\r\n     data-ad-client=\"ca-pub-8106111766207173\"\r\n     data-ad-slot=\"1465712950\"\r\n     data-ad-format=\"auto\"\r\n     data-full-width-responsive=\"true\"><\/ins>\r\n<script>\r\n     (adsbygoogle = window.adsbygoogle || []).push({});\r\n<\/script><\/div><\/div>","protected":false},"excerpt":{"rendered":"<p>Kako bi se za\u0161titili gra\u0111ani i slu\u017ebenici te smanjili fizi\u010dki kontakti, Sabor je u travnju 2020. godine po hitnom postupku donio Zakon o dopunama Zakona o osobnoj iskaznici.<\/p>\n","protected":false},"author":1,"featured_media":58215,"comment_status":"closed","ping_status":"closed","sticky":false,"template":"","format":"standard","meta":{"footnotes":""},"categories":[9],"tags":[244,2313],"class_list":["post-58214","post","type-post","status-publish","format-standard","has-post-thumbnail","hentry","category-vijesti","tag-epidemija","tag-osobna-iskaznica"],"_links":{"self":[{"href":"https:\/\/www.mojevrijeme.hr\/magazin\/wp-json\/wp\/v2\/posts\/58214","targetHints":{"allow":["GET"]}}],"collection":[{"href":"https:\/\/www.mojevrijeme.hr\/magazin\/wp-json\/wp\/v2\/posts"}],"about":[{"href":"https:\/\/www.mojevrijeme.hr\/magazin\/wp-json\/wp\/v2\/types\/post"}],"author":[{"embeddable":true,"href":"https:\/\/www.mojevrijeme.hr\/magazin\/wp-json\/wp\/v2\/users\/1"}],"replies":[{"embeddable":true,"href":"https:\/\/www.mojevrijeme.hr\/magazin\/wp-json\/wp\/v2\/comments?post=58214"}],"version-history":[{"count":0,"href":"https:\/\/www.mojevrijeme.hr\/magazin\/wp-json\/wp\/v2\/posts\/58214\/revisions"}],"wp:featuredmedia":[{"embeddable":true,"href":"https:\/\/www.mojevrijeme.hr\/magazin\/wp-json\/wp\/v2\/media\/58215"}],"wp:attachment":[{"href":"https:\/\/www.mojevrijeme.hr\/magazin\/wp-json\/wp\/v2\/media?parent=58214"}],"wp:term":[{"taxonomy":"category","embeddable":true,"href":"https:\/\/www.mojevrijeme.hr\/magazin\/wp-json\/wp\/v2\/categories?post=58214"},{"taxonomy":"post_tag","embeddable":true,"href":"https:\/\/www.mojevrijeme.hr\/magazin\/wp-json\/wp\/v2\/tags?post=58214"}],"curies":[{"name":"wp","href":"https:\/\/api.w.org\/{rel}","templated":true}]}}