{"id":58244,"date":"2022-04-08T12:17:53","date_gmt":"2022-04-08T10:17:53","guid":{"rendered":"https:\/\/www.mojevrijeme.hr\/magazin\/?p=58244"},"modified":"2022-04-10T11:51:31","modified_gmt":"2022-04-10T09:51:31","slug":"stozer-cijepite-se-bez-obzira-na-popustanje-mjera-neskodljivo-je-a-dvostruko-stiti","status":"publish","type":"post","link":"https:\/\/www.mojevrijeme.hr\/magazin\/2022\/04\/stozer-cijepite-se-bez-obzira-na-popustanje-mjera-neskodljivo-je-a-dvostruko-stiti\/","title":{"rendered":"Sto\u017eer: Cijepite se bez obzira na popu\u0161tanje mjera. Ne\u0161kodljivo je, a dvostruko \u0161titi!"},"content":{"rendered":"\n<p>Hrvatska \u0107e u pono\u0107 odustati od gotovo svih epidemiolo\u0161kih mjera, me\u0111u njima i od \u0161iroke primjene COVID potvrda, a koje su se mogle zaraditi cijepljenjem protiv bolesti COVID-19 ili preboljenjem. Ipak, diljem zemlje i dalje \u0107e se nastaviti cijepljenje onih koji se \u017eele za\u0161titi od koronavirusa.<\/p>\n\n\n\n<p>Na\u0161a zemlja je, podsje\u0107amo, na za\u010delju Europe po broju cijepljenih na milijun stanovnika. S dvije doze cijepljeno je tek ne\u0161to vi\u0161e od polovine stanovnika. &#8220;Posljedica je to velikim dijelom zadrtosti na\u0161ih gra\u0111ana, zalu\u0111enosti komentiranjem na dru\u0161tvenim mre\u017eama i izostankom pra\u0107enja relevantnih izvora informacija&#8221;, ka\u017ee dr. sc. <strong>Walter Buba\u010d<\/strong>, predsjednik Nacionalnog sto\u017eera za entomolo\u0161ku razudbu za satiri\u010dki portal <a rel=\"noreferrer noopener\" href=\"https:\/\/plamenijazavac.com\/2022\/04\/stozer-ne-bojte-se-cipova-i-cijepite-se-bez-obzira-na-popustanje-mjera\/\" target=\"_blank\">PlameniJazavac<\/a>.<\/p>\n\n\n\n<p>&#8220;Pozivam gra\u0111ane da se cijepe u \u0161to ve\u0107em broju, za svoje i za tu\u0111e dobro. To je stav na\u0161eg Sto\u017eera. Podsje\u0107am, u Hrvatskoj, Srbiji i Bosni i Hercegovini administriraju se cjepiva protiv koronavirusa koja sadr\u017ee napredne \u010dipove dvanaeste generacije. Jednom ubrizgan, \u010dip pretvara tijelo u Bluetooth ure\u0111aj, \u0161to se mo\u017ee lako provjeriti bilo kojim mobilnim telefonom. Valja re\u0107i da su nuspojave \u010dipiranja manji rizik od posljedica obolijevanja od COVID-a. \u010cip vam ne\u0107e na\u0161koditi&#8221;, ka\u017ee dr. Buba\u010d uzbu\u0111en zbog \u010dinjenice da je i na\u0161im gra\u0111anima dostupna najnovija tehnologija u isto vrijeme kad i ostatku razvijenog svijeta.<\/p><div id=\"mojev-1942345357\" class=\"mojev-u-tekstu mojev-entity-placement\" style=\"margin-left: auto;margin-right: auto;text-align: center;\"><div class=\"mojev-adlabel\">oglas<\/div><div style=\"height: 250px;\"><script async src=\"https:\/\/pagead2.googlesyndication.com\/pagead\/js\/adsbygoogle.js?client=ca-pub-8106111766207173\"\r\n     crossorigin=\"anonymous\"><\/script>\r\n<!-- Prikazni 1 u tekstu -->\r\n<ins class=\"adsbygoogle\"\r\n     style=\"display:block\"\r\n     data-ad-client=\"ca-pub-8106111766207173\"\r\n     data-ad-slot=\"8535551207\"\r\n     data-ad-format=\"auto\"\r\n     data-full-width-responsive=\"true\"><\/ins>\r\n<script>\r\n     (adsbygoogle = window.adsbygoogle || []).push({});\r\n<\/script><\/div><\/div><br style=\"clear: both; display: block; float: none;\"\/>\n\n\n\n<figure class=\"wp-block-image size-large\"><img loading=\"lazy\" decoding=\"async\" width=\"740\" height=\"444\" src=\"https:\/\/www.mojevrijeme.hr\/magazin\/wp-content\/uploads\/2022\/04\/walter-bubac-740x444.jpg\" alt=\"\" class=\"wp-image-58246\" srcset=\"https:\/\/www.mojevrijeme.hr\/magazin\/wp-content\/uploads\/2022\/04\/walter-bubac-740x444.jpg 740w, https:\/\/www.mojevrijeme.hr\/magazin\/wp-content\/uploads\/2022\/04\/walter-bubac-636x382.jpg 636w, https:\/\/www.mojevrijeme.hr\/magazin\/wp-content\/uploads\/2022\/04\/walter-bubac-768x461.jpg 768w, https:\/\/www.mojevrijeme.hr\/magazin\/wp-content\/uploads\/2022\/04\/walter-bubac-1536x922.jpg 1536w, https:\/\/www.mojevrijeme.hr\/magazin\/wp-content\/uploads\/2022\/04\/walter-bubac-1500x900.jpg 1500w, https:\/\/www.mojevrijeme.hr\/magazin\/wp-content\/uploads\/2022\/04\/walter-bubac-1600x960.jpg 1600w, https:\/\/www.mojevrijeme.hr\/magazin\/wp-content\/uploads\/2022\/04\/walter-bubac-590x354.jpg 590w, https:\/\/www.mojevrijeme.hr\/magazin\/wp-content\/uploads\/2022\/04\/walter-bubac-400x240.jpg 400w, https:\/\/www.mojevrijeme.hr\/magazin\/wp-content\/uploads\/2022\/04\/walter-bubac-1000x600.jpg 1000w, https:\/\/www.mojevrijeme.hr\/magazin\/wp-content\/uploads\/2022\/04\/walter-bubac-820x492.jpg 820w, https:\/\/www.mojevrijeme.hr\/magazin\/wp-content\/uploads\/2022\/04\/walter-bubac-1080x648.jpg 1080w, https:\/\/www.mojevrijeme.hr\/magazin\/wp-content\/uploads\/2022\/04\/walter-bubac.jpg 2000w\" sizes=\"auto, (max-width: 740px) 100vw, 740px\" \/><figcaption>Dr. Walter Buba\u010d: Jednom ubrizgan, \u010dip pretvara tijelo u Bluetooth ure\u0111aj (foto: PlameniJazavac)<\/figcaption><\/figure>\n\n\n\n<p>Nadalje obja\u0161njava da je funkcija tog \u010dipa be\u017ei\u010dno primanje informacija. &#8220;Vidjeli smo da velik dio gra\u0111ana samo kompulzivno komentira na Facebooku \u010dlanke o cijepljenju, bez da su pro\u010ditali \u010dlanak ili ga razumjeli. To im posebno stimulira primitivni dio mozga i izaziva osje\u0107aj ponosa i vrijednosti kad drugi lajkaju tu besmislenu bujicu rije\u010di.&#8221;<\/p>\n\n\n\n<p>&#8220;No tomu su znanstvenici izna\u0161li rje\u0161enje. Sada im ovaj \u010dip omogu\u0107ava da izravno, be\u017ei\u010dnim putem, prime informaciju koju ne \u017eele ili nisu sposobni pro\u010ditati i razumjeti. Kao da imaju radio prijemnik u glavi. Posljedi\u010dno, o\u010dekujemo da \u0107e komentari biti smisleniji, a usput \u0107e se za\u0161titi i od bolesti COVID-19&#8221;, optimisti\u010dno obja\u0161njava dr. Buba\u010d.<\/p>\n<div id=\"mojev-4280686442\" class=\"mojev-kraj-teksta mojev-entity-placement\" style=\"margin-bottom: 20px;margin-left: auto;margin-right: auto;text-align: center;\"><div class=\"mojev-adlabel\">oglas<\/div><div style=\"height: 250px;\"><script async src=\"https:\/\/pagead2.googlesyndication.com\/pagead\/js\/adsbygoogle.js?client=ca-pub-8106111766207173\"\r\n     crossorigin=\"anonymous\"><\/script>\r\n<!-- Display-1 -->\r\n<ins class=\"adsbygoogle\"\r\n     style=\"display:block\"\r\n     data-ad-client=\"ca-pub-8106111766207173\"\r\n     data-ad-slot=\"1465712950\"\r\n     data-ad-format=\"auto\"\r\n     data-full-width-responsive=\"true\"><\/ins>\r\n<script>\r\n     (adsbygoogle = window.adsbygoogle || []).push({});\r\n<\/script><\/div><\/div>","protected":false},"excerpt":{"rendered":"<p>Mnogi gra\u0111ani ne \u017eele se cijepiti zbog straha od \u010dipova. No i o \u010dipovima kru\u017ei bezbroj dezinformacija, upozorava istaknuti hrvatski stru\u010dnjak.<\/p>\n","protected":false},"author":1,"featured_media":48903,"comment_status":"closed","ping_status":"closed","sticky":false,"template":"","format":"standard","meta":{"footnotes":""},"categories":[2743],"tags":[331,2046,3109,1297],"class_list":["post-58244","post","type-post","status-publish","format-standard","has-post-thumbnail","hentry","category-humor-i-satira","tag-cijepljenje","tag-korona-virus","tag-plameni-jazavac","tag-satira"],"_links":{"self":[{"href":"https:\/\/www.mojevrijeme.hr\/magazin\/wp-json\/wp\/v2\/posts\/58244","targetHints":{"allow":["GET"]}}],"collection":[{"href":"https:\/\/www.mojevrijeme.hr\/magazin\/wp-json\/wp\/v2\/posts"}],"about":[{"href":"https:\/\/www.mojevrijeme.hr\/magazin\/wp-json\/wp\/v2\/types\/post"}],"author":[{"embeddable":true,"href":"https:\/\/www.mojevrijeme.hr\/magazin\/wp-json\/wp\/v2\/users\/1"}],"replies":[{"embeddable":true,"href":"https:\/\/www.mojevrijeme.hr\/magazin\/wp-json\/wp\/v2\/comments?post=58244"}],"version-history":[{"count":0,"href":"https:\/\/www.mojevrijeme.hr\/magazin\/wp-json\/wp\/v2\/posts\/58244\/revisions"}],"wp:featuredmedia":[{"embeddable":true,"href":"https:\/\/www.mojevrijeme.hr\/magazin\/wp-json\/wp\/v2\/media\/48903"}],"wp:attachment":[{"href":"https:\/\/www.mojevrijeme.hr\/magazin\/wp-json\/wp\/v2\/media?parent=58244"}],"wp:term":[{"taxonomy":"category","embeddable":true,"href":"https:\/\/www.mojevrijeme.hr\/magazin\/wp-json\/wp\/v2\/categories?post=58244"},{"taxonomy":"post_tag","embeddable":true,"href":"https:\/\/www.mojevrijeme.hr\/magazin\/wp-json\/wp\/v2\/tags?post=58244"}],"curies":[{"name":"wp","href":"https:\/\/api.w.org\/{rel}","templated":true}]}}