{"id":58253,"date":"2022-04-08T17:26:54","date_gmt":"2022-04-08T15:26:54","guid":{"rendered":"https:\/\/www.mojevrijeme.hr\/magazin\/?p=58253"},"modified":"2023-05-16T17:55:45","modified_gmt":"2023-05-16T15:55:45","slug":"gospoda-marija-77-covjek-je-ipak-mirniji-kad-mu-ima-tko-reci-dobro-jutro-i-laku-noc","status":"publish","type":"post","link":"https:\/\/www.mojevrijeme.hr\/magazin\/2022\/04\/gospoda-marija-77-covjek-je-ipak-mirniji-kad-mu-ima-tko-reci-dobro-jutro-i-laku-noc\/","title":{"rendered":"Gospo\u0111a Marija (77): &#8216;\u010covjek je ipak mirniji kad mu ima tko re\u0107i dobro jutro i laku no\u0107&#8217;"},"content":{"rendered":"\n<p>Jutro je, dolazimo pred malu ku\u0107u boje breskve na zagreba\u010dkim Donjim Sveticama. U ogra\u0111enom vrtu ispred ku\u0107e poglede mami cvjetnjak u punoj proljetnoj rasko\u0161i i zato nas je vlasnica <strong>Marija Bla\u017eur<\/strong> zatekla posve zadivljene. Skidala je ba\u0161 za\u0161titne rukavice, danas je, ka\u017ee, po\u010dupala sav korov. &#8220;Pogledajte koliko posla tu ima&#8221;, pokazuje na vrt vitalna 77-godi\u0161njakinja, ve\u0107 pomalo umorna, ali ne skrivaju\u0107i ponos.<\/p>\n\n\n\n<p>A prije nego \u0161to je sve oplijevila, ve\u0107 je odradila ranojutarnji sat joge, doru\u010dkovala, potom joj je u posjet do\u0161ao vi\u0161egodi\u0161nji \u017eivotni drug <strong>Danijel Cessare<\/strong> (78), tako\u0111er udovac. Za vrtnim su stolom pili kapu\u010dino i kovali planove. Posebno su dra\u017eestan prizor udvoje jer se vole \u0161aliti, ali i neprestano ushi\u0107eno dogovaraju \u010das tjedne, \u010das vikend aktivnosti.<\/p>\n\n\n\n<h3 class=\"wp-block-heading\">Brinu jedan za drugoga &#8211; od dobro jutro do laku no\u0107<\/h3>\n\n\n\n<p>Kad su se prije sedam godina upoznali, gospo\u0111a Marija je njega nagovorila da se s njom uklju\u010di u ples, folklor i zborno pjevanje, a gospodin Danijel, o \u010dijim smo sportskim uspjesima ve\u0107 pisali na portalu <a href=\"https:\/\/www.mojevrijeme.hr\/magazin\/2021\/11\/77-mu-je-godina-tek-umirovljenik-iz-zagreba-jos-trci-na-sljeme-i-natrag\/\" data-type=\"post\" data-id=\"53309\" target=\"_blank\" rel=\"noreferrer noopener\">MojeVrijeme<\/a>, njoj je kupio bicikl te ju pogurao u bicikliranje, po 10 kilometara duge \u0161etnje i planinarenje.<\/p><div id=\"mojev-2404138446\" class=\"mojev-u-tekstu mojev-entity-placement\" style=\"margin-left: auto;margin-right: auto;text-align: center;\"><div class=\"mojev-adlabel\">oglas<\/div><div style=\"height: 250px;\"><script async src=\"https:\/\/pagead2.googlesyndication.com\/pagead\/js\/adsbygoogle.js?client=ca-pub-8106111766207173\"\r\n     crossorigin=\"anonymous\"><\/script>\r\n<!-- Prikazni 1 u tekstu -->\r\n<ins class=\"adsbygoogle\"\r\n     style=\"display:block\"\r\n     data-ad-client=\"ca-pub-8106111766207173\"\r\n     data-ad-slot=\"8535551207\"\r\n     data-ad-format=\"auto\"\r\n     data-full-width-responsive=\"true\"><\/ins>\r\n<script>\r\n     (adsbygoogle = window.adsbygoogle || []).push({});\r\n<\/script><\/div><\/div><br style=\"clear: both; display: block; float: none;\"\/>\n\n\n\n<p>S prolje\u0107em, subote i nedjelje provode u maloj vikendici u njezinom rodnom mjestu, <strong>Zlatar Bistrici u Zagorju<\/strong>. Spremaju se ondje i ovaj vikend, pa je tu puno prijedloga i ideja \u2013 ne kako \u0107e le\u017eati u kakvoj vrtnoj ljulja\u010dki, ve\u0107 \u0161to \u0107e raditi na ku\u0107ici i oko nje.<\/p>\n\n\n\n<p>&#8220;Mislila sam da \u0107u nakon suprugove smrti zauvijek ostati sama, ali sam s godinama shvatila da je \u010dovjek ispunjeniji, mirniji i sigurniji kad mu ima tko re\u0107i dobro jutro i laku no\u0107. Mi ne \u017eivimo zajedno, ali se svaki dan \u010dujemo i vidimo i zato se ne bojimo da bi se jednom od nas moglo ne\u0161to dogoditi &#8211; bilo nezgoda, neki zdravstveni problem &#8211; a da nitko danima za to ne bi znao&#8221;,&nbsp; ka\u017ee gospo\u0111a Bla\u017eur.<\/p>\n\n\n\n<h3 class=\"wp-block-heading\">Zajedno do cilja<\/h3>\n\n\n\n<p>Koliko je njihova uzajamna podr\u0161ka jaka, govori i zgoda iz o\u017eujka, kada je gospodin Danijel tr\u010dao Zagreba\u010dki proljetni maraton, ali je svega nekoliko stotina metara prije cilja osjetio da posustaje. Primijetila je to njegova \u017eivotna dru\u017eica koja je zdu\u0161no navijala iz redova publike, pa se iz petnih \u017eila zatr\u010dala prema njemu, uzela ga za ruku i tako su zajedni\u010dkim snagama uplovili u cilj. Mi smo se domogli i dokaza da se ovakva \u010duda doga\u0111aju &#8211; donosimo njihovu fotografiju za pam\u0107enje!<\/p>\n\n\n\n<figure class=\"wp-block-image size-large\"><img loading=\"lazy\" decoding=\"async\" width=\"740\" height=\"493\" src=\"https:\/\/www.mojevrijeme.hr\/magazin\/wp-content\/uploads\/2022\/04\/marija-danijel-740x493.jpg\" alt=\"\" class=\"wp-image-58275\" srcset=\"https:\/\/www.mojevrijeme.hr\/magazin\/wp-content\/uploads\/2022\/04\/marija-danijel-740x493.jpg 740w, https:\/\/www.mojevrijeme.hr\/magazin\/wp-content\/uploads\/2022\/04\/marija-danijel-636x424.jpg 636w, https:\/\/www.mojevrijeme.hr\/magazin\/wp-content\/uploads\/2022\/04\/marija-danijel-768x512.jpg 768w, https:\/\/www.mojevrijeme.hr\/magazin\/wp-content\/uploads\/2022\/04\/marija-danijel-1536x1024.jpg 1536w, https:\/\/www.mojevrijeme.hr\/magazin\/wp-content\/uploads\/2022\/04\/marija-danijel-1080x720.jpg 1080w, https:\/\/www.mojevrijeme.hr\/magazin\/wp-content\/uploads\/2022\/04\/marija-danijel.jpg 1875w\" sizes=\"auto, (max-width: 740px) 100vw, 740px\" \/><figcaption class=\"wp-element-caption\">Marija Bla\u017eur i Danijel Cessare, Zagreba\u010dki proljetni polumaraton (foto: Dinko Ba\u017euli\u0107, PromoArt Studio)<\/figcaption><\/figure>\n\n\n\n<h3 class=\"wp-block-heading\">Aktivna, svestrana i nezaustavljiva<\/h3>\n\n\n\n<p>Donedavno je gospo\u0111a Marija kao volonterka <strong>Matice umirovljenika Pe\u0161\u0107enica<\/strong> radila na mjestu tajnice, no kad se dogodila pandemija bolesti COVID-19, a udruga u Domu za starije i nemo\u0107ne Donje Svetice izgubila prostorije, odustala je od ove odgovorne funkcije te se posvetila novim izazovima.<\/p>\n\n\n\n<p>&#8220;U Maticu sam do\u0161la prije 20 godina, na nagovor prijatelja, nekad poznatog ton majstora Borisa Vovka. On je uvidio da sam i \u0161est mjeseci nakon smrti supruga potpuno shrvana od tuge i boli i da za mene ne\u0107e biti dobro ako se povu\u010dem u sebe i ogradim od svijeta. Svaki put mi je rekao da moram do\u0107i na sastanke, uklju\u010diti se u aktivnosti. I napokon sam pristala. U radu u Matici sam vrlo brzo prona\u0161la sebe \u2013 <strong>na kazali\u0161nim probama, u zboru, na plesu<\/strong>. Na plesnjake sam i\u0161la cijeli \u017eivot, a tek sam u sedamdesetima po\u010dela i\u0107i i na plesna natjecanja umirovljenika. Na to sam nagovorila i Danijela pa smo u valceru odnijeli brojne prve nagrade. Sve je to pandemija nakratko zaustavila, ali zato sada nas dvoje jednu grupu umirovljenika s Kne\u017eije u\u010dimo plesati <strong>valcer, engleski valcer i <em>cha cha cha<\/em><\/strong>&#8220;, otkriva nam gospo\u0111a Bla\u017eur.<\/p>\n\n\n\n<p>S amaterskom kazali\u0161nom grupom <strong>KUD-a Tre\u0107a mladost<\/strong>, gdje je glumila, gostovala je po cijeloj Hrvatskoj. Bila je aktivna i na <strong>Literarnoj grupi \u201dTri u jedan\u201d<\/strong> pa su prije tri godine, u zbirci poezije vi\u0161e autora, objavljene i njezine pjesme. Prijatelj Boris Vovk svojedobno ju je nagovorio i da <strong>snimi CD<\/strong>, gdje je ona na snimljenu matricu pjevala pjesme Tereze Kesovije, Olivera Dragojevi\u0107a, pa \u010dak i Taj\u010di.<\/p>\n\n\n\n<figure class=\"wp-block-image size-large\"><img loading=\"lazy\" decoding=\"async\" width=\"740\" height=\"444\" src=\"https:\/\/www.mojevrijeme.hr\/magazin\/wp-content\/uploads\/2022\/04\/marija-blazur-u-vrtu-740x444.jpg\" alt=\"\" class=\"wp-image-58278\" srcset=\"https:\/\/www.mojevrijeme.hr\/magazin\/wp-content\/uploads\/2022\/04\/marija-blazur-u-vrtu-740x444.jpg 740w, https:\/\/www.mojevrijeme.hr\/magazin\/wp-content\/uploads\/2022\/04\/marija-blazur-u-vrtu-636x382.jpg 636w, https:\/\/www.mojevrijeme.hr\/magazin\/wp-content\/uploads\/2022\/04\/marija-blazur-u-vrtu-768x461.jpg 768w, https:\/\/www.mojevrijeme.hr\/magazin\/wp-content\/uploads\/2022\/04\/marija-blazur-u-vrtu-1536x922.jpg 1536w, https:\/\/www.mojevrijeme.hr\/magazin\/wp-content\/uploads\/2022\/04\/marija-blazur-u-vrtu-1500x900.jpg 1500w, https:\/\/www.mojevrijeme.hr\/magazin\/wp-content\/uploads\/2022\/04\/marija-blazur-u-vrtu-1600x960.jpg 1600w, https:\/\/www.mojevrijeme.hr\/magazin\/wp-content\/uploads\/2022\/04\/marija-blazur-u-vrtu-590x354.jpg 590w, https:\/\/www.mojevrijeme.hr\/magazin\/wp-content\/uploads\/2022\/04\/marija-blazur-u-vrtu-400x240.jpg 400w, https:\/\/www.mojevrijeme.hr\/magazin\/wp-content\/uploads\/2022\/04\/marija-blazur-u-vrtu-1000x600.jpg 1000w, https:\/\/www.mojevrijeme.hr\/magazin\/wp-content\/uploads\/2022\/04\/marija-blazur-u-vrtu-820x492.jpg 820w, https:\/\/www.mojevrijeme.hr\/magazin\/wp-content\/uploads\/2022\/04\/marija-blazur-u-vrtu-1080x648.jpg 1080w, https:\/\/www.mojevrijeme.hr\/magazin\/wp-content\/uploads\/2022\/04\/marija-blazur-u-vrtu.jpg 2000w\" sizes=\"auto, (max-width: 740px) 100vw, 740px\" \/><figcaption class=\"wp-element-caption\">Marija Bla\u017eur: &#8221; Pogledajte koliko posla tu ima&#8221; (foto: Gordana Arh)<\/figcaption><\/figure>\n\n\n\n<p>Nastupala je i sa zborom, a odnedavno je i \u010dlanica <strong>Zbora matice umirovljenika Grada Zagreb<\/strong>a. S gospodinom Danijelom je krenula i na folklor. &#8220;Dvaput tjedno smo na probama<strong> folklornog ansambla KUD-a Vedriji osmijeh<\/strong>. Folklor je za nas odli\u010dno iskustvo, tako se dobro razgibamo, evo i liniju sam istesala. Ovih smo dana \u010dak dobili i poziv za nastup na me\u0111unarodnom natjecanju folklornih skupina u Makedoniji. Veselimo se putovanju na bajkovit Ohrid&#8221;, doznajemo.<\/p>\n\n\n\n<h3 class=\"wp-block-heading\">Raditi je po\u010dela s 15 godina<\/h3>\n\n\n\n<p>Naviku ranog ustajanja, rada i bavljenja raznim aktivnostima za du\u0161u, stekla je jo\u0161 kao djevoj\u010dica u svom Zagorju. Odrasla je u obitelji s petero djece, kao jednojaj\u010dana blizanka. I danas zapla\u010de kad se sjeti da njezine sestre Nine, neodvojivog dijela nje, vi\u0161e nema me\u0111u nama.<\/p>\n\n\n\n<p>&#8220;Otac je radio kao rudar, a majka je brinula o nama djeci, ku\u0107i, polju, \u017eivotinjama. Silno nas je voljela i nije bilo ve\u010deri da se nismo svi okupili oko nje na stepenicama i zapjevali, tako glasno da nas je cijelo selo slu\u0161alo&#8221;, pri\u010da nam.<\/p>\n\n\n\n<p>Od ku\u0107e je oti\u0161la ve\u0107 s 14 godina \u2013 pokazala se odli\u010dnom u\u010denicom pa su je na nagovor u\u010ditelja roditelji poslali u birotehni\u010dku \u0161kolu u Zagreb. &#8220;\u0160kola je trajala godinu dana i pla\u0107ala se. Meni se tada 3000 dinara, koliko je trebalo izdvojiti svaki mjesec, \u010dinilo cijelo bogatsvo, ali roditelji su to nekako izgurali, ako je trebalo, prodali su i pajceka da meni plate \u0161kolu&#8221;, doznajemo.<\/p>\n\n\n\n<p>Ve\u0107 s 15 godina se zaposlila, tada je bilo dopu\u0161teno raditi u toj dobi. Bilo je to radno mjesto u proizvodnji Tvornice ra\u010dunskih strojeva, no s godinama je napredovala. Uz rad je upisala i ve\u010dernja srednju ekonomsku \u0161kolu. Rano se udala za kolegu s posla Dragutina Bla\u017eura, i s 23 godine rodila <strong>k\u0107i Melitu<\/strong>. Uz rad i malo dijete, upisala je i tada\u0161nji Fakultet za vanjsku trgovinu i zavr\u0161ila ga u roku. &#8220;Nekad se radilo do 15 sati, pa sam jo\u0161 bez problema stigla na predavanja i ispite dok je suprug \u010duvao na\u0161u Melitu&#8221;, napominje.<\/p>\n\n\n\n<p>Nakon pune 33 godine pre\u0161la je u tvrtku Metalmineral i tamo ostala 17 godina, do mirovine. Puni radni sta\u017e ,od tada potrebnih 35 godina rada, postigla je ve\u0107 s 50 godina.<\/p>\n\n\n\n<h3 class=\"wp-block-heading\">K\u0107i i unuci \u017eive na Floridi<\/h3>\n\n\n\n<p>Gospo\u0111a Bla\u017eur u\u017eivala je u mirovini samo \u0161est godina kad joj je uslijed nagle bolesti preminuo suprug. &#8220;Samo par mjeseci prije njega pokopali smo njegovu majku, \u0161ok za \u0161okom sam imala&#8221;, povjerila nam je. K\u0107i Melita tada je ve\u0107 \u017eivjela i radila u Njema\u010dkoj pa se nisu mogle \u010desto vi\u0111ati. &#8220;Prije sam sa suprugom znala i\u0107i gore \u010duvati mla\u0111eg unuka. Starijeg jedva i poznajem, sada \u017eive na Floridi, ali dobro, \u010dujemo se mi preko mobitela. S k\u0107eri razmjenjujem novosti i fotografije, ali voljela bih ih vidjeti. Jedan unuk danas ima 25 godina, a drugi 15. No, svatko ima svoje obaveze, a ja se na tako dalek put zrakoplovom ne mogu odva\u017eiti&#8221;, povjerila nam je.<\/p>\n\n\n\n<figure class=\"wp-block-image size-large\"><img loading=\"lazy\" decoding=\"async\" width=\"740\" height=\"444\" src=\"https:\/\/www.mojevrijeme.hr\/magazin\/wp-content\/uploads\/2022\/04\/marija-blazur-i-klinceki-740x444.jpg\" alt=\"\" class=\"wp-image-58280\" srcset=\"https:\/\/www.mojevrijeme.hr\/magazin\/wp-content\/uploads\/2022\/04\/marija-blazur-i-klinceki-740x444.jpg 740w, https:\/\/www.mojevrijeme.hr\/magazin\/wp-content\/uploads\/2022\/04\/marija-blazur-i-klinceki-636x382.jpg 636w, https:\/\/www.mojevrijeme.hr\/magazin\/wp-content\/uploads\/2022\/04\/marija-blazur-i-klinceki-768x461.jpg 768w, https:\/\/www.mojevrijeme.hr\/magazin\/wp-content\/uploads\/2022\/04\/marija-blazur-i-klinceki-1536x922.jpg 1536w, https:\/\/www.mojevrijeme.hr\/magazin\/wp-content\/uploads\/2022\/04\/marija-blazur-i-klinceki-1500x900.jpg 1500w, https:\/\/www.mojevrijeme.hr\/magazin\/wp-content\/uploads\/2022\/04\/marija-blazur-i-klinceki-1600x960.jpg 1600w, https:\/\/www.mojevrijeme.hr\/magazin\/wp-content\/uploads\/2022\/04\/marija-blazur-i-klinceki-590x354.jpg 590w, https:\/\/www.mojevrijeme.hr\/magazin\/wp-content\/uploads\/2022\/04\/marija-blazur-i-klinceki-400x240.jpg 400w, https:\/\/www.mojevrijeme.hr\/magazin\/wp-content\/uploads\/2022\/04\/marija-blazur-i-klinceki-1000x600.jpg 1000w, https:\/\/www.mojevrijeme.hr\/magazin\/wp-content\/uploads\/2022\/04\/marija-blazur-i-klinceki-820x492.jpg 820w, https:\/\/www.mojevrijeme.hr\/magazin\/wp-content\/uploads\/2022\/04\/marija-blazur-i-klinceki-1080x648.jpg 1080w, https:\/\/www.mojevrijeme.hr\/magazin\/wp-content\/uploads\/2022\/04\/marija-blazur-i-klinceki.jpg 2000w\" sizes=\"auto, (max-width: 740px) 100vw, 740px\" \/><figcaption class=\"wp-element-caption\">Marija Bla\u017eur (foto: Gordana Arh)<\/figcaption><\/figure>\n\n\n\n<p>Unato\u010d \u010de\u017enji za naju\u017eom obitelji, gospo\u0111a Marija hrabro kro\u010di kroz svaki dan. Osim \u0161to pi\u0161e poeziju, nedavno je opet odlu\u010dila nastaviti pisati dnevnik. Voli \u010ditati i posu\u0111uje knjige u knji\u017enici, evo ba\u0161 je, govori kroz smijeh, neki dan &#8220;prolila kavu po Baracku Obami&#8221;. Morala je, ka\u017ee, knji\u017enici kupiti novu knjigu. &nbsp;<\/p>\n\n\n\n<p>Inspirativnu pri\u010du s ovom nesvakida\u0161njom umirovljenicom zaklju\u010dit \u0107emo s jednom od njezinih pjesama.<\/p>\n\n\n\n<pre class=\"wp-block-verse has-text-align-center\"><strong>KUDA<\/strong><\/pre>\n\n\n\n<p class=\"has-text-align-center\">Sim ili tam,<br>Tam ili sim?<br>Ma bolje sim<br>Nego tam.<\/p>\n\n\n\n<p class=\"has-text-align-center\">Mora\u0161 opet do\u0107i sim<br>Ak pak ide\u0161 sim,<br>I\u0161el bu\u0161 i tam.<\/p>\n\n\n\n<p class=\"has-text-align-center\">Vi\u0161e ne znam<br>Gdje je sim<br>A gdje je tam!<\/p>\n\n\n\n<p class=\"has-text-align-center\">Ma k vragu<br>Sim i tam!<\/p>\n\n\n\n<p class=\"has-text-align-center\">Ak ve\u0107 ide\u0161<br>Sim i tam,<br>Bilo bi lijepo<br>Da nisi sam.<\/p>\n\n\n\n<p class=\"has-text-align-center\">Isto se \u017eivi<br>I sim i tam.<\/p>\n\n\n\n<p class=\"has-text-align-center\">Isto se voli<br>I sim i tam.<\/p>\n\n\n\n<p class=\"has-text-align-center\">I svi smo<br>Od ro\u0111enja<br>I sim i tam.<\/p>\n\n\n\n<p class=\"has-text-align-center\">A na kraju svi<br>Zavr\u0161imo tam.<\/p>\n\n\n\n<div id=\"blokovi\">Ovaj prilog nastao je uz potporu Fonda za poticanje pluralizma i raznovrsnosti elektroni\u010dkih medija u okviru projekta \u201cS godinama bolji &#8211; Aktivno i zdravo starenje\u201d<\/div>\n<div id=\"mojev-4278001807\" class=\"mojev-kraj-teksta mojev-entity-placement\" style=\"margin-bottom: 20px;margin-left: auto;margin-right: auto;text-align: center;\"><div class=\"mojev-adlabel\">oglas<\/div><div style=\"height: 250px;\"><script async src=\"https:\/\/pagead2.googlesyndication.com\/pagead\/js\/adsbygoogle.js?client=ca-pub-8106111766207173\"\r\n     crossorigin=\"anonymous\"><\/script>\r\n<!-- Display-1 -->\r\n<ins class=\"adsbygoogle\"\r\n     style=\"display:block\"\r\n     data-ad-client=\"ca-pub-8106111766207173\"\r\n     data-ad-slot=\"1465712950\"\r\n     data-ad-format=\"auto\"\r\n     data-full-width-responsive=\"true\"><\/ins>\r\n<script>\r\n     (adsbygoogle = window.adsbygoogle || []).push({});\r\n<\/script><\/div><\/div>","protected":false},"excerpt":{"rendered":"<p>Vedre naravi, zabavna, mladena\u010dki odjevena, s frizurom koju si je dala napraviti prema fotografiji slavne Victorije Beckham \u2013 umirovljenica Marija Bla\u017eur je istodobno i damski odmjerena i simpati\u010dno otka\u010dena. Godine joj je te\u0161ko pogoditi, za\u010dudilo nas je kad je rekla da ih je nanizala 77. \u017divotni stil joj je zapanjuju\u0107i \u2013 dan joj zapo\u010dinje u 5 ujutro, kada pije kavu, a potom najmanje 40 minuta vje\u017eba jogu. Doru\u010dkuje, odlazi u dvori\u0161te i cvjetni vrt, odradi \u0161to treba. Napi\u0161e kakvu pjesmu, pi\u0161e i dnevnik, kuha, a poslijepodne je svaki dan na rasporedu druga aktivnost &#8211; zbor, folklor, kazali\u0161na proba, plesne radionice. Udovica je ve\u0107 preko 20 godina, a sedam godina vi\u0111a se sa \u0161armantnim gospodinom koji je aktivan \u2013 ba\u0161 poput nje!<\/p>\n","protected":false},"author":15,"featured_media":58279,"comment_status":"closed","ping_status":"closed","sticky":false,"template":"","format":"standard","meta":{"footnotes":""},"categories":[85],"tags":[3111,3110,957,35,960],"class_list":["post-58253","post","type-post","status-publish","format-standard","has-post-thumbnail","hentry","category-aktivno-starenje","tag-danijel-cessare","tag-marija-blazur","tag-mirovina","tag-sreca","tag-vrtlarstvo"],"_links":{"self":[{"href":"https:\/\/www.mojevrijeme.hr\/magazin\/wp-json\/wp\/v2\/posts\/58253","targetHints":{"allow":["GET"]}}],"collection":[{"href":"https:\/\/www.mojevrijeme.hr\/magazin\/wp-json\/wp\/v2\/posts"}],"about":[{"href":"https:\/\/www.mojevrijeme.hr\/magazin\/wp-json\/wp\/v2\/types\/post"}],"author":[{"embeddable":true,"href":"https:\/\/www.mojevrijeme.hr\/magazin\/wp-json\/wp\/v2\/users\/15"}],"replies":[{"embeddable":true,"href":"https:\/\/www.mojevrijeme.hr\/magazin\/wp-json\/wp\/v2\/comments?post=58253"}],"version-history":[{"count":0,"href":"https:\/\/www.mojevrijeme.hr\/magazin\/wp-json\/wp\/v2\/posts\/58253\/revisions"}],"wp:featuredmedia":[{"embeddable":true,"href":"https:\/\/www.mojevrijeme.hr\/magazin\/wp-json\/wp\/v2\/media\/58279"}],"wp:attachment":[{"href":"https:\/\/www.mojevrijeme.hr\/magazin\/wp-json\/wp\/v2\/media?parent=58253"}],"wp:term":[{"taxonomy":"category","embeddable":true,"href":"https:\/\/www.mojevrijeme.hr\/magazin\/wp-json\/wp\/v2\/categories?post=58253"},{"taxonomy":"post_tag","embeddable":true,"href":"https:\/\/www.mojevrijeme.hr\/magazin\/wp-json\/wp\/v2\/tags?post=58253"}],"curies":[{"name":"wp","href":"https:\/\/api.w.org\/{rel}","templated":true}]}}