{"id":58348,"date":"2022-04-13T09:32:35","date_gmt":"2022-04-13T07:32:35","guid":{"rendered":"https:\/\/www.mojevrijeme.hr\/magazin\/?p=58348"},"modified":"2022-04-13T15:18:30","modified_gmt":"2022-04-13T13:18:30","slug":"gospoda-darinka-71-maksimir-mi-je-drugi-dom-a-nordijski-stapovi-najbolji-prijatelji","status":"publish","type":"post","link":"https:\/\/www.mojevrijeme.hr\/magazin\/2022\/04\/gospoda-darinka-71-maksimir-mi-je-drugi-dom-a-nordijski-stapovi-najbolji-prijatelji\/","title":{"rendered":"Gospo\u0111a Darinka (71): &#8216;Maksimir mi je drugi dom, a nordijski \u0161tapovi najbolji prijatelji&#8217;"},"content":{"rendered":"\n<p>&#8220;Na brojne sam se aktivnosti upisala otkad sam u mirovini, evo, upravo se vra\u0107am s bazena. Plivam svaki ponedjeljak i srijedu od 11 do 12 sati, to je organizirano na Mladosti, dio sufinancira Grad, dio se dopla\u0107uje i bilo bi \u0161teta ne iskoristiti. Puno umirovljenika dolazi, \u010dak i onih u poznim godinama. Imam prijateljice <strong>Ljerku i Danicu<\/strong>, jedna je pre\u0161la osamdesetu, druga \u010dak devedesetu, i one su vrlo redovite na plivanju. Ba\u0161 im poma\u017eem nositi torbe i razmi\u0161ljam kako bih voljela za deset ili dvadeset godina, ako ih do\u017eivim, biti ovako puna entuzijazma i otvorena za sve &#8211; ba\u0161 poput njih&#8221;, otkrila nam je prpo\u0161nim glasom 71-godi\u0161nja <strong>gospo\u0111a Darinka<\/strong> <strong>Matkovi\u0107<\/strong>.<\/p>\n\n\n\n<p>Utorak i srijedu rezervirala je, ka\u017ee, za drugu aktivnost \u2013 ve\u0107 u 8 sati ujutro dolazi na medicinske vje\u017ebe, tako\u0111er besplatne, organizirane u sklopu Gerontolo\u0161kog&nbsp;centra Maksimir. &#8220;Ove su vje\u017ebe izvrsne, prilago\u0111ene ljudima tre\u0107e dobi. Voditeljica nam je za svaku pohvalu, vjerujte mi, svaki zglob razgibamo, niti jedne druge vje\u017ebe nisu mi tako odgovarale kao ove. Jednako je zadovoljan i moj suprug, koji na bazen ne ide sa mnom, ali zato ovu tjelovje\u017ebu ne propu\u0161ta&#8221;, govori nam.<\/p>\n\n\n\n<h3 class=\"wp-block-heading\">Nordijsko hodanje je \u010dudesno<\/h3>\n\n\n\n<p>Jo\u0161 prije osam godina sa suprugom <strong>Antonom (73)<\/strong> je, otkriva, upisala i \u0161kolu nordijskog hodanja u Maksimiru, kod poznate edukatorice <strong>Silvije Zokovi\u0107<\/strong>. Vrlo brzo su kupili i vlastite profesionalne \u0161tapove, usavr\u0161ili tehniku i od tada im je ovo omiljeni oblik rekreacije na otvorenom.<\/p><div id=\"mojev-2987532694\" class=\"mojev-u-tekstu mojev-entity-placement\" style=\"margin-left: auto;margin-right: auto;text-align: center;\"><div class=\"mojev-adlabel\">oglas<\/div><div style=\"height: 250px;\"><script async src=\"https:\/\/pagead2.googlesyndication.com\/pagead\/js\/adsbygoogle.js?client=ca-pub-8106111766207173\"\r\n     crossorigin=\"anonymous\"><\/script>\r\n<!-- Prikazni 1 u tekstu -->\r\n<ins class=\"adsbygoogle\"\r\n     style=\"display:block\"\r\n     data-ad-client=\"ca-pub-8106111766207173\"\r\n     data-ad-slot=\"8535551207\"\r\n     data-ad-format=\"auto\"\r\n     data-full-width-responsive=\"true\"><\/ins>\r\n<script>\r\n     (adsbygoogle = window.adsbygoogle || []).push({});\r\n<\/script><\/div><\/div><br style=\"clear: both; display: block; float: none;\"\/>\n\n\n\n<p>&#8220;Suprug je operirao kuk pa se poprili\u010dno gega dok hoda, ali \u0161tapovi za nordijsko hodanje tu \u010dine \u010duda. Pravi su spas za du\u017ee \u0161etnje jer mu pru\u017eaju dodatni oslonac i on se pri kretanju osje\u0107a puno stabilnije i sigurnije. Upravo zbog toga nam je nordijsko hodanje omiljena zajedni\u010dka fizi\u010dka aktivnost, a osim \u0161to se izvrsno razgibamo &#8211; jer tu radi cijelo tijelo &#8211; \u0161etnje po prirodi nam pune du\u0161u. S divljenjem primijetimo svaki cvijet, list, svako drvo, ma ne mo\u017ee dvorana nadomjestiti niti tu ljepotu, niti \u010dist zrak&#8221;, govori nam umirovljenica koju krasi pozitivan stav prema \u017eivotu.&nbsp;<\/p>\n\n\n\n<p>&#8220;Ja stalno govorim da nam je Maksimirski park drugi dom, a nordijski \u0161tapovi najbolji prijatelji&#8221;, ka\u017ee veselo.<\/p>\n\n\n\n<p>Proteklog je vikenda, otkriva, bila na organiziranom izletu u Opatiju. &#8220;Kako smo samo u\u017eivali u nordijskom hodanju uz more! Poslije smo se u tom predivnom gradi\u0107u fotografirali s rascvjetalim kamelijama, ma nezaboravan je to dan bio&#8221;, rekla je na\u0161a sugovornica ne kriju\u0107i da je jo\u0161 uvijek pod dojmom.&nbsp;<\/p>\n\n\n\n<h3 class=\"wp-block-heading\">Petero unu\u010dadi i dvoje praunu\u010dadi&nbsp;<\/h3>\n\n\n\n<p>Niti kod ku\u0107e bra\u010dni par Matkovi\u0107 nema vremena za dosadu. Kako otkriva gospo\u0111a Darinka, rijetko kad su sami &#8211;  dovoljno je re\u0107i da imaju \u010detiri unuka i jednu unuku, te praunuke <strong>Davida i Niku<\/strong>.&nbsp;<\/p>\n\n\n\n<p>&#8220;Unuci su nam sada ve\u0107 odrasli ljudi, rade, vrijedni su, svi imaju aute pa nam \u010desto navrate. A kad razvu\u010dem \u0161trudlu, tada ih obavezno nazovemo, toliko vole taj moj specijalitet da smo gotovo sigurni da \u0107e taj dan bar netko netko uspjeti do\u0107i&#8221;, govori kroz smijeh gospo\u0111a Darinka. Posebno su, napominje, ponosni na praunu\u010dad. &#8220;Imamo i praunuka Davida i praunuku Niku s kojima \u010desto idemo u \u0161etnje po Maksimiru, oni su donijeli novu radost i jo\u0161 vi\u0161e  povezali na\u0161u veliku obitelj&#8221;, govori nam ponosna prabaka.<\/p>\n\n\n\n<figure class=\"wp-block-image size-large\"><img loading=\"lazy\" decoding=\"async\" width=\"740\" height=\"444\" src=\"https:\/\/www.mojevrijeme.hr\/magazin\/wp-content\/uploads\/2021\/10\/nordijsko-hodanje-740x444.jpg\" alt=\"\" class=\"wp-image-52537\" srcset=\"https:\/\/www.mojevrijeme.hr\/magazin\/wp-content\/uploads\/2021\/10\/nordijsko-hodanje-740x444.jpg 740w, https:\/\/www.mojevrijeme.hr\/magazin\/wp-content\/uploads\/2021\/10\/nordijsko-hodanje-636x382.jpg 636w, https:\/\/www.mojevrijeme.hr\/magazin\/wp-content\/uploads\/2021\/10\/nordijsko-hodanje-768x461.jpg 768w, https:\/\/www.mojevrijeme.hr\/magazin\/wp-content\/uploads\/2021\/10\/nordijsko-hodanje-1536x922.jpg 1536w, https:\/\/www.mojevrijeme.hr\/magazin\/wp-content\/uploads\/2021\/10\/nordijsko-hodanje-1500x900.jpg 1500w, https:\/\/www.mojevrijeme.hr\/magazin\/wp-content\/uploads\/2021\/10\/nordijsko-hodanje-1600x960.jpg 1600w, https:\/\/www.mojevrijeme.hr\/magazin\/wp-content\/uploads\/2021\/10\/nordijsko-hodanje-590x354.jpg 590w, https:\/\/www.mojevrijeme.hr\/magazin\/wp-content\/uploads\/2021\/10\/nordijsko-hodanje-400x240.jpg 400w, https:\/\/www.mojevrijeme.hr\/magazin\/wp-content\/uploads\/2021\/10\/nordijsko-hodanje-1000x600.jpg 1000w, https:\/\/www.mojevrijeme.hr\/magazin\/wp-content\/uploads\/2021\/10\/nordijsko-hodanje-820x492.jpg 820w, https:\/\/www.mojevrijeme.hr\/magazin\/wp-content\/uploads\/2021\/10\/nordijsko-hodanje-1080x648.jpg 1080w, https:\/\/www.mojevrijeme.hr\/magazin\/wp-content\/uploads\/2021\/10\/nordijsko-hodanje.jpg 2000w\" sizes=\"auto, (max-width: 740px) 100vw, 740px\" \/><figcaption>foto: Nino Fanuko<\/figcaption><\/figure>\n\n\n\n<p>Supru\u017enici Matkovi\u0107 vikendima si, doznajemo, tu i tamo ipak priu\u0161te i bijeg &#8211; na vikendicu u Zagorje, u <strong>Stubi\u010dke<\/strong> <strong>Toplice<\/strong> odakle je gospo\u0111a Darinka rodom. Ljeti pak odlaze na vikendicu u <strong>Dugu Uvalu u Istru<\/strong>. Slo\u017eili su se da \u0107e vikendicu na moru ostaviti sinu Tomislavu, a zagorsko imanje pripast \u0107e njihovoj k\u0107eri Suzani. &#8220;Neka si dalje sami ure\u0111uju, to je sad na njima, mi smo stvorili i napravili koliko smo u danim uvjetima mogli&#8221;, povjerila nam je.&nbsp;<\/p>\n\n\n\n<h3 class=\"wp-block-heading\">Cijeli \u017eivot u istoj tvrtci<\/h3>\n\n\n\n<p>Za \u017eivota je gospo\u0111a Darinka radila kao trgovkinja u ustanovi DES, koja je kasnijim udru\u017eivanjem s tvrtkama Ivan\u010dica, Osvit i Ziri preimenovana u DIOZ, a od sredine devedesetih do danas poznata je pod imenom Uriho. Rije\u010d je o ustanovi u \u010dijoj proizvodnji rade osobe s invaliditetom. &#8220;Cijeli sam \u017eivot ostala u istoj firmi, kao trgovkinja, ali kako su imali vi\u0161e trgovina po Zagrebu, po potrebi sam mijenjala lokacije. Najprije sam prodavala namje\u0161taj od bambusa i ratana, potom dje\u010dju konfekciju, onda neko vrijeme radne kute, a na kraju stvari za ku\u0107anstvo&#8221;, ispri\u010dala nam je.<\/p>\n\n\n\n<h3 class=\"wp-block-heading\">50 godina braka<\/h3>\n\n\n\n<p>Doznajemo potom i da je ova godina sasvim posebna za bra\u010dni par Matkovi\u0107 &#8211; pohvaliti se mogu da slave 50 godina zajedni\u010dkog \u017eivota! Za dar su od sina Tomislava i k\u0107eri Suzane dobili avionske karte. &#8220;I <meta charset=\"utf-8\">sin i k\u0107i odlu\u010dili su oti\u0107i u inozemstvo nakon \u0161to su im djeca, odnosno na\u0161i unuci, porasli i po\u010deli samostalno \u017eivjeti. Zanimljivo je da nitko od unu\u010dadi nije oti\u0161ao za njima, svih je petero ostalo \u017eivjeti i raditi u Zagrebu. A budu\u0107i da su nam sin i k\u0107i za <strong>zlatni pir <\/strong>kupili karte kako bismo ih mogli posjetiti, veselimo se \u0161to \u0107emo u svibnju dva tjedna provesti kod na\u0161eg Tomislava u Irskoj, a potom idemo i kod Suzane u Nizozemsku. Jedva \u010dekamo&#8221;, uzbu\u0111enim se glasom pohvalila gospo\u0111a Darinka.&nbsp;&#8220;Naravno, nordijski \u0161tapovi idu s nama u zrakoplov, bez njih ne idemo vi\u0161e nigdje&#8221;, dodala je.<\/p>\n\n\n\n<h3 class=\"wp-block-heading\">Generacija koja se uvijek sna\u0111e<\/h3>\n\n\n\n<p>Upitali smo na\u0161u svestranu umirovljenicu za kraj brinu li je ova najnovija poskupljenja, ova o\u010digledna inflacija kojoj se ne nazire kraj. &#8220;Znate \u0161to \u0107u vam re\u0107i\u2026 mi smo vam ona generacija koja iz ni\u010deg napravi ne\u0161to pa za nas nema straha da se i ovaj put ne\u0107emo nekako sna\u0107i. Moja mirovina je mala, ali je sre\u0107om suprugova ne\u0161to ve\u0107a. Zasad si jo\u0161 uvijek priu\u0161timo odlazak na tr\u017enicu, na Kvatri\u0107u imamo svoje stalne, provjerene kumice, ne mo\u017eemo ni zamisliti da povr\u0107e kupujemo negdje drugdje. Isto tako i ribu, uvijek navratimo u na\u0161u ribarnicu.&#8221;<\/p>\n\n\n\n<p>&#8220;No, za sve ostalo \u0161to joj treba u ku\u0107anstvu ipak pazimo gdje kupujemo, znamo gdje su odre\u0111ene stvari povoljnije pa se zaletimo autom&#8221;, govori gospo\u0111a Darinka koja, unato\u010d svim aktivnostima, svakodnevno stigne kuhati. &#8220;Ba\u0161 svaki dan kuham, a \u010desto mi se u kuhinji pridru\u017ei i moj Anton. Ni\u0161ta bez njega&#8221;, nije propustila pohvaliti supruga s kojim je u slozi pro\u017eivjela, kako ka\u017ee, &#8220;doista lijepih pet desetlje\u0107a&#8221;.<\/p>\n\n\n\n<div id=\"blokovi\">Ovaj prilog nastao je uz potporu Fonda za poticanje pluralizma i raznovrsnosti elektroni\u010dkih medija u okviru projekta \u201cS godinama bolji &#8211; Aktivno i zdravo starenje\u201d<\/div>\n<div id=\"mojev-3838132755\" class=\"mojev-kraj-teksta mojev-entity-placement\" style=\"margin-bottom: 20px;margin-left: auto;margin-right: auto;text-align: center;\"><div class=\"mojev-adlabel\">oglas<\/div><div style=\"height: 250px;\"><script async src=\"https:\/\/pagead2.googlesyndication.com\/pagead\/js\/adsbygoogle.js?client=ca-pub-8106111766207173\"\r\n     crossorigin=\"anonymous\"><\/script>\r\n<!-- Display-1 -->\r\n<ins class=\"adsbygoogle\"\r\n     style=\"display:block\"\r\n     data-ad-client=\"ca-pub-8106111766207173\"\r\n     data-ad-slot=\"1465712950\"\r\n     data-ad-format=\"auto\"\r\n     data-full-width-responsive=\"true\"><\/ins>\r\n<script>\r\n     (adsbygoogle = window.adsbygoogle || []).push({});\r\n<\/script><\/div><\/div>","protected":false},"excerpt":{"rendered":"<p>Gospo\u0111a Darinka Matkovi\u0107 (71) iz Zagreba u mirovinu je oti\u0161la s 57 godina i nije po\u017ealila ni dana \u0161to se, za dana\u0161nje pojmove relativno rano, povukla s tr\u017ei\u0161ta rada. Svoj vedar duh i dobro zdravlje pripisuje fizi\u010dkim aktivnostima kojih u njezinom \u017eivotu ne nedostaje \u2013 ide na besplatne medicinske vje\u017ebe, pliva na Mladosti, \u0161e\u0107e Maksimirom, a sa suprugom redovito prakticira nordijsko hodanje. Nema dana, otkriva za Moje vrijeme, da ne iza\u0111e iz ku\u0107e, pa makar do placa po jabuke kako bi potom kod ku\u0107e razvukla \u0161trudlu koju obo\u017eavaju njezini unuci i praunuci.<\/p>\n","protected":false},"author":15,"featured_media":58445,"comment_status":"closed","ping_status":"closed","sticky":false,"template":"","format":"standard","meta":{"footnotes":""},"categories":[85,2853],"tags":[658,957,1738],"class_list":["post-58348","post","type-post","status-publish","format-standard","has-post-thumbnail","hentry","category-aktivno-starenje","category-zivim-ucim-rastem","tag-maksimir","tag-mirovina","tag-nordijsko-hodanje"],"_links":{"self":[{"href":"https:\/\/www.mojevrijeme.hr\/magazin\/wp-json\/wp\/v2\/posts\/58348","targetHints":{"allow":["GET"]}}],"collection":[{"href":"https:\/\/www.mojevrijeme.hr\/magazin\/wp-json\/wp\/v2\/posts"}],"about":[{"href":"https:\/\/www.mojevrijeme.hr\/magazin\/wp-json\/wp\/v2\/types\/post"}],"author":[{"embeddable":true,"href":"https:\/\/www.mojevrijeme.hr\/magazin\/wp-json\/wp\/v2\/users\/15"}],"replies":[{"embeddable":true,"href":"https:\/\/www.mojevrijeme.hr\/magazin\/wp-json\/wp\/v2\/comments?post=58348"}],"version-history":[{"count":0,"href":"https:\/\/www.mojevrijeme.hr\/magazin\/wp-json\/wp\/v2\/posts\/58348\/revisions"}],"wp:featuredmedia":[{"embeddable":true,"href":"https:\/\/www.mojevrijeme.hr\/magazin\/wp-json\/wp\/v2\/media\/58445"}],"wp:attachment":[{"href":"https:\/\/www.mojevrijeme.hr\/magazin\/wp-json\/wp\/v2\/media?parent=58348"}],"wp:term":[{"taxonomy":"category","embeddable":true,"href":"https:\/\/www.mojevrijeme.hr\/magazin\/wp-json\/wp\/v2\/categories?post=58348"},{"taxonomy":"post_tag","embeddable":true,"href":"https:\/\/www.mojevrijeme.hr\/magazin\/wp-json\/wp\/v2\/tags?post=58348"}],"curies":[{"name":"wp","href":"https:\/\/api.w.org\/{rel}","templated":true}]}}