{"id":58384,"date":"2022-04-12T10:10:20","date_gmt":"2022-04-12T08:10:20","guid":{"rendered":"https:\/\/www.mojevrijeme.hr\/magazin\/?p=58384"},"modified":"2022-06-06T11:05:44","modified_gmt":"2022-06-06T09:05:44","slug":"uz-pomoc-dobrih-ljudi-gordani-su-dani-ipak-laksi-na-kavi-nisam-bila-jako-dugo","status":"publish","type":"post","link":"https:\/\/www.mojevrijeme.hr\/magazin\/2022\/04\/uz-pomoc-dobrih-ljudi-gordani-su-dani-ipak-laksi-na-kavi-nisam-bila-jako-dugo\/","title":{"rendered":"Uz pomo\u0107 dobrih ljudi Gordani su dani ipak lak\u0161i. &#8216;Na kavi nisam bila jako dugo!&#8217;"},"content":{"rendered":"\n<p>Kako se \u017eivot \u010dovjeku mo\u017ee preko no\u0107i promijeniti, gospo\u0111a <strong>Gordana Restovac<\/strong> (57) gorko je iskusila prije deset godina. U naponu snage noge su je jednog jutra jednostavno izdale. Odjednom su oslabile i vi\u0161e nije mogla raditi, zapo\u010dinje nam svoju pri\u010du. Dala je otkaz u kafi\u0107u u kojem je tih godina radila i oti\u0161la na burzu. Tada kre\u0107e iscrpljuju\u0107e obila\u017eenje lije\u010dnika, poku\u0161aj otkrivanja uzroka nemo\u0107i normalnog kretanja i nastojanje da ishodi potvrdu o nesposobnosti za rad.&nbsp;<\/p>\n\n\n\n<h3 class=\"wp-block-heading\">Nekoliko puta odbijana za invalidsku mirovinu<\/h3>\n\n\n\n<p>&#8220;Jedno \u0161est puta tra\u017eila sam da mi daju invalidsku mirovinu, no odbili su me. A nemrem normalno ni hodati, ni stajati du\u017ee od \u010detiri sata. U principu nemam nikakve dijagnoze za to, tako da sam na kraju zavr\u0161ila na Centru za socijalnu skrb. Preko kume sam saznala za udrugu Kap dobrote i evo, oni mi tako\u0111er poma\u017eu ve\u0107 nekih sedam, osam godina.&#8221;<\/p>\n\n\n\n<h3 class=\"wp-block-heading\">Sama\u010dki \u017eivot lak\u0161i uz prijateljsku pomo\u0107<\/h3>\n\n\n\n<p>Gospo\u0111a Gordana do\u010dekala nas je u dru\u0161tvu volonterke <strong>Ivanke Petrovi\u0107<\/strong> (57), za stolom na ulazu u rodnu ku\u0107u u Donjoj Dubravi. Prizemnica koju su u ona &#8220;olovna vremena&#8221; podigli njezini roditelji kao da je ostala zamrznuta u vremenu. Iza od\u0161krinutih vrata proviruju kuhinjske plo\u010dice poznatog cvjetnog uzorka, \u010deste u ovda\u0161njim ku\u0107anstvima kasnih \u0161ezdesetih. O novijem periodu svjedo\u010de pukotine na fasadi ostale nakon zagreba\u010dkog potresa, pokoja bora vi\u0161e na Gordaninu licu, \u0161tap koji koristi po ku\u0107i i hodalica za povremenu \u0161etnju i odlaske lije\u010dniku. <\/p><div id=\"mojev-1006243878\" class=\"mojev-u-tekstu mojev-entity-placement\" style=\"margin-left: auto;margin-right: auto;text-align: center;\"><div class=\"mojev-adlabel\">oglas<\/div><div style=\"height: 250px;\"><script async src=\"https:\/\/pagead2.googlesyndication.com\/pagead\/js\/adsbygoogle.js?client=ca-pub-8106111766207173\"\r\n     crossorigin=\"anonymous\"><\/script>\r\n<!-- Prikazni 1 u tekstu -->\r\n<ins class=\"adsbygoogle\"\r\n     style=\"display:block\"\r\n     data-ad-client=\"ca-pub-8106111766207173\"\r\n     data-ad-slot=\"8535551207\"\r\n     data-ad-format=\"auto\"\r\n     data-full-width-responsive=\"true\"><\/ins>\r\n<script>\r\n     (adsbygoogle = window.adsbygoogle || []).push({});\r\n<\/script><\/div><\/div><br style=\"clear: both; display: block; float: none;\"\/>\n\n\n\n<p>Otkako je korona zavladala u du\u0107an se jo\u0161 rje\u0111e odva\u017euje, govori, dok nam pa\u017enja bje\u017ei na rascvjetalu tre\u0161nju u dvori\u0161tu i svje\u017ee obje\u0161eno rublje. Da je tema druga\u010dija, prizor bi bio gotovo idili\u010dan, razmi\u0161ljamo na glas. Na\u0161a sugovornica uzvra\u0107a smije\u0161kom, otkriva da je za rublje zaslu\u017ean prijatelj Vlado koji joj puno poma\u017ee. Nekada\u0161nji branitelj \u010desto navrati, pita treba li joj \u0161to napraviti, izvede u \u0161etnju mje\u0161anku Mrvicu i tako im oboma ispuni dan.&nbsp;<\/p>\n\n\n\n<h3 class=\"wp-block-heading\">U mladosti je vozila tramvaj, 14-ica najdra\u017ea ruta &nbsp;<\/h3>\n\n\n\n<p>Gordana je zbog naru\u0161enog zdravlja ostavila posao u ugostiteljstvu. Sva\u0161ta je radila u svom fahu, uglavnom konobarski dio. Me\u0111utim, prvi posao po zavr\u0161etku srednje \u0161kole bio je u ZET-u. Jo\u0161 uvijek su, ka\u017ee, \u017eiva sje\u0107anja na sedam lijepih godina provedenih u voza\u010dkoj kabini tramvaja, za popularnim &#8220;mlincem&#8221;. Zvuci okretanja upravlja\u010dke ru\u010dice, ba\u0161 kao i nekada\u0161nji kondukteri u odjeljku zadnjih kola, danas su tek dio zagreba\u010dke memorije. Od svih linija najvi\u0161e je voljela onu do Mihaljevca s kojeg puca najbolji pogled na Sljeme, pa natrag do Novog Zagreba bez puno skretanja.&nbsp;<\/p>\n\n\n\n<p>Danas, unato\u010d nalazu lije\u010dnika o 70 posto invaliditeta, za birokraciju je ostala &#8220;ni na nebu, ni na zemlji&#8221;, komisija je zaklju\u010dila da je sposobna za rad. U invalidsku mirovinu nije mogla, kao ni na makar povremeni posao. Primanja se tako na\u0161oj sugovornici svode na socijalnu naknadu za pomo\u0107 i njegu u ku\u0107i, vau\u010der za struju te financijsku pomo\u0107 od Grada. Mjese\u010dno to ispadne nekih 1.700 kuna. Povrh svega nedavno je morala na operaciju \u017eu\u010di, pa je dodatno brinula zbog povratka u praznu ku\u0107u. No, dobri ljudi ni ovaj put nisu zakazali.&nbsp;<\/p>\n\n\n\n<p>&#8220;Nedavno sam do\u0161la iz bolnice pa je Vlado kod mene par dana. Skuha mi, jutros je objesio ve\u0161 i tako. Poma\u017eu mi i on i Ivanka, dolazi i gerontodoma\u0107ica Verica, isto preko Kapi dobrote. Bez njih ne znam kako bi sama.&#8221;<\/p>\n\n\n\n<h3 class=\"wp-block-heading\">Zbog mladi\u0107a ostavila tramvaje, danas \u017eali&nbsp;&nbsp;<\/h3>\n\n\n\n<p>S te\u0161kih tema Gordana skre\u0107e razgovor na sretnija vremena i vo\u017enju tramvaja \u0161to joj je, veli, bio najljep\u0161i posao u \u017eivotu. Sje\u0107a se da je htjela biti kondukterka, ali je pokojni otac koji je radio na remizi u Dubravi savjetovao da zavr\u0161i voza\u010dki te\u010daj, jer je pla\u0107a bolja. Mo\u017eda bi do\u010dekala i mirovinu u ZET-u da joj se na kuminom vjen\u010danju nije dogodila ljubav na prvi pogled.<\/p>\n\n\n\n<p>&#8220;Zaljubila sam se u jednog de\u010dka u Kor\u010duli, a po\u0161to tamo nema tramvaja tu sam dala otkaz. To mi je najve\u0107a pogre\u0161ka u \u017eivotu, ali eto, mladost ludost. Ta je veza nakon par mjeseci propala. Tata je ubrzo zavr\u0161io u komi zbog meningitisa, ja sam do\u0161la doma da sam uz njega i mamu, a on nije htio sa svog otoka. I tako se na kraju sve izjalovilo. Recimo samo da bih danas bolje razmislila o otkazu (smijeh). Nakon toga sam konobarila sve dok se jedno jutro nisam probudila i jedva stala na noge. A one su mi kao i ruke bile glavne za posao. Sve skupa imam 23 godine radnog sta\u017ea.&#8221;<\/p>\n\n\n\n<figure class=\"wp-block-image size-large\"><img loading=\"lazy\" decoding=\"async\" width=\"740\" height=\"444\" src=\"https:\/\/www.mojevrijeme.hr\/magazin\/wp-content\/uploads\/2022\/04\/gordana-ivanka-740x444.jpg\" alt=\"\" class=\"wp-image-58401\" srcset=\"https:\/\/www.mojevrijeme.hr\/magazin\/wp-content\/uploads\/2022\/04\/gordana-ivanka-740x444.jpg 740w, https:\/\/www.mojevrijeme.hr\/magazin\/wp-content\/uploads\/2022\/04\/gordana-ivanka-636x382.jpg 636w, https:\/\/www.mojevrijeme.hr\/magazin\/wp-content\/uploads\/2022\/04\/gordana-ivanka-768x461.jpg 768w, https:\/\/www.mojevrijeme.hr\/magazin\/wp-content\/uploads\/2022\/04\/gordana-ivanka-1536x922.jpg 1536w, https:\/\/www.mojevrijeme.hr\/magazin\/wp-content\/uploads\/2022\/04\/gordana-ivanka-1500x900.jpg 1500w, https:\/\/www.mojevrijeme.hr\/magazin\/wp-content\/uploads\/2022\/04\/gordana-ivanka-1600x960.jpg 1600w, https:\/\/www.mojevrijeme.hr\/magazin\/wp-content\/uploads\/2022\/04\/gordana-ivanka-590x354.jpg 590w, https:\/\/www.mojevrijeme.hr\/magazin\/wp-content\/uploads\/2022\/04\/gordana-ivanka-400x240.jpg 400w, https:\/\/www.mojevrijeme.hr\/magazin\/wp-content\/uploads\/2022\/04\/gordana-ivanka-1000x600.jpg 1000w, https:\/\/www.mojevrijeme.hr\/magazin\/wp-content\/uploads\/2022\/04\/gordana-ivanka-820x492.jpg 820w, https:\/\/www.mojevrijeme.hr\/magazin\/wp-content\/uploads\/2022\/04\/gordana-ivanka-1080x648.jpg 1080w, https:\/\/www.mojevrijeme.hr\/magazin\/wp-content\/uploads\/2022\/04\/gordana-ivanka.jpg 2000w\" sizes=\"auto, (max-width: 740px) 100vw, 740px\" \/><figcaption>Gordana Restovac i volonterka Ivanka Petrovi\u0107 (foto: Sandro Bura)<\/figcaption><\/figure>\n\n\n\n<p>Nakon o\u010deve smrti, gospo\u0111i Gordani je ubrzo oboljela majka. Pod zadnje je ostala nepokretna, a kako se i njoj zdravlje pogor\u0161alo za pomo\u0107 u brizi oko majke obratila se spomenutoj udruzi. Kad je izgubiv\u0161i mamu i sama bila u potrebi, nastavili su joj pomagati. Na tome im je neizmjerno zahvalna, ponavlja. Iz Centra ima osigurane obroke, gerontodoma\u0107ica udruge brine i usko\u010di oko pospremanja. Gospo\u0111a Ivanka koja odnedavno stanuje u susjedstvu \u010desto joj navrati na dru\u017eenje. &#8220;To mi je velika utjeha, taj osje\u0107aj da ipak niste sami na svijetu&#8221;, govori na\u0161a sugovornica. U \u017eeljama je kao i potrebama i danas skromna.&nbsp;<\/p>\n\n\n\n<h3 class=\"wp-block-heading\">Po\u017eeli nekad i meso, ali ne mo\u017ee priu\u0161titi<\/h3>\n\n\n\n<p>&#8220;Re\u017eije mi nisu prevelike. Uvijek smo se bojali plina pa se grijem na drva. \u0160est, sedam metara, kako koje zime. Udruga mi dopelja, a prijatelj mi nacijepa i donese u ku\u0107u. Grad mi pla\u0107a do 200 kuna, ja dodam ostatak. Voda mi je 96 kuna, \u010disto\u0107a 76, mobitel najjeftinija tarifa 50 kuna. \u0160to se ti\u010de \u0161peceraja, bez Udruge ne bi mogla. Kol\u2019ko samo litra ulja ko\u0161ta. Ja jesam malo ja\u010da, ali ne jedem puno. Od Udruge mjese\u010dno dobijem stvarno dobre pakete, ri\u017eu, bra\u0161no, \u0161e\u0107er, sol i drugo. Iz Centra mi svaki dan dostave skuhano, evo kantice su tu. Sve osim mesa, ali dobro, dobijem ru\u010dak. \u010covjek si mora i mesa priskrbiti, a ono je jako skupo. Jel si uspijem odvojiti neku kunu sa strane? Ne. Na kavi nisam bila ve\u0107 jako dugo&#8221;, zastaje na tren kroz suze.&nbsp;<\/p>\n\n\n\n<p>&#8220;Sad \u0107emo mi Goga i to, kad bude lijepo vrijeme i ti ozdravi\u0161. Pro\u0161etat \u0107emo se negdje na kavu&#8221;, tje\u0161i ju gospo\u0111a <strong>Ivanka Petrovi\u0107<\/strong>. Ona se na volontiranje u Kapi dobrote odlu\u010dila nakon odgledane emisije o pokojnom pateru Antunu Cveku, poznatom humanitarcu i osniva\u010du udruge. Ka\u017ee, bila je to prekretnica koja ju je gurnula na ovaj put pomaganja i po\u010dela ju istinski ispunjavati. Ovisno o potrebi, nakon posla sprema\u010dice na institutu Ru\u0111er Bo\u0161kovi\u0107 spremno i s voljom Ivanka obi\u0111e Gordanu. Ona joj je bila prva korisnica.&nbsp;<\/p>\n\n\n\n<p>&#8220;Volontiram ve\u0107 pet godina, toliko se nas dvije dru\u017eimo. I volimo jako. Znamo se i smijati i plakati, biti i o\u0161tri kad nekaj nije u redu&#8221;, re\u0107i \u0107e Ivanka. Gordana posve otvoreno spominje poreme\u0107aj osobnosti zbog kojeg je na terapiji antidepresivima. Kad ih zaboravi uzeti, ka\u017ee raspla\u010de se &#8220;i na krivi mali prst&#8221;. Ili pomi\u0161lja na najgori scenarij ako ju ne\u0161to zaboli. Onda do\u0111e Ivanka i pru\u017ei joj psihi\u010dku utjehu. Lijepo joj objasni da nema rak, ve\u0107 se samo rastu\u017eila u toj svojoj nevolji koju su dodatno ote\u017eali potres i korona. <\/p>\n\n\n\n<p>Potvr\u0111uje to i prijateljica volonterka:&nbsp;&#8220;Taj strah od korone je bio dosta izra\u017een, jo\u0161 je prisutan. A njezino psihi\u010dko stanje je takvo kakvo je, pa je razgovor o bolovima kod doktorice znao skrenuti u krajnji pesimizam i umi\u0161ljanje neizlje\u010divog ishoda.&#8221;<\/p>\n\n\n\n<p>Gordani je pak nakon operacije ostala duboka rana pa se deset dana prvo oporavljala u bolnici, a sada kod ku\u0107e. Kad su roditelji do\u0161li poslom u Zagreb tu je bila tek drvena ku\u0107ica. Isto su bili obi\u010dni fizi\u010dki radnici, polako su odvajaju\u0107i gradili novu tako da je do danas tavan ostao nezavr\u0161en. Od rodbine Gordana otkriva ima dva polubrata. Jedan \u017eivi u Australiji i s njim se nije \u010dula ve\u0107 deset godina, ne zna ni je li \u017eiv i bi li joj tko mogao pomo\u0107i da ga na\u0111e. Drugi \u017eivi u obli\u017enjem naselju, ali dodaje kako nisu ba\u0161 u najboljim odnosima. &#8220;To mi te\u0161ko pada. Volim ih obojicu.&#8221;<\/p>\n\n\n\n<h3 class=\"wp-block-heading\">Ga\u010danka u srcu Zagreba<\/h3>\n\n\n\n<p>Sretna je ipak, jer oko sebe ima par prijatelja i dobre susjede. Dok smo razgovarale, jedna od spomenutih svratila je u vizitu. Gospo\u0111a <strong>Marija Bogdani\u0107 <\/strong>(83) Gordani je po povratku iz bolnice znala skuhati juhicu. I ona je sli\u010dno roditeljima na\u0161e sugovornice iz Sinca u Gackom polju stigla u Zagreb za poslom, dok su na istoku grada bile tek malobrojne ku\u0107ice i livade. Danas je njihovo susjedstvo kao i ostatak Dubrave na\u010di\u010dkan stambenim objektima. Kad je lijepo vrijeme, Marija obavezno do\u0161e\u0107e s hodalicom razmijeniti par rije\u010di.<\/p>\n\n\n\n<p>&#8220;Pa ju\u010der smo tu tamburale, da (smijeh). Nemam nikoga nego nju, nas dve smo ostale same tu. Prva susjeda nam je nedavno samo oti\u0161la, preko no\u0107i. U tri dana je umrla od korone. Ja sam sama ve\u0107 13 godina otkako je suprug umro. Sin je nedavno prebolil\u2019 koronu, jedva je ostal\u2019 \u017eiv. Uskoro \u0107e u penziju sa \u017eeljeznice i tako, \u017eivot prolazi. Kad me Goga zamoli, skuham joj malo juhice. Ma ho\u0107u, kako ne bi, kad mogu. Nekad ne mogu, i sama sam dosta bolesna, imam \u0161e\u0107er.&#8221;<\/p>\n\n\n\n<figure class=\"wp-block-image size-large\"><img loading=\"lazy\" decoding=\"async\" width=\"740\" height=\"444\" src=\"https:\/\/www.mojevrijeme.hr\/magazin\/wp-content\/uploads\/2022\/04\/marija-bogdanic-740x444.jpg\" alt=\"\" class=\"wp-image-58402\" srcset=\"https:\/\/www.mojevrijeme.hr\/magazin\/wp-content\/uploads\/2022\/04\/marija-bogdanic-740x444.jpg 740w, https:\/\/www.mojevrijeme.hr\/magazin\/wp-content\/uploads\/2022\/04\/marija-bogdanic-636x382.jpg 636w, https:\/\/www.mojevrijeme.hr\/magazin\/wp-content\/uploads\/2022\/04\/marija-bogdanic-768x461.jpg 768w, https:\/\/www.mojevrijeme.hr\/magazin\/wp-content\/uploads\/2022\/04\/marija-bogdanic-1536x922.jpg 1536w, https:\/\/www.mojevrijeme.hr\/magazin\/wp-content\/uploads\/2022\/04\/marija-bogdanic-1500x900.jpg 1500w, https:\/\/www.mojevrijeme.hr\/magazin\/wp-content\/uploads\/2022\/04\/marija-bogdanic-1600x960.jpg 1600w, https:\/\/www.mojevrijeme.hr\/magazin\/wp-content\/uploads\/2022\/04\/marija-bogdanic-590x354.jpg 590w, https:\/\/www.mojevrijeme.hr\/magazin\/wp-content\/uploads\/2022\/04\/marija-bogdanic-400x240.jpg 400w, https:\/\/www.mojevrijeme.hr\/magazin\/wp-content\/uploads\/2022\/04\/marija-bogdanic-1000x600.jpg 1000w, https:\/\/www.mojevrijeme.hr\/magazin\/wp-content\/uploads\/2022\/04\/marija-bogdanic-820x492.jpg 820w, https:\/\/www.mojevrijeme.hr\/magazin\/wp-content\/uploads\/2022\/04\/marija-bogdanic-1080x648.jpg 1080w, https:\/\/www.mojevrijeme.hr\/magazin\/wp-content\/uploads\/2022\/04\/marija-bogdanic.jpg 2000w\" sizes=\"auto, (max-width: 740px) 100vw, 740px\" \/><figcaption>Susjeda Marija Bogdani\u0107 (foto: Sandro Bura)<\/figcaption><\/figure>\n\n\n\n<p>Kao i Gordanina majka, gospo\u0111a Marija je radila u nekada\u0161njoj tekstilnoj industriji Nadi Dimi\u0107, ali ne u pogonu Dubrava, ve\u0107 u centru. Nakon 30 godina sta\u017ea, s 53 godine oti\u0161la je u mirovinu. Bilo je to devedesetprve, reklo bi se sa zadnjim vlakom pred raspad tvornice, \u010diji ostaci na Branimirovoj ve\u0107im dijelom zjape prazni. Ova umirovljenica \u017eivi sa 2.433 kune mjese\u010dno. Evo kako.<\/p>\n\n\n\n<p>&#8220;Kako? Krpam, tko me pita! Ju\u010der sam spekla \u0161nicl i pojela pol\u2019, danas pol\u2019. Smijale smo se ju\u010der, jesam rekla da \u0107u ga i danas imat\u2019 za ru\u010dak. Re\u017eije su dosta velike. Po zimi mi je oti\u0161lo po 1.200 kuna, plin je skup. Nabere se struja, voda, telefon, \u0161ta jo\u0161 ono, televizija, da.&#8221;<\/p>\n\n\n\n<p>Za Sisvete je gospo\u0111a Marija do\u017eivjela mo\u017edani udar, pa otada ima problema s apetitom. \u0160ali se s Gordanom i Ivankom na vlastiti ra\u010dun da je u penzionerskoj ekonomskoj svakodnevici spomenuto zlo zapravo iza\u0161lo na dobro. Pri\u0161tedi se na hrani. Posljedice mo\u017edanog osje\u0107a na o\u0161te\u0107enom vidu. Hodalicom se slu\u017ei ve\u0107 tri godine, jer je na dva mjesta pucala kralje\u017enica, a sad ju susti\u017ee i bolna, ranije polomljena noga. Kad ne navrati do Gordane, \u010duju se telefonom da provjere kako je onoj drugoj.&nbsp;<\/p>\n\n\n\n<p>&#8220;Ja velim da mi je ona druga \u2018\u0107er. Imam jednu, njih dvi me nazovedu i to mi je sve. Jo\u0161 jedna \u0161ogorica mi je \u017eiva, ina\u010de sve drugo pomrlo. Bilo nas je puno nekad, a danas eto ovako. Uglavnom sama\u010dki&#8221;, zaklju\u010duje gospo\u0111a Marija.<\/p>\n\n\n\n<div id=\"blokovi\"><img decoding=\"async\" src=\"https:\/\/www.mojevrijeme.hr\/magazin\/wp-content\/uploads\/2020\/09\/esf-lenta.jpg\">\nOvaj prilog objavljen je u sklopu projekta \u201cNovo vrijeme\u201d. Projekt je sufinancirala\nEuropska unija sredstvima Europskog socijalnog fonda. Sadr\u017eaj priloga isklju\u010diva\nje odgovornost Udruge Ho\u0107u stranicu.<\/div>\n<div id=\"mojev-605758963\" class=\"mojev-kraj-teksta mojev-entity-placement\" style=\"margin-bottom: 20px;margin-left: auto;margin-right: auto;text-align: center;\"><div class=\"mojev-adlabel\">oglas<\/div><div style=\"height: 250px;\"><script async src=\"https:\/\/pagead2.googlesyndication.com\/pagead\/js\/adsbygoogle.js?client=ca-pub-8106111766207173\"\r\n     crossorigin=\"anonymous\"><\/script>\r\n<!-- Display-1 -->\r\n<ins class=\"adsbygoogle\"\r\n     style=\"display:block\"\r\n     data-ad-client=\"ca-pub-8106111766207173\"\r\n     data-ad-slot=\"1465712950\"\r\n     data-ad-format=\"auto\"\r\n     data-full-width-responsive=\"true\"><\/ins>\r\n<script>\r\n     (adsbygoogle = window.adsbygoogle || []).push({});\r\n<\/script><\/div><\/div>","protected":false},"excerpt":{"rendered":"<p>Sama\u010dki \u017eivot ponekad bude stvar izbora, a \u010desto splet \u017eivotnih okolnosti. Kad je osoba k tomu u odre\u0111enim godinama, suo\u010dena s nizom te\u0161ko\u0107a ponajvi\u0161e zbog zdravstvenih razloga i te\u0161ke socijalne situacije, ostati pozitivan je svakodnevni izazov. Dok god ima ljudi koji tada nesebi\u010dno priska\u010du u pomo\u0107, bilo to tek rije\u010dima utjehe, nekako je lak\u0161e gledati naprijed. Takva je upravo bliskost dviju vr\u0161njakinja iz zagreba\u010dke Dubrave. Spojila ih je nimalo slu\u010dajno dobro znana Kap dobrote.<\/p>\n","protected":false},"author":12,"featured_media":58399,"comment_status":"closed","ping_status":"closed","sticky":false,"template":"","format":"standard","meta":{"footnotes":""},"categories":[2],"tags":[942,2339,237,2782],"class_list":["post-58384","post","type-post","status-publish","format-standard","has-post-thumbnail","hentry","category-mozaik","tag-invaliditet","tag-novo-vrijeme","tag-siromastvo","tag-socijalna-iskljucenost"],"_links":{"self":[{"href":"https:\/\/www.mojevrijeme.hr\/magazin\/wp-json\/wp\/v2\/posts\/58384","targetHints":{"allow":["GET"]}}],"collection":[{"href":"https:\/\/www.mojevrijeme.hr\/magazin\/wp-json\/wp\/v2\/posts"}],"about":[{"href":"https:\/\/www.mojevrijeme.hr\/magazin\/wp-json\/wp\/v2\/types\/post"}],"author":[{"embeddable":true,"href":"https:\/\/www.mojevrijeme.hr\/magazin\/wp-json\/wp\/v2\/users\/12"}],"replies":[{"embeddable":true,"href":"https:\/\/www.mojevrijeme.hr\/magazin\/wp-json\/wp\/v2\/comments?post=58384"}],"version-history":[{"count":0,"href":"https:\/\/www.mojevrijeme.hr\/magazin\/wp-json\/wp\/v2\/posts\/58384\/revisions"}],"wp:featuredmedia":[{"embeddable":true,"href":"https:\/\/www.mojevrijeme.hr\/magazin\/wp-json\/wp\/v2\/media\/58399"}],"wp:attachment":[{"href":"https:\/\/www.mojevrijeme.hr\/magazin\/wp-json\/wp\/v2\/media?parent=58384"}],"wp:term":[{"taxonomy":"category","embeddable":true,"href":"https:\/\/www.mojevrijeme.hr\/magazin\/wp-json\/wp\/v2\/categories?post=58384"},{"taxonomy":"post_tag","embeddable":true,"href":"https:\/\/www.mojevrijeme.hr\/magazin\/wp-json\/wp\/v2\/tags?post=58384"}],"curies":[{"name":"wp","href":"https:\/\/api.w.org\/{rel}","templated":true}]}}