{"id":5850,"date":"2015-12-01T19:19:22","date_gmt":"2015-12-01T18:19:22","guid":{"rendered":"http:\/\/www.mojevrijeme.hr\/magazin\/?p=5850"},"modified":"2019-04-18T14:52:11","modified_gmt":"2019-04-18T12:52:11","slug":"peticija-stara-sam-i-bolesna-moram-li-biti-i-siromasna","status":"publish","type":"post","link":"https:\/\/www.mojevrijeme.hr\/magazin\/2015\/12\/peticija-stara-sam-i-bolesna-moram-li-biti-i-siromasna\/","title":{"rendered":"Peticija: Stara sam i bolesna. Moram li biti i siroma\u0161na?"},"content":{"rendered":"<p><strong>Sindikat umirovljenika Hrvatske<\/strong> (SUH) pokrenuo je akciju potpisivanja peticije \u201cGlasam protiv siroma\u0161tva starijih osoba\u201d, koja \u0107e se potpisivati u desetak gradova u Hrvatskoj te \u0107e biti uru\u010dena budu\u0107oj Vladi. U SUH-u su uvjereni da \u0107e u roku mjesec dana prikupiti 10.000 potpisa, nakon \u010dega kre\u0107u prema Vladi s to\u010dnim izra\u010dunima i prijedlozima za realizaciju njihovih prijedloga, iako ni sami ne znaju koliko bi to stajalo dr\u017eavni prora\u010dun.<\/p>\n<div id=\"zuto\">Ako ve\u0107 niste potpisali peticiju, mo\u017eete to u\u010dini javno ili skriveno od javnosti putem interneta popunjavaju\u0107i <strong><a href=\"http:\/\/www.peticija24.com\/glasam_protiv_siromatva_starijih_osoba\" target=\"_blank\" rel=\"noopener noreferrer\">ovaj obrazac<\/a><\/strong>. <\/div>\n<p>U nastavku donosimo nekoliko poruka gra\u0111ana koji su potpisali peticiju i javno izrazili nezadovoljstvo socijalnim statusom na\u0161ih starijih sugra\u0111ana.<\/p>\n<p>&nbsp;<\/p>\n<h3>Za\u0161to ste potpisali?<\/h3>\n<p><strong>Zato \u0161to je istina<\/strong> da stariji ljudi \u017eive u bijedi i siroma\u0161tvu. Svakodnevno vidim da kopaju po kontejnerima.\u00a0 Nezdravo \u017eive \u00a0i nemaju nikakvu zdravstvenu za\u0161titu. jadno. Svjesna sam da i moju generaciju \u010deka ista sudbina, ako ne i gorja.<\/p><div id=\"mojev-3603086160\" class=\"mojev-u-tekstu mojev-entity-placement\" style=\"margin-left: auto;margin-right: auto;text-align: center;\"><div class=\"mojev-adlabel\">oglas<\/div><div style=\"height: 250px;\"><script async src=\"https:\/\/pagead2.googlesyndication.com\/pagead\/js\/adsbygoogle.js?client=ca-pub-8106111766207173\"\r\n     crossorigin=\"anonymous\"><\/script>\r\n<!-- Prikazni 1 u tekstu -->\r\n<ins class=\"adsbygoogle\"\r\n     style=\"display:block\"\r\n     data-ad-client=\"ca-pub-8106111766207173\"\r\n     data-ad-slot=\"8535551207\"\r\n     data-ad-format=\"auto\"\r\n     data-full-width-responsive=\"true\"><\/ins>\r\n<script>\r\n     (adsbygoogle = window.adsbygoogle || []).push({});\r\n<\/script><\/div><\/div><br style=\"clear: both; display: block; float: none;\"\/>\n<p><strong>U Sloveniji<\/strong> je najni\u017ea mirovina 460 eura, a kod je nas sramotno niska. Treba uvrstiti i borbu za izjedna\u010davanje svih mirovina. Nije normalno da penzije dobivene prije 15-20 g odska\u010du od dana\u0161njih.<\/p>\n<p><strong>Zato \u0161to me se osobno doti\u010de<\/strong> i \u0161to sa svojom mirovinom \u017eivotarim. Smeta me nepravda, arogantnost, bezosje\u0107ajnost, samo\u017eivost i nerealnost ljudi koji su u mogu\u0107nosti da naprave neka pobolj\u0161anja, a ne \u017eele.<\/p>\n<p><strong>Starost tra\u017ei razumijevanje i po\u0161tovanje<\/strong>, a ne brigu za komad kruha. Mirovina ne smije biti vrijeme \u010dekanja na smrt, nego vrijeme zaslu\u017eenog odmora. Starost zaslu\u017euje dostojanstvo, a ne siroma\u0161tvo. Mladost brzo pro\u0111e i jednog se jutra probudimo umorni, sami i &#8230; gladni. U vrijeme berbe red je ubrati plod dugogodi\u0161njeg truda, a ne sijati. \u017delim svim srcem da ova peticija, probudi spava\u010de.<\/p>\n<p><strong>Stra\u0161no je biti siroma\u0161an<\/strong>, i to u mirovini. Kad vi\u0161e nema\u0161 \u0161ansu zaraditi.<\/p>\n<p><strong>Zato \u0161to imam 55 godina i 36 godina sta\u017ea<\/strong>, a dobivam minimalac i pre\u017eivljavam skupljaju\u0107i boce, papir i ostalo. Hrvatski sam branitelj. \u010cesto nemam \u0161to za jesti, re\u017eije pla\u0107am po opomenama, jedan mjesec struju,drugi RTV pretplatu, tre\u0107i vodu&#8230; Mislim da je sramota da \u010dovjek ne mo\u017ee pristojno \u017eivjeti od svog rada. Minimalne pla\u0107e i mirovine bi se trebale obra\u010dunavati na bazi realnih \u017eivotnih tro\u0161kova.<\/p>\n<p><strong>Zbog tate koji jedva \u017eivi od penzije<\/strong>, a \u017eivi u garsonjeri. Ja ne radim ve\u0107 2 godine. Vjerojatno \u0107e meni biti i gore, ako \u0107e uop\u0107e postojati pojam penzija u nekoj skoroj budu\u0107nosti<\/p>\n<p><strong>Sama sam, u mirovini sa 67 godine, bolesna<\/strong>. Zar jo\u0161 trebam siroma\u0161tvo? Gomile ljudi su radili cijeli radni vijek, primali pla\u0107e ve\u0107 prema vremenu u kojem su radili. Od svoje mirovine ne mogu pre\u017eivjeti posebice \u017eene koje se ne sna\u0111u u dodatnim poslovima, a ako su stare nitko ih ni ne\u0107e. Ona stara \u201epokrij se koliko ti je jorgan duga\u010dak\u201c za njih ne vrijedi, jer ne mogu pla\u0107ati ni re\u017eije, a \u010desto nemaju niti jorgan.<\/p>\n<p><strong>Pi\u0161em umjesto susjede<\/strong> uz njeno odobrenje. Ima mirovinu oko 860 kn. Mora platiti re\u017eije, bila je na dvije operacije, sada \u0107e morati opet na tre\u0107u. Mora nadopla\u0107ivati lijekove i biti na dijetalnoj hrani, a svi znamo da je takva hrana jo\u0161 skuplja. Nije imala za drva. Uprava grada joj je 24. ovog mjeseca dodijelila drva pa je ove jeseni prvi put nalo\u017eila. Ima k\u0107erku i unuka koji su na\u017ealost nezaposleni i ne mogu joj nikako pomo\u0107i.\u00a0 Ba\u0161 me zanima da li je u saboru i ministarstvima sezona grijanja po\u010dela kad i mojoj susjedi. Jesu li isti tako bili bez grijanja sve do 24. studenog u svojim stanovima?<\/p>\n<div id=\"mojev-540423456\" class=\"mojev-kraj-teksta mojev-entity-placement\" style=\"margin-bottom: 20px;margin-left: auto;margin-right: auto;text-align: center;\"><div class=\"mojev-adlabel\">oglas<\/div><div style=\"height: 250px;\"><script async src=\"https:\/\/pagead2.googlesyndication.com\/pagead\/js\/adsbygoogle.js?client=ca-pub-8106111766207173\"\r\n     crossorigin=\"anonymous\"><\/script>\r\n<!-- Display-1 -->\r\n<ins class=\"adsbygoogle\"\r\n     style=\"display:block\"\r\n     data-ad-client=\"ca-pub-8106111766207173\"\r\n     data-ad-slot=\"1465712950\"\r\n     data-ad-format=\"auto\"\r\n     data-full-width-responsive=\"true\"><\/ins>\r\n<script>\r\n     (adsbygoogle = window.adsbygoogle || []).push({});\r\n<\/script><\/div><\/div>","protected":false},"excerpt":{"rendered":"<p>Starost tra\u017ei razumijevanje i po\u0161tovanje, a ne brigu za komad kruha. Mirovina ne smije biti vrijeme \u010dekanja na smrt, nego vrijeme zaslu\u017eenog odmora. Starost zaslu\u017euje dostojanstvo, a ne siroma\u0161tvo. Mladost brzo pro\u0111e i jednog se jutra probudimo umorni, sami i &#8230; gladni.<\/p>\n","protected":false},"author":2,"featured_media":5689,"comment_status":"closed","ping_status":"open","sticky":false,"template":"","format":"standard","meta":{"footnotes":""},"categories":[9],"tags":[18,705,167,237],"class_list":["post-5850","post","type-post","status-publish","format-standard","has-post-thumbnail","hentry","category-vijesti","tag-mirovine","tag-peticija","tag-sindikat-umirovljenika","tag-siromastvo"],"_links":{"self":[{"href":"https:\/\/www.mojevrijeme.hr\/magazin\/wp-json\/wp\/v2\/posts\/5850","targetHints":{"allow":["GET"]}}],"collection":[{"href":"https:\/\/www.mojevrijeme.hr\/magazin\/wp-json\/wp\/v2\/posts"}],"about":[{"href":"https:\/\/www.mojevrijeme.hr\/magazin\/wp-json\/wp\/v2\/types\/post"}],"author":[{"embeddable":true,"href":"https:\/\/www.mojevrijeme.hr\/magazin\/wp-json\/wp\/v2\/users\/2"}],"replies":[{"embeddable":true,"href":"https:\/\/www.mojevrijeme.hr\/magazin\/wp-json\/wp\/v2\/comments?post=5850"}],"version-history":[{"count":0,"href":"https:\/\/www.mojevrijeme.hr\/magazin\/wp-json\/wp\/v2\/posts\/5850\/revisions"}],"wp:featuredmedia":[{"embeddable":true,"href":"https:\/\/www.mojevrijeme.hr\/magazin\/wp-json\/wp\/v2\/media\/5689"}],"wp:attachment":[{"href":"https:\/\/www.mojevrijeme.hr\/magazin\/wp-json\/wp\/v2\/media?parent=5850"}],"wp:term":[{"taxonomy":"category","embeddable":true,"href":"https:\/\/www.mojevrijeme.hr\/magazin\/wp-json\/wp\/v2\/categories?post=5850"},{"taxonomy":"post_tag","embeddable":true,"href":"https:\/\/www.mojevrijeme.hr\/magazin\/wp-json\/wp\/v2\/tags?post=5850"}],"curies":[{"name":"wp","href":"https:\/\/api.w.org\/{rel}","templated":true}]}}