{"id":58534,"date":"2022-04-15T12:22:54","date_gmt":"2022-04-15T10:22:54","guid":{"rendered":"https:\/\/www.mojevrijeme.hr\/magazin\/?p=58534"},"modified":"2022-04-15T12:49:46","modified_gmt":"2022-04-15T10:49:46","slug":"je-li-grijeh-prati-rublje-nedjeljom-sto-kaze-katolicka-crkva","status":"publish","type":"post","link":"https:\/\/www.mojevrijeme.hr\/magazin\/2022\/04\/je-li-grijeh-prati-rublje-nedjeljom-sto-kaze-katolicka-crkva\/","title":{"rendered":"Zabrinuta vjernica: Je li grijeh prati rublje nedjeljom? \u0160to ka\u017ee Katoli\u010dka crkva?"},"content":{"rendered":"\n<p>&#8220;Je li grijeh prati rublje nedjeljom, odnosno smatra li se to te\u0161kim poslom koji bi trebalo izbjegavati raditi? Mla\u0111a smo obitelj, imamo troje djece i \u010desto u tjednu ne stignemo sve napraviti. Hvala na odgovoru.&#8221; Pitanje je to koje je postavila \u010ditateljica <a rel=\"noreferrer noopener\" href=\"https:\/\/www.glas-koncila.hr\/kako-s-andelima-teskim-grijesima-i-rubljem-tri-uvjeta-da-bi-grijeh-bio-smrtan\/\" target=\"_blank\">Glasu Koncila<\/a>.<\/p>\n\n\n\n<p>&#8220;U redovitom razmi\u0161ljanju o dopu\u0161tenom ili nedopu\u0161tenom poslu nedjeljom svjesni smo da postoje neki poslovi koje, bez obzira na njihovu te\u017einu, moramo obaviti i nedjeljom. Tako je naime s poslom u nekim djelatnostima. Ponekad je neizbje\u017eno nedjeljom obaviti i neke hitne poljoprivredne poslove, pogotovo ako prijeti neko te\u017ee du\u017ee nepogodno vrijeme, koje bi moglo ugroziti urod, a time i \u017eivot ljudi&#8221;, stoji u odgovoru.<\/p>\n\n\n\n<p>&#8220;Postoje li u Va\u0161oj obitelji neki te\u0161ki razlozi zbog kojih ne stignete prati rublje u tjednu, vjerojatno biste mogli prona\u0107i neko opravdanje. No po Va\u0161em pitanju zaklju\u010dujemo da se ne \u017eelite opravdavati i da se ne osje\u0107ate ugodno zbog toga, pa mo\u017eda i mislite da grije\u0161ite, pa predla\u017eemo da poku\u0161ate istra\u017eiti druge mogu\u0107nosti, na neki na\u010din u\u010dinkovitiju organizaciju dnevnih obveza jer pranje rublja uobi\u010dajeno ne mora uzeti puno vremena premda razumijemo da nije lako uskla\u0111ivati svakodnevne obveze u obitelji s troje male djece koja sigurno zahtijevaju mnogo ljubavi i brige&#8221;, odgovaraju teolozi iz Koncila.<\/p><div id=\"mojev-1419131463\" class=\"mojev-u-tekstu mojev-entity-placement\" style=\"margin-left: auto;margin-right: auto;text-align: center;\"><div class=\"mojev-adlabel\">oglas<\/div><div style=\"height: 250px;\"><script async src=\"https:\/\/pagead2.googlesyndication.com\/pagead\/js\/adsbygoogle.js?client=ca-pub-8106111766207173\"\r\n     crossorigin=\"anonymous\"><\/script>\r\n<!-- Prikazni 1 u tekstu -->\r\n<ins class=\"adsbygoogle\"\r\n     style=\"display:block\"\r\n     data-ad-client=\"ca-pub-8106111766207173\"\r\n     data-ad-slot=\"8535551207\"\r\n     data-ad-format=\"auto\"\r\n     data-full-width-responsive=\"true\"><\/ins>\r\n<script>\r\n     (adsbygoogle = window.adsbygoogle || []).push({});\r\n<\/script><\/div><\/div><br style=\"clear: both; display: block; float: none;\"\/>\n<div id=\"mojev-2318816146\" class=\"mojev-kraj-teksta mojev-entity-placement\" style=\"margin-bottom: 20px;margin-left: auto;margin-right: auto;text-align: center;\"><div class=\"mojev-adlabel\">oglas<\/div><div style=\"height: 250px;\"><script async src=\"https:\/\/pagead2.googlesyndication.com\/pagead\/js\/adsbygoogle.js?client=ca-pub-8106111766207173\"\r\n     crossorigin=\"anonymous\"><\/script>\r\n<!-- Display-1 -->\r\n<ins class=\"adsbygoogle\"\r\n     style=\"display:block\"\r\n     data-ad-client=\"ca-pub-8106111766207173\"\r\n     data-ad-slot=\"1465712950\"\r\n     data-ad-format=\"auto\"\r\n     data-full-width-responsive=\"true\"><\/ins>\r\n<script>\r\n     (adsbygoogle = window.adsbygoogle || []).push({});\r\n<\/script><\/div><\/div>","protected":false},"excerpt":{"rendered":"<p>Razapeti izme\u0111u vjerskih pravila i dnevnih \u017eivotnih obveza, vjernici \u010desto osje\u0107aju gri\u017enju savjesti i pitaju se jesu li po\u010dinili grijeh.<\/p>\n","protected":false},"author":1,"featured_media":28598,"comment_status":"closed","ping_status":"closed","sticky":false,"template":"","format":"standard","meta":{"footnotes":""},"categories":[2],"tags":[1070,2486,303],"class_list":["post-58534","post","type-post","status-publish","format-standard","has-post-thumbnail","hentry","category-mozaik","tag-katolici","tag-kucanski-poslovi","tag-religija"],"_links":{"self":[{"href":"https:\/\/www.mojevrijeme.hr\/magazin\/wp-json\/wp\/v2\/posts\/58534","targetHints":{"allow":["GET"]}}],"collection":[{"href":"https:\/\/www.mojevrijeme.hr\/magazin\/wp-json\/wp\/v2\/posts"}],"about":[{"href":"https:\/\/www.mojevrijeme.hr\/magazin\/wp-json\/wp\/v2\/types\/post"}],"author":[{"embeddable":true,"href":"https:\/\/www.mojevrijeme.hr\/magazin\/wp-json\/wp\/v2\/users\/1"}],"replies":[{"embeddable":true,"href":"https:\/\/www.mojevrijeme.hr\/magazin\/wp-json\/wp\/v2\/comments?post=58534"}],"version-history":[{"count":0,"href":"https:\/\/www.mojevrijeme.hr\/magazin\/wp-json\/wp\/v2\/posts\/58534\/revisions"}],"wp:featuredmedia":[{"embeddable":true,"href":"https:\/\/www.mojevrijeme.hr\/magazin\/wp-json\/wp\/v2\/media\/28598"}],"wp:attachment":[{"href":"https:\/\/www.mojevrijeme.hr\/magazin\/wp-json\/wp\/v2\/media?parent=58534"}],"wp:term":[{"taxonomy":"category","embeddable":true,"href":"https:\/\/www.mojevrijeme.hr\/magazin\/wp-json\/wp\/v2\/categories?post=58534"},{"taxonomy":"post_tag","embeddable":true,"href":"https:\/\/www.mojevrijeme.hr\/magazin\/wp-json\/wp\/v2\/tags?post=58534"}],"curies":[{"name":"wp","href":"https:\/\/api.w.org\/{rel}","templated":true}]}}