{"id":58570,"date":"2022-04-16T19:03:54","date_gmt":"2022-04-16T17:03:54","guid":{"rendered":"https:\/\/www.mojevrijeme.hr\/magazin\/?p=58570"},"modified":"2023-05-14T13:06:25","modified_gmt":"2023-05-14T11:06:25","slug":"ostala-je-bez-sina-i-muza-prezivjela-srpski-logor-danas-razumije-patnju-ukrajinaca","status":"publish","type":"post","link":"https:\/\/www.mojevrijeme.hr\/magazin\/2022\/04\/ostala-je-bez-sina-i-muza-prezivjela-srpski-logor-danas-razumije-patnju-ukrajinaca\/","title":{"rendered":"Ostala je bez sina i mu\u017ea, pre\u017eivjela srbijanski logor. Danas razumije patnju Ukrajinaca"},"content":{"rendered":"\n<p>Garsonjera u zagreba\u010dkoj Vukovarskoj ulici dugo je ve\u0107 drugi dom \u017eivotnoj heroini <strong>Luci Kordi\u0107 <\/strong>(88). Ondje \u017eivi sama, ali ne posve usamljena. Susjeda iz stana do obi\u0111e ju kad stigne, barem jednom tjedno, popiju kavu, malo porazgovaraju o novostima i sitnicama pa joj dan bude odmah vedriji. Puno je mirnija i nakon svakog posjeta <strong>Ane Kekez<\/strong>, volonterke humanitarne udruge Kapi dobrote.<\/p>\n\n\n\n<h3 class=\"wp-block-heading\">Sama\u010dki \u017eivot kao u zatvoru<\/h3>\n\n\n\n<p>Da su noge mla\u0111e i vitalnije, poput duha kojim naprosto zra\u010di, oti\u0161la bi gospo\u0111a Luca k\u2019o nekad i pro\u0161etati oko popularne &#8220;harmonike&#8221; nedaleko Dr\u017ei\u0107eve. Ali godine su kao i zdravlje stisle, pa u zelenilu obli\u017enjeg parka uglavnom u\u017eiva pogledavaju\u0107i s balkona. Srce bi htjelo van, no tako je kako je. \u2018&#8221;\u017divim sama. Volila bi da ima, \u0161to se ka\u017ee, pile tu da hoda pa da ga vidim. Nisam u zatvoru, ali k&#8217;o da jesam. Ne i\u0111em nikuda, bojim se ove korone i to je to. A sa zdravljem sam tu i tamo.&#8221;<\/p>\n\n\n\n<p>Nedavno je imala manju nezgodu, otkriva. Saplela se o tepih i pala. Pukom sre\u0107om bez te\u017eih posljedica, ali natukla je rebra i otprije bolnu nogu pa joj se ba\u0161 ne silazi i vra\u0107a stepeni\u0161tem na prvi kat. &#8220;Dobro sam pro\u0161la, ali sva sam se razbila. Dok s vama pri\u010dam, evo tu mi odgovara&#8221;, pokazuje bolno mjesto na prsima. Govori glasno, jer i sluh je s vremenom ne\u0161to slabiji. No, o\u010di i dalje iskre toplinom, zrcale duh koji se jednostavno ne predaje. Ma \u0161to bilo.&nbsp;<\/p><div id=\"mojev-1532918077\" class=\"mojev-u-tekstu mojev-entity-placement\" style=\"margin-left: auto;margin-right: auto;text-align: center;\"><div class=\"mojev-adlabel\">oglas<\/div><div style=\"height: 250px;\"><script async src=\"https:\/\/pagead2.googlesyndication.com\/pagead\/js\/adsbygoogle.js?client=ca-pub-8106111766207173\"\r\n     crossorigin=\"anonymous\"><\/script>\r\n<!-- Prikazni 1 u tekstu -->\r\n<ins class=\"adsbygoogle\"\r\n     style=\"display:block\"\r\n     data-ad-client=\"ca-pub-8106111766207173\"\r\n     data-ad-slot=\"8535551207\"\r\n     data-ad-format=\"auto\"\r\n     data-full-width-responsive=\"true\"><\/ins>\r\n<script>\r\n     (adsbygoogle = window.adsbygoogle || []).push({});\r\n<\/script><\/div><\/div><br style=\"clear: both; display: block; float: none;\"\/>\n\n\n\n<p>A u Lucinu \u017eivotu, u ratnom vihoru devedesetih, bilo je tragedije za tri vijeka. Nekako je ipak uspjela sve izdr\u017eati, poput mnogih s kojima je tada dijelila sli\u010dnu ili istu sudbinu u gradu na Dunavu. Zapita se \u010desto kako, pa zaklju\u010di onako uzdi\u0161u\u0107i, nikako druga\u010dije nego uz bo\u017eju pomo\u0107.<\/p>\n\n\n\n<h3 class=\"wp-block-heading\">U devet dana Luca je sve izgubila<\/h3>\n\n\n\n<p>&#8220;Imala sam mu\u017ea i jedno dijete. Slavko i Darko, evo ih tu gore na slikama. Za devet dana ja sam izgubila sve. Sina, mu\u017ea, izgubila ku\u0107u, izgubila grad Vukovar. Sve za devet dana. Sin je navr\u0161io 24 godine tjedan dana prije nego je poginia. I tako ti ja, dijete moje, k&#8217;o moja Ana, sidnem ovdje svaki dan, molim krunicu i mislim &#8216;Bo\u017ee, spasi me&#8217;. A \u0161ta \u0107u ti k\u0107eri kazat\u2019, tako mi idu dani.&#8221;<\/p>\n\n\n\n<p>Jedinac Darko poginuo je kao branitelj na \u010duvenoj Trpinjskoj cesti. Bio je u brigadi legendarnog zapovjednika obrane grada Blage Zadre. Suprug Slavko stradao je kao civilna osoba. Sin je sahranjen na braniteljskom groblju u Vukovaru, a mu\u017e na gradskom.&nbsp;<\/p>\n\n\n\n<h3 class=\"wp-block-heading\">Godine traganja za poginulim sinom<\/h3>\n\n\n\n<p>&#8220;Osam godina za sinov grob nisam znala. Di god se pojavila neka vijest o \u010detiri, pet, deset mrtvih ja sam tr\u010dala. Bila sam k\u2019o vjeverica. Dok jednom u srpskim novinama u Vukovaru nije pisalo: &#8216;Kordi\u0107 Darko, sahranjen na stadionu&#8217;. Odmah sam otr\u010dala, tada sam mogla. Kad su vadili le\u0161eve, na\u0161li su mu dokumente u d\u017eepu, da je to on. Nije za rugo moj \u017eivot, zlato, \u0161ta sam ja pre\u017eivila. Ne znam, gore nego da sam klala i vi\u0161ala, eto takva mi je bila crna sudbina.&#8221;<\/p>\n\n\n\n<figure class=\"wp-block-image size-large\"><img loading=\"lazy\" decoding=\"async\" width=\"740\" height=\"444\" src=\"https:\/\/www.mojevrijeme.hr\/magazin\/wp-content\/uploads\/2022\/04\/slike-obitelj-kordic-740x444.jpg\" alt=\"\" class=\"wp-image-58640\" srcset=\"https:\/\/www.mojevrijeme.hr\/magazin\/wp-content\/uploads\/2022\/04\/slike-obitelj-kordic-740x444.jpg 740w, https:\/\/www.mojevrijeme.hr\/magazin\/wp-content\/uploads\/2022\/04\/slike-obitelj-kordic-636x382.jpg 636w, https:\/\/www.mojevrijeme.hr\/magazin\/wp-content\/uploads\/2022\/04\/slike-obitelj-kordic-768x461.jpg 768w, https:\/\/www.mojevrijeme.hr\/magazin\/wp-content\/uploads\/2022\/04\/slike-obitelj-kordic-1536x922.jpg 1536w, https:\/\/www.mojevrijeme.hr\/magazin\/wp-content\/uploads\/2022\/04\/slike-obitelj-kordic-1500x900.jpg 1500w, https:\/\/www.mojevrijeme.hr\/magazin\/wp-content\/uploads\/2022\/04\/slike-obitelj-kordic-1600x960.jpg 1600w, https:\/\/www.mojevrijeme.hr\/magazin\/wp-content\/uploads\/2022\/04\/slike-obitelj-kordic-590x354.jpg 590w, https:\/\/www.mojevrijeme.hr\/magazin\/wp-content\/uploads\/2022\/04\/slike-obitelj-kordic-400x240.jpg 400w, https:\/\/www.mojevrijeme.hr\/magazin\/wp-content\/uploads\/2022\/04\/slike-obitelj-kordic-1000x600.jpg 1000w, https:\/\/www.mojevrijeme.hr\/magazin\/wp-content\/uploads\/2022\/04\/slike-obitelj-kordic-820x492.jpg 820w, https:\/\/www.mojevrijeme.hr\/magazin\/wp-content\/uploads\/2022\/04\/slike-obitelj-kordic-1080x648.jpg 1080w, https:\/\/www.mojevrijeme.hr\/magazin\/wp-content\/uploads\/2022\/04\/slike-obitelj-kordic.jpg 2000w\" sizes=\"auto, (max-width: 740px) 100vw, 740px\" \/><figcaption>Uspomene u stanu Luce Kordi\u0107 (foto: Vlatka Koren)<\/figcaption><\/figure>\n\n\n\n<p>Gospo\u0111a Luca na televiziji i radiju svaki dan prati vijesti koje gotovo dva mjeseca ve\u0107 sti\u017eu iz Ukrajine. Tamo\u0161nja stvarnost neizbje\u017eno je vra\u0107a u njene najte\u017ee dane studenoga 1991. pred pad grada i onog \u0161to ju je kasnije sna\u0161lo. Zarobljavanje i logor u Sremskoj Mitrovici, ka\u017ee, u najgorem zatvoru u Beogradu, od kojeg je ina\u010de udaljen sedamdesetak kilometara.&nbsp;<\/p>\n\n\n\n<p>&#8220;Strop visok, a nigdi prozora, tek dvoja \u017eeljezna vrata. Tako su nas ispratili unutra pa uzmu kala\u0161njikov i puste rafal s jedne pa opet s druge strane. A mi poska\u010demo svi od straha. Tamo su nas podilili, \u017eene, mu\u0161ke i djecu. Dijete se jedno materi obisilo oko vrata, a onaj krvnik do\u0111e i gura \u017eenu, a njega baca na stranu. Gospe moja, fala ti da nisam jo\u0161 sad tu pala.&nbsp;Razmijenili su nas na nekome mostu. Ni tad im nije bilo dosta. Evo \u0161ta su napravili za osvetu. Dovezli su nas kamionom i lajali: &#8216;Eto, Tu\u0111man vas je napustia i ne triba vas, a do\u0161li ste da vas mi hranimo. \u0106erajte!&#8217; Mi svi onda uni\u0161li u autobus, a oni iz kratkog oru\u017eja rafalom za nama.&#8221;<\/p>\n\n\n\n<p>Tijekom boravka u logoru ipak je uspjela javiti bra\u0107i u Hercegovinu da je \u017eiva. \u010cuvarima je rekla ili neka je vode da familiji po\u0161alje telegram ili da je odmah ubiju. Na kraju su se smilovali. Prilikom razmjene zarobljenika na mostu, ka\u017ee, s hrvatske strane igrom slu\u010daja bio je i jedan &#8220;njen zemljak iz Klobuka&#8221; Vlatko Petrovi\u0107.&nbsp;<\/p>\n\n\n\n<h3 class=\"wp-block-heading\">Nakon svega pro\u017eivljenog, smatra se pobjednicom <\/h3>\n\n\n\n<p>&#8220;Nije on zna\u2019 da sam i ja tu s ljudima. Kad me ugledao, uhvatio me i pitao: &#8216;Luce moja, jesi li to ti?&#8217; A ja ka\u017eem da jesam. Da&#8217; mi je malo nov\u010di\u0107a, onda su nas odvezli u Zagreb na Velesajam i mi se kona\u010dno do\u010depali na\u0161ega naroda. Bili smo k\u2019o da zmiju gurne\u0161 u fla\u0161u, pa ne zna kud\u2019 hoda. Eto, tako sam ti bila. Opet ka\u017eem, \u0161ta sam sve pro\u0161la, ja sam barjaktar.&#8221;<\/p>\n\n\n\n<p>Danas se s gospo\u0111om Anom iz Kapi dobrote \u010desto sjeti kako bi joj te\u0161ke izbjegli\u010dke dane malo olak\u0161ao osniva\u010d udruge pater <strong>Antun Cvek<\/strong>. Redovito ju je kao i druge korisnike obilazio na biciklu. Svaki put bi joj znao re\u0107i : &#8220;Nisam ti ni\u0161ta donio, samo sam do\u0161ao vidit kako si&#8221;, \u017eivo pamti na\u0161a 88-godi\u0161nja sugovornica.<\/p>\n\n\n\n<p>Po\u010detak rata u Vukovaru zatekao ju je kao umirovljenicu. U\u017eivala je pored obitelji u brizi za oku\u0107nicu u Borovu naselju. Poput mnogih sugra\u0111ana i Luca je radila u kombinatu Borovo u proizvodnji obu\u0107e. Na krajnji istok Hrvatske nju i supruga iz Bosne i Hercegovine kao mladi par odveo je pogled u budu\u0107nost. O\u017eenili su se iz susjednih sela, Klobuka i Tihaljine. Slavko je zatim oti\u0161ao za Vukovar u potrazi za poslom. \u010cim se zaposlio i u prigradskom naselju na\u0161ao malu ku\u0107icu, gospo\u0111a Luce mu se pridru\u017eila. Nakon ro\u0111enja sina, radili su i \u017eivjeli mirnim obiteljskim \u017eivotom.&nbsp;&nbsp;&nbsp;&nbsp;&nbsp;&nbsp;&nbsp;<\/p>\n\n\n\n<p>Nakon rata i osobne tragedije, nije se imala kome i gdje vratiti. Ostala je u Zagrebu gdje je po pokojnom sinu branitelju nakon izvjesnog vremena od dr\u017eave dobila spomentu garsonjeru. Ironijom sudbine starost je do\u010dekala ba\u0161 u ulici \u010dije ime joj, \u010dak i kad bi htjela, ne dopu\u0161ta zaboraviti rane pro\u0161losti. No, Luca se ne \u017eali. Danas ima miran \u017eivot, ka\u017ee.<\/p>\n\n\n\n<p>&#8220;Ja nisam poku\u0107arka da hodam okolo. Tu ne\u0161to priu\u0161tim, imam prijatelja k&#8217;o moja Ana koja mi donese kad ne\u0161to trebam. Fala bogu, imam svoju penziju, platim re\u017eije i dobro. Moja penzija nije velika, ali na pokojnoga sina branitelja primam jo\u0161 ne\u0161to dodatno. Nije puno, ali uz to i moju penziju nisam gladna. Imam za \u017eivot. Da mogu u \u010da\u0161u neku staviti ne\u0161to u \u0161tednju \u0161to babe rade, to ne. Ali gladna nisam&#8221;, govori.<\/p>\n\n\n\n<h3 class=\"wp-block-heading\">Prijateljica spojila Lucu s volonterkom Udruge<\/h3>\n\n\n\n<p>S Anom Kekez, koja je ve\u0107 16 godina u Kapi dobrote volonterski anga\u017eirana na pomaganju starijima i potrebitima, gospo\u0111a Luca dru\u017ei se posljednjih devet godina. S Udrugom ju je spojila jedna od prijateljica iz naselja s kojima se zbli\u017eila, prepri\u010dava volonterka.<\/p>\n\n\n\n<p>&#8220;Gospo\u0111a nas je nazvala i rekla da baka \u017eivi sama, da je ina\u010de iz Vukovara i tako. Odmah smo reagirali i ja sam ba\u0161 prva do\u0161la kod nje. Kad mi je po\u010dela pri\u010dati o sinu, ratu i svemu, to me dodatno pogodilo. Iako u Udruzi posve\u0107ujemo jednaku brigu svim ljudima koji su u potrebi i posje\u0107ujemo ih. Ne gledamo ni nacionalnost, ni i\u0161ta drugo. Bitno je da smo mi tu za \u010dovjeka kako nas je pater nau\u010dio. Da im budemo i noge i ruke i o\u010di i pomognemo im u potrebama koje oni sami zbog starosti i bolesti ne mogu u\u010diniti. Ja sam ina\u010de iz Slavonije i kako sam tad ve\u0107 bila bez roditelja, sve me to dodatno privuklo. I taj Vukovar i sva ta ljudska stradanja. A kako vi\u0161e nisam imala svoju mamu, onda sam baku Lucu zavoljela kao ro\u0111enu majku&#8221;, s mnogo emocija gospo\u0111a Ana prisjetila se njihovog po\u010detka. &#8220;E, k\u0107eri moja&#8221;, uzvra\u0107a joj odmah baka Luca.<\/p>\n\n\n\n<h3 class=\"wp-block-heading\">Razgovor i utjeha imaju socijalnu te\u017einu<\/h3>\n\n\n\n<p>Za razliku od nekih drugih korisnika, i sama je rekla, ona nije bila u materijalnoj potrebi. Ima stan, mirovinu i ostalo \u0161to treba. Ali nema ono jednako va\u017eno u \u017eivotu, tu socijalnu dimenziju razgovora i utjehe.<\/p>\n\n\n\n<p>&#8220;I evo, ja sam joj to od tada nastojala pru\u017eiti. Onaj osje\u0107aj da ima nekoga na koga se mo\u017ee osloniti&#8221;, podvla\u010di Ana. &#8220;Da nisam odba\u010dena&#8221;, nadovezuje se umirovljenica i u pola glasa ganuto nastavlja. &#8220;Ja volim kad ona meni rekne bako moja Luce, kako si ti nami?&#8221;<\/p>\n\n\n\n<p>Nasmiju se njih dvije \u010desto na Lucino priznanje da je uz ranije \u010de\u0161\u0107e odlaske na misu u obli\u017enjoj kvartovskoj crkvi, nakon godina \u017eivljenja u Zagrebu tramvajem znala oti\u0107i jedino do Kvatri\u0107a i Katedrale. S vremenom se ipak opustila i po\u010dela vi\u0161e izlaziti, a volonteri su o Uskrsu i Bo\u017ei\u0107u dolazili po nju da se podru\u017ee svi u Palmoti\u0107evoj, dodaje gospo\u0111a Ana.<\/p>\n\n\n\n<figure class=\"wp-block-image size-large\"><img loading=\"lazy\" decoding=\"async\" width=\"740\" height=\"444\" src=\"https:\/\/www.mojevrijeme.hr\/magazin\/wp-content\/uploads\/2022\/04\/ana-luca-740x444.jpg\" alt=\"\" class=\"wp-image-58641\" srcset=\"https:\/\/www.mojevrijeme.hr\/magazin\/wp-content\/uploads\/2022\/04\/ana-luca-740x444.jpg 740w, https:\/\/www.mojevrijeme.hr\/magazin\/wp-content\/uploads\/2022\/04\/ana-luca-636x382.jpg 636w, https:\/\/www.mojevrijeme.hr\/magazin\/wp-content\/uploads\/2022\/04\/ana-luca-768x461.jpg 768w, https:\/\/www.mojevrijeme.hr\/magazin\/wp-content\/uploads\/2022\/04\/ana-luca-1536x922.jpg 1536w, https:\/\/www.mojevrijeme.hr\/magazin\/wp-content\/uploads\/2022\/04\/ana-luca-1500x900.jpg 1500w, https:\/\/www.mojevrijeme.hr\/magazin\/wp-content\/uploads\/2022\/04\/ana-luca-1600x960.jpg 1600w, https:\/\/www.mojevrijeme.hr\/magazin\/wp-content\/uploads\/2022\/04\/ana-luca-590x354.jpg 590w, https:\/\/www.mojevrijeme.hr\/magazin\/wp-content\/uploads\/2022\/04\/ana-luca-400x240.jpg 400w, https:\/\/www.mojevrijeme.hr\/magazin\/wp-content\/uploads\/2022\/04\/ana-luca-1000x600.jpg 1000w, https:\/\/www.mojevrijeme.hr\/magazin\/wp-content\/uploads\/2022\/04\/ana-luca-820x492.jpg 820w, https:\/\/www.mojevrijeme.hr\/magazin\/wp-content\/uploads\/2022\/04\/ana-luca-1080x648.jpg 1080w, https:\/\/www.mojevrijeme.hr\/magazin\/wp-content\/uploads\/2022\/04\/ana-luca.jpg 2000w\" sizes=\"auto, (max-width: 740px) 100vw, 740px\" \/><figcaption>Volonterka Ana Kekez i Luca Kordi\u0107 (foto: Vlatka Koren)<\/figcaption><\/figure>\n\n\n\n<p>&#8220;Ali sada, ve\u0107 i prije pandemije, baka Luca po\u010dela se malo gubiti, zaboravljati, pa se boji sama oti\u0107i negdje daleko da se mo\u017eda ne bi znala vratiti. Tako da je sada vi\u0161e u ku\u0107i. Sre\u0107a pa danas ima ipak i svoju obitelj, koji opet imaju svoje obveze, posao i \u017eivot. Ali joj na\u0161i razgovori uvijek dobro do\u0111u&#8221;, zaklju\u010duje volonterka.<\/p>\n\n\n\n<h3 class=\"wp-block-heading\">U suton \u017eivota obitelj kao najve\u0107a radost\u2026<\/h3>\n\n\n\n<p>Sudbina je Luci Kordi\u0107 nakon bolne pro\u0161losti ipak namijenila radost obitelji u starijim godinama. Sin Darko je u vukovarskom vihoru imao djevojku koja se kao trudnica iz rata sklonila kod ujaka u Njema\u010dkoj. Ondje je i rodila djevoj\u010dicu koju Darko na\u017ealost nije uspio vidjeti. Luca je zakonski priznala Dariju \u010diju majku smatra snahom, iako nisu bili vjen\u010dani.&nbsp;&nbsp;<\/p>\n\n\n\n<p>&#8220;Ona se tada javila baki iz Berlina, rekla da je trudna, a baka Luca je u\u010dinila veliko i humano djelo. Na papiru je priznala dijete. Tako da sada ipak ima svoju obitelj. To joj je velika utjeha. Evo vidite slike, Darija je isti tata&#8221;, dodaje Ana. <\/p>\n\n\n\n<p>A na\u0161a sugovornica \u0161irokog osmijeha govori o sretnom \u017eivotnom epilogu. &#8220;Poslije rata svi su do\u0161li u Zagreb. Darija je kao dijete branitelja dobila stan na Lani\u0161tu. Darijina majka Silva me sad zove baba Luca, onda me je zvala teta. Iz Njema\u010dke mi je tada poslala sto maraka i napisala ako smatram da dijete nije Darkovo neka ih vratim i ostat \u0107emo prijatelji. Naravno da nisam. A unuka je sad ve\u0107 odrasla. Udala se lani i dolaze mi kad god stignu, donesu sve \u0161to trebam. Rekla sam Darija, ti sad ima\u0161 i mu\u017ea i stan, odnedavno i posao, moja Silva nema. I ona \u0107e biti ovoga gazda, jer mi je u svoj mojoj nevolji pru\u017eila ruku&#8221;, zaklju\u010dila je na kraju na\u0161eg susreta danas ipak sretna i ispunjena baka iz Vukovarske.<\/p>\n\n\n\n<div id=\"blokovi\"><img decoding=\"async\" src=\"https:\/\/www.mojevrijeme.hr\/magazin\/wp-content\/uploads\/2020\/09\/esf-lenta.jpg\">\nOvaj prilog objavljen je u sklopu projekta \u201cNovo vrijeme\u201d. Projekt je sufinancirala\nEuropska unija sredstvima Europskog socijalnog fonda. Sadr\u017eaj priloga isklju\u010diva\nje odgovornost Udruge Ho\u0107u stranicu.<\/div>\n<div id=\"mojev-3066174516\" class=\"mojev-kraj-teksta mojev-entity-placement\" style=\"margin-bottom: 20px;margin-left: auto;margin-right: auto;text-align: center;\"><div class=\"mojev-adlabel\">oglas<\/div><div style=\"height: 250px;\"><script async src=\"https:\/\/pagead2.googlesyndication.com\/pagead\/js\/adsbygoogle.js?client=ca-pub-8106111766207173\"\r\n     crossorigin=\"anonymous\"><\/script>\r\n<!-- Display-1 -->\r\n<ins class=\"adsbygoogle\"\r\n     style=\"display:block\"\r\n     data-ad-client=\"ca-pub-8106111766207173\"\r\n     data-ad-slot=\"1465712950\"\r\n     data-ad-format=\"auto\"\r\n     data-full-width-responsive=\"true\"><\/ins>\r\n<script>\r\n     (adsbygoogle = window.adsbygoogle || []).push({});\r\n<\/script><\/div><\/div>","protected":false},"excerpt":{"rendered":"<p>Prizori razaranja ukrajinskih gradova i stradanja civila uslijed ruske agresije ovih dana su sve brutalniji. Dok cijeli svijet sa zgra\u017eanjem prati bezumni osvaja\u010dki rat, Vukovarki Luci Kordi\u0107 naviru bolna sje\u0107anja. Na ono \u0161to je pro\u017eivjela i pre\u017eivjela devedesetih u Gradu heroju i kasnije u srbijanskom logoru. Trideset godina kasnije, duboko suosje\u0107a s patnjom ljudi s jugoistoka Europe, nadaju\u0107i se da \u0107e mir sti\u0107i prije jo\u0161 ve\u0107ih \u017ertava.<\/p>\n","protected":false},"author":12,"featured_media":58642,"comment_status":"closed","ping_status":"closed","sticky":false,"template":"","format":"standard","meta":{"footnotes":""},"categories":[2],"tags":[1847,3116,2339,2782,2973,1443],"class_list":["post-58570","post","type-post","status-publish","format-standard","has-post-thumbnail","hentry","category-mozaik","tag-domovinski-rat","tag-lucija-kordic","tag-novo-vrijeme","tag-socijalna-iskljucenost","tag-udruga-kap-dobrote","tag-vukovar"],"_links":{"self":[{"href":"https:\/\/www.mojevrijeme.hr\/magazin\/wp-json\/wp\/v2\/posts\/58570","targetHints":{"allow":["GET"]}}],"collection":[{"href":"https:\/\/www.mojevrijeme.hr\/magazin\/wp-json\/wp\/v2\/posts"}],"about":[{"href":"https:\/\/www.mojevrijeme.hr\/magazin\/wp-json\/wp\/v2\/types\/post"}],"author":[{"embeddable":true,"href":"https:\/\/www.mojevrijeme.hr\/magazin\/wp-json\/wp\/v2\/users\/12"}],"replies":[{"embeddable":true,"href":"https:\/\/www.mojevrijeme.hr\/magazin\/wp-json\/wp\/v2\/comments?post=58570"}],"version-history":[{"count":0,"href":"https:\/\/www.mojevrijeme.hr\/magazin\/wp-json\/wp\/v2\/posts\/58570\/revisions"}],"wp:featuredmedia":[{"embeddable":true,"href":"https:\/\/www.mojevrijeme.hr\/magazin\/wp-json\/wp\/v2\/media\/58642"}],"wp:attachment":[{"href":"https:\/\/www.mojevrijeme.hr\/magazin\/wp-json\/wp\/v2\/media?parent=58570"}],"wp:term":[{"taxonomy":"category","embeddable":true,"href":"https:\/\/www.mojevrijeme.hr\/magazin\/wp-json\/wp\/v2\/categories?post=58570"},{"taxonomy":"post_tag","embeddable":true,"href":"https:\/\/www.mojevrijeme.hr\/magazin\/wp-json\/wp\/v2\/tags?post=58570"}],"curies":[{"name":"wp","href":"https:\/\/api.w.org\/{rel}","templated":true}]}}