{"id":586,"date":"2014-09-12T19:39:58","date_gmt":"2014-09-12T17:39:58","guid":{"rendered":"http:\/\/mojevrijeme.hr\/magazin\/?p=586"},"modified":"2014-09-12T19:54:53","modified_gmt":"2014-09-12T17:54:53","slug":"hsu-od-vlade-trazi-povecanje-neoporezivog-dijela-mirovine","status":"publish","type":"post","link":"https:\/\/www.mojevrijeme.hr\/magazin\/2014\/09\/hsu-od-vlade-trazi-povecanje-neoporezivog-dijela-mirovine\/","title":{"rendered":"HSU tra\u017ei pove\u0107anje neoporezivog dijela mirovine"},"content":{"rendered":"<p>&nbsp;<\/p>\n<p>Predsjednik Hrvatske stranke umirovljenika (HSU)\u00a0\u00a0<strong>Silvano Hrelja<\/strong> poslao je pismo\u00a0predsjedniku Vlade <strong>Zoranu Milanovi\u0107u<\/strong> u kojem je zatra\u017eio pove\u0107anje neoporezivog dijela mirovine u jednakom iznosu u kojem je Vlada najavila pove\u0107anje neoporezivog dijela pla\u0107e za zaposlene.<\/p>\n<p>HSU tvrdi da \u0107e navedena mjera, ukoliko Vlada pove\u0107a neoporezivi dio mirovine sa 3400 na 3800 kuna, obuhvatiti 75 tisu\u0107a umirovljenika \u010dija bi se kupovna mo\u0107 pove\u0107ala za 124,3 milijuna kuna godi\u0161nje, a njihova prosje\u010dna mirovina bi porasla za 167 kuna mjese\u010dno.<\/p>\n<p>&#8220;Ovom mjerom ubla\u017eili bi se ionako previsoki tro\u0161kovi \u017eivota umirovljenika koji se ne vide u slu\u017ebenoj statistici obzirom da se izra\u010duni statistike rade temeljem pretpostavljenih tro\u0161kova \u010detvero\u010dlane obitelji. Na \u017eivotni standard umirovljenika presudno utje\u010du tro\u0161kovi lijekova, stanovanja, prijevoza i higijenskih potrep\u0161tina koji su u prethodnom periodu rasli. Smatramo va\u017enim naglasiti kako umirovljenici u Hrvatskoj najredovitije podmiruju svoje financijske obaveze, ali i da su njihove mirovine svojevrsni financijski amortizer u sve brojnijim obiteljima \u010diji su mla\u0111i \u010dlanovi ostali bez posla tijekom gospodarske krize&#8221;, navodi se u pismu.<\/p><div id=\"mojev-2379683339\" class=\"mojev-u-tekstu mojev-entity-placement\" style=\"margin-left: auto;margin-right: auto;text-align: center;\"><div class=\"mojev-adlabel\">oglas<\/div><div style=\"height: 250px;\"><script async src=\"https:\/\/pagead2.googlesyndication.com\/pagead\/js\/adsbygoogle.js?client=ca-pub-8106111766207173\"\r\n     crossorigin=\"anonymous\"><\/script>\r\n<!-- Prikazni 1 u tekstu -->\r\n<ins class=\"adsbygoogle\"\r\n     style=\"display:block\"\r\n     data-ad-client=\"ca-pub-8106111766207173\"\r\n     data-ad-slot=\"8535551207\"\r\n     data-ad-format=\"auto\"\r\n     data-full-width-responsive=\"true\"><\/ins>\r\n<script>\r\n     (adsbygoogle = window.adsbygoogle || []).push({});\r\n<\/script><\/div><\/div><br style=\"clear: both; display: block; float: none;\"\/>\n<p>U pismu se tako\u0111er isti\u010de stav HSU kako porezna reforma mora biti cjelovita i jednako tretirati zaposlene i umirovljenike. &#8220;Smanjenje porezne presije samo za pla\u0107e radnika, premda se radi o hvalevrijednoj mjeri, kao posljedicu moglo imati otvaranje pitanja diskriminacije osoba tre\u0107e \u017eivotne dobi. Diskriminacija umirovljenika nikako nije u duhu solidarnosti i pravi\u010dnosti koje su odlike svake socijalno osjetljive Vlade&#8221;, navodi se u pismu.<\/p>\n<p>Hrvatska stranka umirovljenika ovaj je pisani zahtjev ispostavila nakon iscrpnih konzultacija s predstavnicima najutjecajnijih umirovljeni\u010dkih udruga u Hrvatskoj. &#8220;Izra\u017eavamo \u017ealjenje \u0161to smo primorani obratiti Vam se na ovaj na\u010din jer bi se, prema dogovorenoj proceduri, ovo pitanje trebalo raspraviti na sastancima Nacionalnog vije\u0107a za umirovljenike i starije osobe, bipartitnog tijela izme\u0111u Vlade RH i umirovljeni\u010dkih udruga koje je konstituirano u sije\u010dnju 2013. godine&#8221;, navodi se u zavr\u0161etku pisma.<\/p>\n<div id=\"mojev-3987042457\" class=\"mojev-kraj-teksta mojev-entity-placement\" style=\"margin-bottom: 20px;margin-left: auto;margin-right: auto;text-align: center;\"><div class=\"mojev-adlabel\">oglas<\/div><div style=\"height: 250px;\"><script async src=\"https:\/\/pagead2.googlesyndication.com\/pagead\/js\/adsbygoogle.js?client=ca-pub-8106111766207173\"\r\n     crossorigin=\"anonymous\"><\/script>\r\n<!-- Display-1 -->\r\n<ins class=\"adsbygoogle\"\r\n     style=\"display:block\"\r\n     data-ad-client=\"ca-pub-8106111766207173\"\r\n     data-ad-slot=\"1465712950\"\r\n     data-ad-format=\"auto\"\r\n     data-full-width-responsive=\"true\"><\/ins>\r\n<script>\r\n     (adsbygoogle = window.adsbygoogle || []).push({});\r\n<\/script><\/div><\/div>","protected":false},"excerpt":{"rendered":"<p>Ako Banski dvori pove\u0107aju neoporezivi dio mirovine sa 3400 na 3800 kuna, to \u0107e obuhvatiti 75 tisu\u0107a umirovljenika \u010dija bi se kupovna mo\u0107 pove\u0107ala za 124,3 milijuna kuna godi\u0161nje, a njihova prosje\u010dna mirovina bi porasla za 167 kuna mjese\u010dno.<\/p>\n","protected":false},"author":1,"featured_media":240,"comment_status":"closed","ping_status":"open","sticky":false,"template":"","format":"standard","meta":{"footnotes":""},"categories":[9],"tags":[111,18,112],"class_list":["post-586","post","type-post","status-publish","format-standard","has-post-thumbnail","hentry","category-vijesti","tag-hrvatska-stranka-umirovljenika","tag-mirovine","tag-vlada"],"_links":{"self":[{"href":"https:\/\/www.mojevrijeme.hr\/magazin\/wp-json\/wp\/v2\/posts\/586","targetHints":{"allow":["GET"]}}],"collection":[{"href":"https:\/\/www.mojevrijeme.hr\/magazin\/wp-json\/wp\/v2\/posts"}],"about":[{"href":"https:\/\/www.mojevrijeme.hr\/magazin\/wp-json\/wp\/v2\/types\/post"}],"author":[{"embeddable":true,"href":"https:\/\/www.mojevrijeme.hr\/magazin\/wp-json\/wp\/v2\/users\/1"}],"replies":[{"embeddable":true,"href":"https:\/\/www.mojevrijeme.hr\/magazin\/wp-json\/wp\/v2\/comments?post=586"}],"version-history":[{"count":0,"href":"https:\/\/www.mojevrijeme.hr\/magazin\/wp-json\/wp\/v2\/posts\/586\/revisions"}],"wp:featuredmedia":[{"embeddable":true,"href":"https:\/\/www.mojevrijeme.hr\/magazin\/wp-json\/wp\/v2\/media\/240"}],"wp:attachment":[{"href":"https:\/\/www.mojevrijeme.hr\/magazin\/wp-json\/wp\/v2\/media?parent=586"}],"wp:term":[{"taxonomy":"category","embeddable":true,"href":"https:\/\/www.mojevrijeme.hr\/magazin\/wp-json\/wp\/v2\/categories?post=586"},{"taxonomy":"post_tag","embeddable":true,"href":"https:\/\/www.mojevrijeme.hr\/magazin\/wp-json\/wp\/v2\/tags?post=586"}],"curies":[{"name":"wp","href":"https:\/\/api.w.org\/{rel}","templated":true}]}}