{"id":58742,"date":"2022-04-25T08:04:37","date_gmt":"2022-04-25T06:04:37","guid":{"rendered":"https:\/\/www.mojevrijeme.hr\/magazin\/?p=58742"},"modified":"2022-04-26T16:19:06","modified_gmt":"2022-04-26T14:19:06","slug":"koja-organizacija-bake-gordane-da-bi-stigla-kuhati-i-igrati-se-s-unukom-ustaje-vec-u-4","status":"publish","type":"post","link":"https:\/\/www.mojevrijeme.hr\/magazin\/2022\/04\/koja-organizacija-bake-gordane-da-bi-stigla-kuhati-i-igrati-se-s-unukom-ustaje-vec-u-4\/","title":{"rendered":"Koja organizacija bake Gordane! Da bi stigla kuhati i igrati se s unukom, ustaje ve\u0107 u 4!"},"content":{"rendered":"\n<p>Otkako je u mirovini, gospo\u0111a <strong>Gordana Petric<\/strong> iz Zagreba \u017eivot je organizirala prema &#8220;rasporedu&#8221; svog <strong>unuka Luke<\/strong>. Ni\u0161ta joj, ka\u017ee, nije te\u0161ko kad je maleni u pitanju, ba\u0161 u\u017eiva u kvalitetnom vremenu provedenom s njim. <\/p>\n\n\n\n<p>&#8220;Luka ide u vrti\u0107, ali ne ostaje jako dugo, tek su mu dvije i pol godine. Budu\u0107i da k\u0107i Sandra i zet Pavle rade do kasno, gotovo do predve\u010der, suprug i ja smo na sebe preuzeli kuhanje te odlazak po unuka u vrti\u0107. Kod nas ga uvijek do\u010deka zdravi ru\u010dak od doma\u0107ih, ekolo\u0161kih namirnica. Nakon objeda s njim obavezno odemo u obli\u017enji parki\u0107 jer nam je va\u017eno da maleni, pa tako i mi, svaki dan dovoljno vremena provedemo na svje\u017eem zraku&#8221;, otkriva nam i dodaje da u danima kad zbog snijega i ki\u0161e ne mogu van, zajedno mijese i peku kola\u010de, \u0161to je Luki posebno zanimljivo. <\/p>\n\n\n\n<p>&#8220;Trebate vidjeti to veselje kad pe\u010demo doma\u0107e kiflice ili mini muffine, presretan je. Sad je ve\u0107 velik pa se doista ozbiljno primi posla&#8221;, ka\u017ee baka Gordana ozarena lica.<\/p><div id=\"mojev-3131762679\" class=\"mojev-u-tekstu mojev-entity-placement\" style=\"margin-left: auto;margin-right: auto;text-align: center;\"><div class=\"mojev-adlabel\">oglas<\/div><div style=\"height: 250px;\"><script async src=\"https:\/\/pagead2.googlesyndication.com\/pagead\/js\/adsbygoogle.js?client=ca-pub-8106111766207173\"\r\n     crossorigin=\"anonymous\"><\/script>\r\n<!-- Prikazni 1 u tekstu -->\r\n<ins class=\"adsbygoogle\"\r\n     style=\"display:block\"\r\n     data-ad-client=\"ca-pub-8106111766207173\"\r\n     data-ad-slot=\"8535551207\"\r\n     data-ad-format=\"auto\"\r\n     data-full-width-responsive=\"true\"><\/ins>\r\n<script>\r\n     (adsbygoogle = window.adsbygoogle || []).push({});\r\n<\/script><\/div><\/div><br style=\"clear: both; display: block; float: none;\"\/>\n\n\n\n<h3 class=\"wp-block-heading\">Dan joj po\u010dinje u \u010detiri ujutro<\/h3>\n\n\n\n<p>Da bi sve stigla, a predve\u010der se posvetila i drugim svojim omiljenim aktivnostima, gospo\u0111a Gordana je, kao prava horoskopska Djevica, savr\u0161eno organizirana. Ustaje, ka\u017ee, ve\u0107 u 4 sata ujutro. Polako ispije svoju prvu kavu i \u010desto je vani jo\u0161 mrak kad ona u trenirci i tenisicama kre\u0107e na ranojutarnju \u0161etnju. &#8220;Imam svoju omiljenu \u0161etnicu, nedavno ure\u0111enu u obli\u017enjem parku tamo kod Selske, i obavezno napravim deset, petnaest krugova. Sada, na prolje\u0107e, posebno u\u017eivam jer primje\u0107ujem kako se priroda budi, drve\u0107e lista, cvije\u0107e je u punom cvatu, a ptice neumorno cvrku\u0107i. U parku tako rano jo\u0161 nema nikoga, vrlo je opu\u0161taju\u0107e i to me puni mirom i energijom za novi dan&#8221;, povjerila nam je.<\/p>\n\n\n\n<p>Kad oko pola sedam do\u0111e ku\u0107i, posveti se odmah kuhanju, a obroke planira unaprijed. Malo \u0161to mora kupovati u du\u0107anu, jer ima vlastiti vrt u kojem uzgaja ekolo\u0161ko povr\u0107e. &#8220;Ro\u0111ena sam u Zagorju, u Kraljevcu na Sutli. Na djedovini, gdje je nakon maj\u010dine smrti ostala \u017eivjeti jedna od nas \u010detiri sestre, imam dvije manje njive. Tamo sam \u010desto vikendima, kopam, sadim, plijevim, najesen radim zimnicu. Kroz gotovo cijelu godinu imamo bar ne\u0161to od povr\u0107a, evo na jednoj njivi moram pokupiti mladi luk i zimsku salatu jer je treba preorati. Druga je zasijana i nadamo se skoroj prvoj berbi. Povr\u0107e i mahunarke tako dobro uspijevaju da primjerice mahune sadim \u010detiri puta u godini&#8221;, govori nam na\u0161a sugovornica i dodaje da vi\u0161ak uroda \u010desto razdijeli dragim ljudima oko sebe. <\/p>\n\n\n\n<p>Izmnimno joj je va\u017eno da povr\u0107e ne tretira nikakvim pesticidima i umjetnim gnojivima. &#8220;Sama radim biljne pripravke za za\u0161titu svih kultura koje posadim, i to se pokazalo vrlo uspje\u0161nim &#8211; dokaz je prekrasan vrt u kojemu ima svega u izobilju&#8221;, ka\u017ee baka Gordana. No, odr\u017eavanje povrtnjaka je i vrlo zahtjevno, ljeti ga k svemu valja i \u010desto zalijevati, to je ne\u0161to \u0161to ne mo\u017ee \u010dekati &#8211; tada joj u tjednu usko\u010di sestra koja vrt spasi od su\u0161e.<\/p>\n\n\n\n<p>A svake jeseni, kad uz povrtne kulture dozrije jo\u0161 i vo\u0107e, vrijeme je za pripremu zimnice. Osim \u0161to kiseli povr\u0107e, gospo\u0111a Gordana po starim zagorskim receptima radi razne pekmeze \u2013 od \u0161ljiva, dunja, marelica.<\/p>\n\n\n\n<h3 class=\"wp-block-heading\">Eko kuhinja<\/h3>\n\n\n\n<p>&#8220;Zdravi su mi obroci va\u017eni i na na\u0161im se tanjurima redovito na\u0111e puno povr\u0107a, uz sasvim malo mesa. Imamo tu sre\u0107u da Luka voli jesti gotovo sva variva, tu stvarno nemamo nikakvih problema. Ipak, omiljeno mu je jelo gra\u0161ak s noklicama, pa je to i naj\u010de\u0161\u0107e na jelovniku&#8221;, govori ponosna baka i dodaje da svake nedjelje &#8211; kad nije u Zagorju &#8211; kuha za \u0161iru obitelj. <\/p>\n\n\n\n<figure class=\"wp-block-image size-large\"><img loading=\"lazy\" decoding=\"async\" width=\"740\" height=\"444\" src=\"https:\/\/www.mojevrijeme.hr\/magazin\/wp-content\/uploads\/2022\/04\/gordana-petric-740x444.jpg\" alt=\"\" class=\"wp-image-58855\" srcset=\"https:\/\/www.mojevrijeme.hr\/magazin\/wp-content\/uploads\/2022\/04\/gordana-petric-740x444.jpg 740w, https:\/\/www.mojevrijeme.hr\/magazin\/wp-content\/uploads\/2022\/04\/gordana-petric-636x382.jpg 636w, https:\/\/www.mojevrijeme.hr\/magazin\/wp-content\/uploads\/2022\/04\/gordana-petric-768x461.jpg 768w, https:\/\/www.mojevrijeme.hr\/magazin\/wp-content\/uploads\/2022\/04\/gordana-petric-1536x922.jpg 1536w, https:\/\/www.mojevrijeme.hr\/magazin\/wp-content\/uploads\/2022\/04\/gordana-petric-1500x900.jpg 1500w, https:\/\/www.mojevrijeme.hr\/magazin\/wp-content\/uploads\/2022\/04\/gordana-petric-1600x960.jpg 1600w, https:\/\/www.mojevrijeme.hr\/magazin\/wp-content\/uploads\/2022\/04\/gordana-petric-590x354.jpg 590w, https:\/\/www.mojevrijeme.hr\/magazin\/wp-content\/uploads\/2022\/04\/gordana-petric-400x240.jpg 400w, https:\/\/www.mojevrijeme.hr\/magazin\/wp-content\/uploads\/2022\/04\/gordana-petric-1000x600.jpg 1000w, https:\/\/www.mojevrijeme.hr\/magazin\/wp-content\/uploads\/2022\/04\/gordana-petric-820x492.jpg 820w, https:\/\/www.mojevrijeme.hr\/magazin\/wp-content\/uploads\/2022\/04\/gordana-petric-1080x648.jpg 1080w, https:\/\/www.mojevrijeme.hr\/magazin\/wp-content\/uploads\/2022\/04\/gordana-petric.jpg 2000w\" sizes=\"auto, (max-width: 740px) 100vw, 740px\" \/><figcaption>Gordana Petric i unuk Luka (foto: Gordana Arh)<\/figcaption><\/figure>\n\n\n\n<p>&#8220;Te moje zagreba\u010dke nedjelje su za mene najdinami\u010dniji dan u tjednu, tada na ru\u010dak s Lukom do\u0111u i k\u0107i i zet. Na meniju je, za po\u010detak, obavezno gove\u0111a juhica s rezancima jer je to, poga\u0111ate, jo\u0161 jedno Lukino omiljeno jelo&#8221;, rekla je gospo\u0111a Gordana kroz \u0161irok osmijeh.<\/p>\n\n\n\n<h3 class=\"wp-block-heading\">Slatko i\u0161\u010dekivanje unuka Janka<\/h3>\n\n\n\n<p>Otkrila nam je potom i da je obitelj u slatkom i\u0161\u010dekivanju &#8211; i drugi je unuk na putu. &#8220;K\u0107i je drugi put trudna i opet nosi dje\u010daka. Ve\u0107 znamo da \u0107e se zvati Janko. Ne mo\u017eemo do\u010dekati jo\u0161 jednu sre\u0107icu! Beba sti\u017ee krajem srpnja, za\u010das \u0107e to&#8221;, rekla je s rado\u0161\u0107u.<\/p>\n\n\n\n<h3 class=\"wp-block-heading\">U mirovinu s 41 godinom sta\u017ea<\/h3>\n\n\n\n<p>Otkrila nam potom i da je u mirovinu oti\u0161la s napunjenih 60 godina \u017eivota i 41 godinom radnog sta\u017ea. &#8220;Cijeli sam radni vijek provela kao turisti\u010dka djelatnica u nekada\u0161njim najve\u0107im hrvatskim putni\u010dkim agencijama. Bila sam na rukovode\u0107im pozicijama i voljela rad s ljudima, kontakt sa svakom strankom bio mi je va\u017ean. Nije moj radni vijek bio bez stresa, \u0161tovi\u0161e, no profesionalno sam bila ispunjena. Odlazak u mirovinu prigrlila sam s pozitivnim stavom, osobito jer me veselilo vrijeme koju \u0107u imati za unuka. Voljela bih jedino da mi je mirovina malo ve\u0107a, tada bih si \u010de\u0161\u0107e priu\u0161tila neko putovanje, ba\u0161 jako volim putovati. Osim toga, i unucima bih mogla priu\u0161titi ne\u0161to vi\u0161e&#8221;, rekla je.<\/p>\n\n\n\n<h3 class=\"wp-block-heading\">Vrijeme za TV seriju i prijateljice<\/h3>\n\n\n\n<p>Na pitanje \u0161to voli raditi u vrijeme slobodno od svih obiteljskih i ku\u0107anskih obaveza, odgovara: &#8220;Kasno poslijepodne, kad Luka s roditeljima ode ku\u0107i, obavezno pogledam svoju omiljenu seriju na Netflixu. Trenutno gledan jednu izvrsnu, <em>Anatomija skandala<\/em>. Ne propu\u0161tam je pogledati, a ako imam vremena, pogledam vi\u0161e epizoda zaredom, no to je ipak rijetkost. Naime, dvaput tjedno s prijateljicama <strong>Sanjom i Senkom <\/strong>idem i na gimnastiku, tu u obli\u017enji fitness centar. Zadovoljna sam programom jer radimo istezanja koja mi jako odgovaraju&#8221;, ka\u017ee nam sugovornica koja i rado \u010dita. Tu ljubav je na nju prenijela njezina majka. &#8220;Uostalom, i ime sam dobila po Zagorkinom poznatom romanu. Najstarija sam od \u010detiri sestre i mama si je, otkako je pro\u010ditala knjigu, silno \u017eeljela da da joj k\u0107i nosi ime Gordana&#8221;, otkrila nam je za kraj na\u0161a prpo\u0161na sugovornica jo\u0161 jednu zgodnu crticu iz svoga \u017eivota.<\/p>\n\n\n\n<div id=\"blokovi\"><img decoding=\"async\" src=\"https:\/\/www.mojevrijeme.hr\/magazin\/wp-content\/uploads\/2020\/09\/esf-lenta.jpg\">\nOvaj prilog objavljen je u sklopu projekta \u201cNovo vrijeme\u201d. Projekt je sufinancirala\nEuropska unija sredstvima Europskog socijalnog fonda. Sadr\u017eaj priloga isklju\u010diva\nje odgovornost Udruge Ho\u0107u stranicu.<\/div>\n<div id=\"mojev-1291302298\" class=\"mojev-kraj-teksta mojev-entity-placement\" style=\"margin-bottom: 20px;margin-left: auto;margin-right: auto;text-align: center;\"><div class=\"mojev-adlabel\">oglas<\/div><div style=\"height: 250px;\"><script async src=\"https:\/\/pagead2.googlesyndication.com\/pagead\/js\/adsbygoogle.js?client=ca-pub-8106111766207173\"\r\n     crossorigin=\"anonymous\"><\/script>\r\n<!-- Display-1 -->\r\n<ins class=\"adsbygoogle\"\r\n     style=\"display:block\"\r\n     data-ad-client=\"ca-pub-8106111766207173\"\r\n     data-ad-slot=\"1465712950\"\r\n     data-ad-format=\"auto\"\r\n     data-full-width-responsive=\"true\"><\/ins>\r\n<script>\r\n     (adsbygoogle = window.adsbygoogle || []).push({});\r\n<\/script><\/div><\/div>","protected":false},"excerpt":{"rendered":"<p>Neobi\u010dno \u017eivahnu baku Gordanu Petric, 62-godi\u0161nju umirovljenicu, zatekli smo u aktivnoj igri s unukom Lukom u parku na zagreba\u010dkoj Tre\u0161njevci. Dje\u010dak je bio mal\u010dice ljubomoran \u0161to smo baki ukrali pozornost, no ona ga je s puno ljubavi uspjela smiriti i usput nam otkriti kako je svoje dnevne aktivnosti uspjela prilagoditi \u010duvanju unuka, kojega kod bake nakon vrti\u0107a redovito \u010deka i zdravi ru\u010dak. Da bi sve savr\u0161eno funkcioniralo, a ona imala vremena za kvalitetnu popodnevnu igru s mali\u0161anom, njezin dan po\u010dinje u 4 ujutro &#8211; ne zato \u0161to mora, ve\u0107 zato \u0161to joj to odgovara i \u010dini je sretnom!<\/p>\n","protected":false},"author":15,"featured_media":58856,"comment_status":"closed","ping_status":"closed","sticky":false,"template":"","format":"standard","meta":{"footnotes":""},"categories":[85,2853],"tags":[979,198,318],"class_list":["post-58742","post","type-post","status-publish","format-standard","has-post-thumbnail","hentry","category-aktivno-starenje","category-zivim-ucim-rastem","tag-bake","tag-obitelj","tag-unuci"],"_links":{"self":[{"href":"https:\/\/www.mojevrijeme.hr\/magazin\/wp-json\/wp\/v2\/posts\/58742","targetHints":{"allow":["GET"]}}],"collection":[{"href":"https:\/\/www.mojevrijeme.hr\/magazin\/wp-json\/wp\/v2\/posts"}],"about":[{"href":"https:\/\/www.mojevrijeme.hr\/magazin\/wp-json\/wp\/v2\/types\/post"}],"author":[{"embeddable":true,"href":"https:\/\/www.mojevrijeme.hr\/magazin\/wp-json\/wp\/v2\/users\/15"}],"replies":[{"embeddable":true,"href":"https:\/\/www.mojevrijeme.hr\/magazin\/wp-json\/wp\/v2\/comments?post=58742"}],"version-history":[{"count":0,"href":"https:\/\/www.mojevrijeme.hr\/magazin\/wp-json\/wp\/v2\/posts\/58742\/revisions"}],"wp:featuredmedia":[{"embeddable":true,"href":"https:\/\/www.mojevrijeme.hr\/magazin\/wp-json\/wp\/v2\/media\/58856"}],"wp:attachment":[{"href":"https:\/\/www.mojevrijeme.hr\/magazin\/wp-json\/wp\/v2\/media?parent=58742"}],"wp:term":[{"taxonomy":"category","embeddable":true,"href":"https:\/\/www.mojevrijeme.hr\/magazin\/wp-json\/wp\/v2\/categories?post=58742"},{"taxonomy":"post_tag","embeddable":true,"href":"https:\/\/www.mojevrijeme.hr\/magazin\/wp-json\/wp\/v2\/tags?post=58742"}],"curies":[{"name":"wp","href":"https:\/\/api.w.org\/{rel}","templated":true}]}}