{"id":58797,"date":"2022-04-22T21:36:52","date_gmt":"2022-04-22T19:36:52","guid":{"rendered":"https:\/\/www.mojevrijeme.hr\/magazin\/?p=58797"},"modified":"2022-10-13T19:02:44","modified_gmt":"2022-10-13T17:02:44","slug":"umirovljenica-nela-preminula-sat-vremena-nakon-cijepljenja-strucnjak-objasnio-zasto","status":"publish","type":"post","link":"https:\/\/www.mojevrijeme.hr\/magazin\/2022\/04\/umirovljenica-nela-preminula-sat-vremena-nakon-cijepljenja-strucnjak-objasnio-zasto\/","title":{"rendered":"Baka Nela preminula je sat vremena nakon cijepljenja, stru\u010dnjak objasnio za\u0161to"},"content":{"rendered":"\n<p>Donja Strinina, tiho mjesto na sjeverozapadu Hrvatske, ovih dana jo\u0161 je ti\u0161e zbog tragi\u010dnog odlaska 82-godi\u0161nje<strong> Nele Le\u0161ine<\/strong>. &#8220;Bila je du\u0161a na\u0161eg mjesta, uvijek raspolo\u017eena za \u0161alu, pjesmu, zabavu. Prerano je oti\u0161la. Bila je zdrava, mogla je jo\u0161 po\u017eivjeti. Na\u017ealost, nismo je mogli odgovoriti od cijepljenja. Oti\u0161la je samo sat vremena nakon tre\u0107e doze. Kao da je bila ovisna o cijepljenju&#8221;, kazuje kroz suze prva susjeda pokojnice koja je \u017eeljela ostati anonimna.<\/p>\n\n\n\n<p>Doista, ovu vijest potvr\u0111uju gotovo svi mje\u0161tani koji za bolan gubitak krive upravo cjepivo. No nitko od njih ne \u017eeli stati pred kamere i glasno re\u0107i \u0161to misli. Upu\u0107uju novinare na na\u010delnika op\u0107ine <strong>Tarzana Urukala<\/strong> koji potvr\u0111uje da je nakon tragi\u010dnog doga\u0111aja cijepljenje protiv COVID-a u lokalnom dispanzeru &#8211; zaustavljeno.<\/p>\n\n\n\n<p>&#8220;Interes je ionako bio mizeran. Cijepile su se samo pokojna Nela i njene starije vr\u0161njakinje na koje je utjecala autoritetom ste\u010denim u biv\u0161em jugokomunisti\u010dkom re\u017eimu&#8221;, obja\u0161njava Urukalo za satiri\u010dki portal <a rel=\"noreferrer noopener\" href=\"https:\/\/plamenijazavac.com\/2022\/04\/je-li-cjepivo-otjeralo-baku-nelu-u-grob-umrla-je-samo-sat-vremena-nakon-cijepljenja\/\" target=\"_blank\">PlameniJazavac<\/a> koji je objavio prilog pod naslovom <em>&#8220;Je li cjepivo otjeralo baku Nelu u grob? Umrla je samo sat vremena nakon cijepljenja!&#8221;<\/em><\/p><div id=\"mojev-3039332008\" class=\"mojev-u-tekstu mojev-entity-placement\" style=\"margin-left: auto;margin-right: auto;text-align: center;\"><div class=\"mojev-adlabel\">oglas<\/div><div style=\"height: 250px;\"><script async src=\"https:\/\/pagead2.googlesyndication.com\/pagead\/js\/adsbygoogle.js?client=ca-pub-8106111766207173\"\r\n     crossorigin=\"anonymous\"><\/script>\r\n<!-- Prikazni 1 u tekstu -->\r\n<ins class=\"adsbygoogle\"\r\n     style=\"display:block\"\r\n     data-ad-client=\"ca-pub-8106111766207173\"\r\n     data-ad-slot=\"8535551207\"\r\n     data-ad-format=\"auto\"\r\n     data-full-width-responsive=\"true\"><\/ins>\r\n<script>\r\n     (adsbygoogle = window.adsbygoogle || []).push({});\r\n<\/script><\/div><\/div><br style=\"clear: both; display: block; float: none;\"\/>\n\n\n\n<p>Naime, baka Nela, kako je zovu mla\u0111i mje\u0161tani, radni je vijek provela kao inkasatorica RTV pretplate. Usprkos nepopularnom odabiru karijere, uvijek je bila rado vi\u0111eni gost u ku\u0107ama svojih sumje\u0161tana. &#8220;Stroga, ali pravedna. Pretplatu su pla\u0107ali i oni koji nisu imali struju u ku\u0107i&#8221;, govore svi. Po odlasku u mirovinu, posvetila se zvukoterapiji i lije\u010denju zvu\u010dnim kupkama. Upravo su njene terapije, uz pravo prve bra\u010dne no\u0107i, Donju Strininu u\u010dinile nadaleko poznatom turisti\u010dkom destinacijom.<\/p>\n\n\n\n<h3 class=\"wp-block-heading\">Dr. Kad\u017eija: &#8220;O grafenu se ne govori&#8221;<\/h3>\n\n\n\n<p>Da je upoznat s ovim slu\u010dajem, potvrdio je i svjetski poznati imunolog <strong>dr. Sre\u0107ko Kad\u017eija<\/strong>, jedan od najglasnijih kriti\u010dara imunizacije protiv koronavirusa. \u201eKontaktirala me je obitelj pokojnice. Gotovo sam siguran da je gospo\u0111a Le\u0161ina umrla zbog cjepiva. Koliko znamo, cijepila se u devet ujutro. Sat vremena nakon toga poku\u0161ala je prije\u0107i cestu mimo pje\u0161a\u010dkog prijelaza kada ju je udarila cisterna s mlijekom. Namagnetizirao ju je <strong>grafen<\/strong> iz cjepiva. Kao \u017eivi magnet privukla je te\u0161ko vozilo. To je jedino racionalno obja\u0161njenje\u201c, kazuje dr. Kad\u017eija.<\/p>\n\n\n\n<p>Grafen je krajnje lak nanomaterijal. Gra\u0111en je od mre\u017ee ugljikovih atoma \u0161esterokutne (heksagonalne) strukture. Zbog krajnje male gusto\u0107e gotovo je proziran. Krajnje je fleksibilan i ujedno je najja\u010di materijal u prirodi, 200 puta ve\u0107e otpornosti od \u010delika. Vrlo su mu povoljna i nevjerojatna elektroni\u010dka, kemijska, magnentna, opti\u010dka i biomedicinska svojstva.<\/p>\n\n\n\n<p>Kako se doznaje, resorno ministarstvo pokrenulo je istragu oko ovoga slu\u010daja. No kakvi god njeni rezultati bili, Donjoj Strininoj ne\u0107e vratiti baku Nelu koja \u0107e dobiti spomen plo\u010du na lokalnom zadru\u017enom domu, zaklju\u010duje portal PlameniJazavac.<\/p>\n<div id=\"mojev-292099339\" class=\"mojev-kraj-teksta mojev-entity-placement\" style=\"margin-bottom: 20px;margin-left: auto;margin-right: auto;text-align: center;\"><div class=\"mojev-adlabel\">oglas<\/div><div style=\"height: 250px;\"><script async src=\"https:\/\/pagead2.googlesyndication.com\/pagead\/js\/adsbygoogle.js?client=ca-pub-8106111766207173\"\r\n     crossorigin=\"anonymous\"><\/script>\r\n<!-- Display-1 -->\r\n<ins class=\"adsbygoogle\"\r\n     style=\"display:block\"\r\n     data-ad-client=\"ca-pub-8106111766207173\"\r\n     data-ad-slot=\"1465712950\"\r\n     data-ad-format=\"auto\"\r\n     data-full-width-responsive=\"true\"><\/ins>\r\n<script>\r\n     (adsbygoogle = window.adsbygoogle || []).push({});\r\n<\/script><\/div><\/div>","protected":false},"excerpt":{"rendered":"<p>Da je upoznat s ovim slu\u010dajem, potvrdio je i svjetski poznati imunolog dr. Sre\u0107ko Kad\u017eija, jedan od najglasnijih kriti\u010dara imunizacije protiv koronavirusa. Za sve krivi grafen u cjepivima o kojem se malo govori.<\/p>\n","protected":false},"author":1,"featured_media":58809,"comment_status":"closed","ping_status":"closed","sticky":false,"template":"","format":"standard","meta":{"footnotes":""},"categories":[2743],"tags":[331,3121,2046,1297,249],"class_list":["post-58797","post","type-post","status-publish","format-standard","has-post-thumbnail","hentry","category-humor-i-satira","tag-cijepljenje","tag-grafen","tag-korona-virus","tag-satira","tag-teorije-urote"],"_links":{"self":[{"href":"https:\/\/www.mojevrijeme.hr\/magazin\/wp-json\/wp\/v2\/posts\/58797","targetHints":{"allow":["GET"]}}],"collection":[{"href":"https:\/\/www.mojevrijeme.hr\/magazin\/wp-json\/wp\/v2\/posts"}],"about":[{"href":"https:\/\/www.mojevrijeme.hr\/magazin\/wp-json\/wp\/v2\/types\/post"}],"author":[{"embeddable":true,"href":"https:\/\/www.mojevrijeme.hr\/magazin\/wp-json\/wp\/v2\/users\/1"}],"replies":[{"embeddable":true,"href":"https:\/\/www.mojevrijeme.hr\/magazin\/wp-json\/wp\/v2\/comments?post=58797"}],"version-history":[{"count":0,"href":"https:\/\/www.mojevrijeme.hr\/magazin\/wp-json\/wp\/v2\/posts\/58797\/revisions"}],"wp:featuredmedia":[{"embeddable":true,"href":"https:\/\/www.mojevrijeme.hr\/magazin\/wp-json\/wp\/v2\/media\/58809"}],"wp:attachment":[{"href":"https:\/\/www.mojevrijeme.hr\/magazin\/wp-json\/wp\/v2\/media?parent=58797"}],"wp:term":[{"taxonomy":"category","embeddable":true,"href":"https:\/\/www.mojevrijeme.hr\/magazin\/wp-json\/wp\/v2\/categories?post=58797"},{"taxonomy":"post_tag","embeddable":true,"href":"https:\/\/www.mojevrijeme.hr\/magazin\/wp-json\/wp\/v2\/tags?post=58797"}],"curies":[{"name":"wp","href":"https:\/\/api.w.org\/{rel}","templated":true}]}}