{"id":58830,"date":"2022-04-27T16:17:46","date_gmt":"2022-04-27T14:17:46","guid":{"rendered":"https:\/\/www.mojevrijeme.hr\/magazin\/?p=58830"},"modified":"2022-04-27T18:24:35","modified_gmt":"2022-04-27T16:24:35","slug":"rockin-neno-nudili-su-mi-silne-novce-da-pjevam-slagere-ali-rocknroll-je-zivot-moj","status":"publish","type":"post","link":"https:\/\/www.mojevrijeme.hr\/magazin\/2022\/04\/rockin-neno-nudili-su-mi-silne-novce-da-pjevam-slagere-ali-rocknroll-je-zivot-moj\/","title":{"rendered":"Rockin&#8217; Neno: &#8216;Nudili su mi silne novce da pjevam \u0161lagere, ali rock&#8217;n&#8217;roll je \u017eivot moj!&#8217;"},"content":{"rendered":"\n<p>Bezbrojni nastupi po cijeloj Europi, silne turneje i poznanstva s velikim svjetskim zvijezdama rock&#8217;n&#8217;rolla obilje\u017eili su bogatu karijeru <strong>Waltera Neugebauera<\/strong>.<\/p>\n\n\n\n<p>Rockerski put Rockin&#8217; Nene &#8211; \u0161to je nadimak koji si je Neugebauer nadjenuo po uzoru na Shakin&#8217; Stevensa &#8211; zanimljiv je i dug, a pro\u0161le godine izdan CD Rockin Nene\u2019 &amp; The Cadillaca feat. Country Lady Rajka, pod nazivom &#8220;Prava rije\u010d u pravi \u010das&#8221;, poku\u0161aj je da se sve te godine obuhvate na jednoj, dodu\u0161e dvostrukoj, plo\u010di.<\/p>\n\n\n\n<p>Prvi bend osnovan je u gimnaziji 1961. i \u010dini li su ga, uz Waltera, <strong>Kre\u0161o Ivi\u0107<\/strong> i <strong>Ivica Percl<\/strong>, a bili su to V.I.S. Kristali. Pred kraj 1963. Walter prelazi u V.I.S. Mladi, a u sedamdesetima osniva u Njema\u010dkoj pop-rock band Pink Elephant. Svoj prvi nastup The Cadillac svira 1. 1. 1980., a od 1989. band se zove Rockin\u2019 Neno &amp; The Cadillac i pod tim imenom stvara i nastupa i dalje.<\/p><div id=\"mojev-4022376957\" class=\"mojev-u-tekstu mojev-entity-placement\" style=\"margin-left: auto;margin-right: auto;text-align: center;\"><div class=\"mojev-adlabel\">oglas<\/div><div style=\"height: 250px;\"><script async src=\"https:\/\/pagead2.googlesyndication.com\/pagead\/js\/adsbygoogle.js?client=ca-pub-8106111766207173\"\r\n     crossorigin=\"anonymous\"><\/script>\r\n<!-- Prikazni 1 u tekstu -->\r\n<ins class=\"adsbygoogle\"\r\n     style=\"display:block\"\r\n     data-ad-client=\"ca-pub-8106111766207173\"\r\n     data-ad-slot=\"8535551207\"\r\n     data-ad-format=\"auto\"\r\n     data-full-width-responsive=\"true\"><\/ins>\r\n<script>\r\n     (adsbygoogle = window.adsbygoogle || []).push({});\r\n<\/script><\/div><\/div><br style=\"clear: both; display: block; float: none;\"\/>\n\n\n\n<p>Porazgovarali smo s pravom legendom hrvatskog i ponajprije zagreba\u010dkog rock&#8217;n&#8217;rolla koji i dalje \u017eivi ba\u0161 kao u naslovu jedne od najpoznatijih svojih pjesama &#8211; &#8220;Rock&#8217;n&#8217;roll je \u017eivot moj&#8221;. Na po\u010detku, predstavio nam je novi album.<\/p>\n\n\n\n<p>&#8220;Po\u010detkom 2021. krenula je ideja da bih ja u Zagrebu izdao CD, mo\u017eda i dupli, a kud \u0107e suza neg&#8217; na oko i ja odem u moju firmu &#8211; ja sam biv\u0161i Jugotonac &#8211; Croatia Records. Prvo su mi rekli da se CD-i ba\u0161 ne prodaju i da je to jako velika investicija. Na \u0161to sam ja njima rekao da nitko investiciju nije ni spominjao i da ja njima ne nudim pri\u010du s Cadillacom, nego im nudim TRW Records. To je moja gramofonska tvrtka koja \u0107e napraviti jedan ekskluzivni ugovor s Croatia Recordsom. Glavni \u0161ef je, valjda, dobro shvatio da sam mu ja posljednji Mohikanac, jer su neka druga velika imena oti\u0161la u druge firme, a meni je bilo neprirodno s bilo kojom drugom firmom u\u0107i u jedan takav <em>deal<\/em>. I tako smo dogovorili snimanje i izdavanje ovog duplog CD-a &#8216;Prava rije\u010d u pravi \u010das&#8217; koji je ugledao svjetlo dana krajem 11. mjeseca pro\u0161le godine&#8221;, ka\u017ee.<\/p>\n\n\n\n<p>U me\u0111uvremenu su snimili dva spota: &#8220;Volio bih da sam ptica&#8221; koji je \u010dak bio i na MEF-u (Me\u0111imurskom festivalu), i spot za pjesmu &#8220;Mama&#8221;. <\/p>\n\n\n\n<p>&#8220;Ta je pjesma snimljena i na njema\u010dkom. Ja paralelno radim i na svojoj Njema\u010dkoj karijeri u koju se ovaj put \u017eelim vratiti na velika vrata jer su u Njema\u010dkoj izumrli svi veliki rock&#8217;n&#8217;roll pjeva\u010di&#8221;, ka\u017ee Neugebauer.<\/p>\n\n\n\n<p>&#8220;Na temelju ugovora imam za snimiti jo\u0161 \u010detiri spota. To \u0107e sigurno biti ova pjesma koju Rajka (<strong>Rajka Sutlovi\u0107<\/strong> iz nekada\u0161nje grupe Plava trava zaborava) i ja pjevamo zajedno &#8216;Dok sanjam o sre\u0107i&#8217;, a koja ima verziju i na engleskom i na njema\u010dkom. To je jedna <em>country<\/em> stvar kojom pozivamo mlade da se vrate u Hrvatsku i tu ne\u0161to naprave. Jer mnogi su oti\u0161li i vratili se ni sa \u010dime, ili su se vratili bogati, ali tako bolesni da onda kada su mogli po\u010deti \u017eivjeti, bolest ih je pojela i nisu imali ni\u0161ta od toga&#8221;, ka\u017ee.<\/p>\n\n\n\n<h3 class=\"wp-block-heading\">Zagreb &#8211; uvijek na prvom mjestu<\/h3>\n\n\n\n<p>I s\u00e2m je puno svirao po Njema\u010dkoj i drugim zemljama Europe, no uvijek bi se vra\u0107ao u svoj Zagreb. &#8220;Ja imam njema\u010dko dr\u017eavljanstvo. Moja familijarna povijest je takva. Moj otac je 1943. o\u017eenio moju mamu Purgericu. Tata mi je austrijsko-njema\u010dke krvi, a baka mi je bila be\u010dka grofica. Tata i stric, bra\u0107a Neugebauer, bili su poznati crta\u010di stripova i za\u010detnici crtanog filma u Hrvatskoj. Moj tata je pisao i tekstove, izme\u0111u ostalih i za pjesmu &#8216;Ak sem ti sr\u010deko ranil'&#8221;, ka\u017ee Walter i dodaje kako je \u0161teta \u0161to se nitko nikad nije sjetio da bi mo\u017eda bra\u0107i Neugebauer dao ulicu ili trg.<\/p>\n\n\n\n<p>&#8220;Kako se ka\u017ee, prvih sto godina je uvijek najte\u017ee. Mo\u017eda nekad bude. A moja mama je umrla 1998. godine s 90 godina. Bila je jako sretna \u0161to sam tada ve\u0107 bio upoznao ovu moju petu \u017eenu i rekla je da mo\u017ee mirno umrijeti jer sad je tu osoba koja \u0107e se za mene pobrinuti. Iz prvog braka imam sina i k\u0107erku. Druga \u017eena je bila Nijemica i pjevala je sa mnom u grupi Pink Elephant. Tre\u0107a supruga je bila iz \u010cakovca i s njom imam sina kojemu su sada 42 godine. Iz \u010detvrtog braka imam sina koji je 1994. godi\u0161te. I sad sam, evo, s petom \u017eenom ve\u0107 17 godina&#8221;, opisuje Neugebauer svoj dinami\u010dni obiteljski \u017eivot.<\/p>\n\n\n\n<p>Iako mu sva djeca imaju neke talente, niti jedno se ne bavi glazbom. No da \u0107e glazba biti njegov \u017eivot, Neugebauer je shvatio prili\u010dno rano.<\/p>\n\n\n\n<p>&#8220;Kao klinac sam i\u0161ao u muzi\u010dku \u0161kolu, no odmah sam znao da me ne vu\u010de zabavna glazba. Moj tata je pisao tekstove. 1958. je pobijedio na Opatiji s pjesmom &#8216;More, more&#8217;. <strong>Du\u0161an Jak\u0161i\u0107<\/strong> i <strong>Anica Zubovi\u0107<\/strong> su pjevali. Ja sam bio integriran u taj svijet, to mi je bio dio odrastanja. Svi su dolazili k nama. Ja sam negdje 1959. po\u010deo komponirati. S 14 godina sam napisao pjesmu &#8216;Prava rije\u010d u pravi \u010das&#8217;, \u0161to je i naziv ovog sada dvostrukog albuma. Ta je pjesma bila jako dugo u ladici&#8221;, ka\u017ee i dodaje kako je jako puno komponirao na tekstove svoga oca.<\/p>\n\n\n\n<p>&#8220;Negdje 1961. kad sam ja ve\u0107 po\u010deo svirati s Kristalima, tata je rekao da \u0107e dofurati neke svoje prijatelje da \u010duju kak ja sviram. Ja sam mu rekao da nek me ne zeza, jer ja sam svirao rock&#8217;n&#8217;roll. Pa ne budem ja sad tu nekakve \u0161lagere svirao! Onda je moj stari poludio, uzeo moje tekstove i odnio ih poznatim, velikim kompozitorima, vratio se nakon dva mjeseca natrag doma i rekao: &#8216;Zlata (to je mama), onaj tvoj idiot uop\u0107e ne zna kaj je napisal!&#8217; Nisam mu tad htio priznati, no bio sam jako ponosan. Tako da sad na ovom zadnjem albumu ima dosta pjesama koje je tata pisao, a ja komponirao. Neke sam pjesme nudio i Kristalima i Mladima, ali znate kako je, odmah proradi ljubomora&#8221;, ka\u017ee.<\/p>\n\n\n\n<figure class=\"wp-block-image size-large\"><img loading=\"lazy\" decoding=\"async\" width=\"740\" height=\"444\" src=\"https:\/\/www.mojevrijeme.hr\/magazin\/wp-content\/uploads\/2022\/04\/walter-neugebauer2-740x444.jpg\" alt=\"\" class=\"wp-image-58927\" srcset=\"https:\/\/www.mojevrijeme.hr\/magazin\/wp-content\/uploads\/2022\/04\/walter-neugebauer2-740x444.jpg 740w, https:\/\/www.mojevrijeme.hr\/magazin\/wp-content\/uploads\/2022\/04\/walter-neugebauer2-636x382.jpg 636w, https:\/\/www.mojevrijeme.hr\/magazin\/wp-content\/uploads\/2022\/04\/walter-neugebauer2-768x461.jpg 768w, https:\/\/www.mojevrijeme.hr\/magazin\/wp-content\/uploads\/2022\/04\/walter-neugebauer2-1536x922.jpg 1536w, https:\/\/www.mojevrijeme.hr\/magazin\/wp-content\/uploads\/2022\/04\/walter-neugebauer2-1500x900.jpg 1500w, https:\/\/www.mojevrijeme.hr\/magazin\/wp-content\/uploads\/2022\/04\/walter-neugebauer2-1600x960.jpg 1600w, https:\/\/www.mojevrijeme.hr\/magazin\/wp-content\/uploads\/2022\/04\/walter-neugebauer2-590x354.jpg 590w, https:\/\/www.mojevrijeme.hr\/magazin\/wp-content\/uploads\/2022\/04\/walter-neugebauer2-400x240.jpg 400w, https:\/\/www.mojevrijeme.hr\/magazin\/wp-content\/uploads\/2022\/04\/walter-neugebauer2-1000x600.jpg 1000w, https:\/\/www.mojevrijeme.hr\/magazin\/wp-content\/uploads\/2022\/04\/walter-neugebauer2-820x492.jpg 820w, https:\/\/www.mojevrijeme.hr\/magazin\/wp-content\/uploads\/2022\/04\/walter-neugebauer2-1080x648.jpg 1080w, https:\/\/www.mojevrijeme.hr\/magazin\/wp-content\/uploads\/2022\/04\/walter-neugebauer2.jpg 2000w\" sizes=\"auto, (max-width: 740px) 100vw, 740px\" \/><figcaption>Walter Neugebauer (foto: Silvija Novak)<\/figcaption><\/figure>\n\n\n\n<p>Oduvijek je, zapravo, znao da \u0107e se baviti glazbom i u to je bio toliko siguran da nije niti podigao svjedod\u017ebu kad je maturirao u \u0160estoj gimnaziji.<\/p>\n\n\n\n<p>&#8220;Nisam \u010dak uzeo ni svjedod\u017ebu jer smo jurili u Biograd na moru gdje smo imali ljetnu ga\u017eu. Tata je htio da upi\u0161em pravni fakultet kad se vratim, no ja sam mu rekao da u \u017eivotu sviram rock&#8217;n&#8217;roll. Kazao mi je da je bavljenje slobodnom umjetno\u0161\u0107u kruh sa sedam kora, no meni je to bilo to. Od te 1964. i te ljetne ga\u017ee, po\u010dela je moja internacionalna karijera&#8221;, ka\u017ee.<\/p>\n\n\n\n<h3 class=\"wp-block-heading\">Bezbrojni koncerti<\/h3>\n\n\n\n<p>Na koliko je turneja bio i koliko koncerata odsvirao u svojoj dugoj karijeri, niti sam ne zna.<\/p>\n\n\n\n<p>&#8220;Ja sam u tih 30 godina svirao po Austriji, Njema\u010dkoj i \u0160vicarskoj. Imao sam nastupe sa <strong>Suzy Quatro<\/strong>, s <strong>Ericom Burdenom<\/strong>, s <strong>Chubby Checkerom<\/strong>\u2026 Ono \u0161to pamtim kao jako dobro, to je bilo 2011. kad sam po moru i unutra\u0161njosti s Cadillacom napravio 53 nastupa. Sje\u0107am se toliko divnih momenata da bih se zasigurno opet bavio istim poslom da se ponovno rodim. Mo\u017eda bi druga\u010dije napravio neke stvari, no to bi i dalje bila glazba&#8221;, ka\u017ee i dodaje kako nikada nije bilo niti govora o tome da bi se bavio bilo kojom drugom vrstom glazbe osim rock&#8217;n&#8217;rollom.<\/p>\n\n\n\n<p>&#8220;Godine 1975., kad mi se raspao bend Pink Elephant, je da sam dobio ponudu od firme Belafon, da do\u0111emo tamo na razgovor s izvjesnim gospodinom \u017divanovi\u0107em iz Beograda. Ponudili su mi takvu karijeru da sam u roku par godina mogao postati milijuna\u0161. \u017divanovi\u0107 je otvorio ta\u0161ku, a unutra naslagano 50.000 maraka. No trebao sam pjevati neke \u0161lagere kao Robi\u0107. Rekao sam tati za tu ponudu, a on meni veli: &#8216;Gle, sinek, to kaj bu\u0161 snimil, ne bu\u0161 se ti maknul od toga. Tra\u017eit \u0107e kasnije <em>long play<\/em> plo\u010du, pa drugu, pa tre\u0107u\u2026 Oni bu tebe izraubali do daske.&#8217; Tata je ku\u017eio. A ku\u017eio sam i ja. Kazao mi je da sam u tom slu\u010daju za rock gotov, jer pravi rokeri \u0107e re\u0107i da kaj ovaj sad tu izigrava rokera, a tam pjeva \u0161lagere. Ja sam tom \u017divanovi\u0107u rekao da ni\u0161ta od toga i da u Zagrebu ima jedan kafi\u0107 koji se zove Junferica u kojem se okupljaju rokeri. Kad bih ja tamo do\u0161ao i kad bi oni \u010duli koje sme\u0107e ja tu pjevam, ja se vi\u0161e ne bih smio u Zagrebu pojaviti. On mi je odgovorio da je sva\u0161ta u \u017eivotu \u010duo, ali takvu glupost jo\u0161 nije&#8221;, prisje\u0107a se uz smijeh Neugebauer.<\/p>\n\n\n\n<p>&#8220;Mo\u017eda bih ja to danas malo druga\u010dije napravio, ali nije mi \u017eao. Snimio sam puno toga, puno toga napravio. Sad sam se zaista vratio na scenu i odlu\u010dio sam dobiti mjesto na na\u0161oj estradi koje mi pripada. Iako kod nas svaka \u0161u\u0161a mo\u017ee biti u novinama&#8221;, ka\u017ee.<\/p>\n\n\n\n<h3 class=\"wp-block-heading\">Dobri stari albumi<\/h3>\n\n\n\n<p>U dana\u0161nje vrijeme se sve \u010de\u0161\u0107e doga\u0111a da glazbenici ni ne snimaju albume u onom klasi\u010dnom smislu, ve\u0107 sve objavljuju na Youtubeu i raznim <em>streaming<\/em> servisima, no Neugebauer ka\u017ee da je u tom smislu staromodan.<\/p>\n\n\n\n<p>&#8220;Mene to ne zanima, ja sam tu <em>oldfashioned<\/em>. Evo tu na ovom albumu se kod svake pjesme vidi kad je napisana. Moje pjesme su kao moja djeca i to se ne prodaje. Evo tu imam dvije pjesme koje je menad\u017eerica Shakin&#8217; Stevensa htjela kupiti od mene i mog brata koji je napisao tekst. Na stolu je bilo 20.000 funti, s time da bri\u0161emo imena autora. No ja sam im rekao da ne bi bilo dovoljno ni 200.000 funti. Ja to vrlo ozbiljno tretiram i smatram da \u010dovjek da bi mogao tra\u017eiti jednu ozbiljnu pri\u010du, mora imati ne\u0161to iza sebe&#8221;, ka\u017ee.<\/p>\n\n\n\n<figure class=\"wp-block-embed is-type-video is-provider-youtube wp-block-embed-youtube wp-embed-aspect-16-9 wp-has-aspect-ratio\"><div class=\"wp-block-embed__wrapper\">\n<iframe loading=\"lazy\" title=\"WALTER &amp; THE CADILLAC  -  ROCK&#039;N&#039;ROLL JE \u017dIVOT MOJ (OFFICIAL VIDEO)\" width=\"740\" height=\"416\" src=\"https:\/\/www.youtube.com\/embed\/tUMhmxC6zJE?feature=oembed\" frameborder=\"0\" allow=\"accelerometer; autoplay; clipboard-write; encrypted-media; gyroscope; picture-in-picture\" allowfullscreen><\/iframe>\n<\/div><\/figure>\n\n\n\n<p>Iako mu je ve\u0107 76 godine, kod njega nema odmora. Snima, svira, organizira koncerte. I dobro je da je tako jer tko god \u0107e se od muzi\u010dara osloniti na mirovnu, ne\u0107e se ba\u0161 dobro provesti.<\/p>\n\n\n\n<h3 class=\"wp-block-heading\">Nije dobio glazbeni\u010dku mirovinu<\/h3>\n\n\n\n<p>&#8220;Glazbenicima je od mirovine jako te\u0161ko \u017eivjeti. Ja jo\u0161 uop\u0107e nisam dobio mirovinu. \u010cetiri puta su me odbili jer da nisam napravio dovoljno za hrvatsku glazbu. Onda sam to i prestao tra\u017eiti. U me\u0111uvremenu ja imam i svoju firmu i radim. Stvaram. No tko mora \u017eivjeti od mirovine, to je stra\u0161no te\u0161ko. Mislim da bi se umjetnike trebalo malo druga\u010dije tretirati i cijeniti. Evo recimo, mi smo 18 godina tra\u017eili svoj klub, pisali peticije i borili se za to. No dogodilo se i da je jednom nekakva udruga pasa prije dobila svoj klub nego mi&#8221;, \u017eali se na nerazumijevanje struktura.<\/p>\n\n\n\n<p>Otvoreno priznaje i da se s biv\u0161om gradskom vlasti slagao puno bolje nego sada s ovom na \u010delu s gradona\u010delnikom <strong>Tomislavom Toma\u0161evi\u0107em<\/strong>.<\/p>\n\n\n\n<p>&#8220;Prije par dana smo imali dogovor s odjelom za kulturu grada Zagreba gdje sam im ponudio na\u0161 nastup za 1. maj ispod cijene. Bilo mi je re\u010deno da imaju neki drugi program. Na to sam im ja odgovorio da se ve\u0107 sada prijavljujem za 2023. godinu i da \u0107u do tada puno vje\u017ebati kako bi bio na razini kvalitete tih amaterskih bendova koji \u0107e nastupati prije Novih Fosila. Dan nakon toga sam ponudio gratis nastup te da \u0107e moja firma platiti moje muzi\u010dare. Jo\u0161 uvijek \u010dekam odgovor. Ako i to odbiju, a mi smo u Maksimiru nastupali barem 13 puta, zanima me koji \u0107e argument imati za to&#8221;, ka\u017ee.<\/p>\n\n\n\n<h3 class=\"wp-block-heading\">\u010cagati se mora<\/h3>\n\n\n\n<p>Dok i\u0161\u010dekuje odgovor od Grada, neumorno radi na svojim popularnim &#8220;\u010dagama&#8221;, odnosno plesnjacima u nekada\u0161njem klubu Gjuro 2, a sada Cadillac klubu.<\/p>\n\n\n\n<p>&#8220;\u010cage su krenule 2010. kad sam to radio na Ribnjaku i to je bila ludnica. No tada\u0161nja direktorica je to uni\u0161tila. Onda smo radili u Pre\u010dkom, a nakon toga sam 2017. dobio klub Gjuro 2. Odnosno moja udruga zagreba\u010dkih rokera i TRW Records. To je preure\u0111eno i sad je to prekrasan klub. Utukli smo stra\u0161ne novce samo u izolaciju zvuka i evo ve\u0107 pet godina se dru\u017eimo. Utorkom su plesnjaci za ozbiljnu generaciju, petkom je na\u0161a prijateljska udruga &#8217;50 plus minus&#8217;, a subotom ja tamo dofuravam mlade bendove koji \u017eele stati na binu. Cadillac tamo svira povremeno jer vi ne mo\u017eete danas naplatiti ulaz.&#8221;<\/p>\n\n\n\n<p>&#8220;Nova garnitura u gradu mi ne daje nikakve subvencije. Prije smo ih dobivali, a sada je situacija dosta te\u0161ka. Programe je te\u0161ko raditi bez potpore. Ova ekipa ima jo\u0161 puno za nau\u010diti da bi bila kao \u0161to je bio Milan Bandi\u0107. On je imao osje\u0107aj za malog \u010dovjeka. Evo re\u0107i \u0107u vam samo jedan primjer: kad je prije par dana pao onaj balkon i ljudi su skoro poginuli, <strong>Milan Bandi\u0107<\/strong> bi se, da je \u017eiv, tamo nacrtao u 10 minuta i pitao ljude jesu li dobro. A ovaj novi gradona\u010delnik je tek nakon 2-3 dana poslao nekakvu depe\u0161u u kojoj stoji da su zgradu trebali bolje odr\u017eavati. Pa to stvarno nije u redu. No mnogo toga nije u redu. Ali ja volim ovaj grad, tu sam ro\u0111en i uvijek sam mu se vra\u0107ao \u010dak i kad sam \u017eivio vani. Nadam se najboljem. Mi Purgeri mo\u017eemo pokazati kako se to radi i pomo\u0107i ovima kaj su do\u0161li, da nau\u010de kako se \u017eivi u ovom gradu&#8221;, ka\u017ee nam Walter Neugebauer.<\/p>\n\n\n\n<div id=\"blokovi\"><img decoding=\"async\" src=\"https:\/\/www.mojevrijeme.hr\/magazin\/wp-content\/uploads\/2020\/09\/esf-lenta.jpg\">\nOvaj prilog objavljen je u sklopu projekta \u201cNovo vrijeme\u201d. Projekt je sufinancirala\nEuropska unija sredstvima Europskog socijalnog fonda. Sadr\u017eaj priloga isklju\u010diva\nje odgovornost Udruge Ho\u0107u stranicu.<\/div>\n<div id=\"mojev-2163862434\" class=\"mojev-kraj-teksta mojev-entity-placement\" style=\"margin-bottom: 20px;margin-left: auto;margin-right: auto;text-align: center;\"><div class=\"mojev-adlabel\">oglas<\/div><div style=\"height: 250px;\"><script async src=\"https:\/\/pagead2.googlesyndication.com\/pagead\/js\/adsbygoogle.js?client=ca-pub-8106111766207173\"\r\n     crossorigin=\"anonymous\"><\/script>\r\n<!-- Display-1 -->\r\n<ins class=\"adsbygoogle\"\r\n     style=\"display:block\"\r\n     data-ad-client=\"ca-pub-8106111766207173\"\r\n     data-ad-slot=\"1465712950\"\r\n     data-ad-format=\"auto\"\r\n     data-full-width-responsive=\"true\"><\/ins>\r\n<script>\r\n     (adsbygoogle = window.adsbygoogle || []).push({});\r\n<\/script><\/div><\/div>","protected":false},"excerpt":{"rendered":"<p>Walter Neugebauer iza sebe ima karijeru dugu 60 godina. Oduvijek je znao da \u0107e se u \u017eivotu baviti glazbom, a koliko je nastupa u \u017eivotu imao, niti sam ne zna. <\/p>\n","protected":false},"author":4,"featured_media":58926,"comment_status":"closed","ping_status":"closed","sticky":false,"template":"","format":"standard","meta":{"footnotes":""},"categories":[85],"tags":[2266,37,2339,2670,77,3122,39],"class_list":["post-58830","post","type-post","status-publish","format-standard","has-post-thumbnail","hentry","category-aktivno-starenje","tag-glazbenici","tag-milan-bandic","tag-novo-vrijeme","tag-tomislav-tomasevic","tag-umirovljenici","tag-walter-neugebauer","tag-zagreb"],"_links":{"self":[{"href":"https:\/\/www.mojevrijeme.hr\/magazin\/wp-json\/wp\/v2\/posts\/58830","targetHints":{"allow":["GET"]}}],"collection":[{"href":"https:\/\/www.mojevrijeme.hr\/magazin\/wp-json\/wp\/v2\/posts"}],"about":[{"href":"https:\/\/www.mojevrijeme.hr\/magazin\/wp-json\/wp\/v2\/types\/post"}],"author":[{"embeddable":true,"href":"https:\/\/www.mojevrijeme.hr\/magazin\/wp-json\/wp\/v2\/users\/4"}],"replies":[{"embeddable":true,"href":"https:\/\/www.mojevrijeme.hr\/magazin\/wp-json\/wp\/v2\/comments?post=58830"}],"version-history":[{"count":0,"href":"https:\/\/www.mojevrijeme.hr\/magazin\/wp-json\/wp\/v2\/posts\/58830\/revisions"}],"wp:featuredmedia":[{"embeddable":true,"href":"https:\/\/www.mojevrijeme.hr\/magazin\/wp-json\/wp\/v2\/media\/58926"}],"wp:attachment":[{"href":"https:\/\/www.mojevrijeme.hr\/magazin\/wp-json\/wp\/v2\/media?parent=58830"}],"wp:term":[{"taxonomy":"category","embeddable":true,"href":"https:\/\/www.mojevrijeme.hr\/magazin\/wp-json\/wp\/v2\/categories?post=58830"},{"taxonomy":"post_tag","embeddable":true,"href":"https:\/\/www.mojevrijeme.hr\/magazin\/wp-json\/wp\/v2\/tags?post=58830"}],"curies":[{"name":"wp","href":"https:\/\/api.w.org\/{rel}","templated":true}]}}