{"id":58876,"date":"2022-04-26T15:26:50","date_gmt":"2022-04-26T13:26:50","guid":{"rendered":"https:\/\/www.mojevrijeme.hr\/magazin\/?p=58876"},"modified":"2022-04-27T18:33:49","modified_gmt":"2022-04-27T16:33:49","slug":"gospoda-zeljka-70-ne-zna-sto-su-tablete-sadim-usred-zagreba-ne-kupujem-kemiju","status":"publish","type":"post","link":"https:\/\/www.mojevrijeme.hr\/magazin\/2022\/04\/gospoda-zeljka-70-ne-zna-sto-su-tablete-sadim-usred-zagreba-ne-kupujem-kemiju\/","title":{"rendered":"Gospo\u0111a \u017deljka (70) ne zna \u0161to su tablete: &#8216;Sadim usred Zagreba, ne kupujem kemiju&#8217;"},"content":{"rendered":"\n<p>&#8220;Ve\u0107 trideset godina obra\u0111ujem ovaj vrt i nikad nisam koristila pesticide ni umjetna gnojiva. Pogledajte one kante uz \u017eivicu, u njima je kompost koji sama radim od li\u0161\u0107a, trave i granja, a povremeno od ku\u0107e donosim i ostatke povr\u0107a i vo\u0107a. U ovim drugim kantama pak dr\u017eim natopljene koprive, to je koncentrat prirodnog gnojiva, prepunog \u017eeljeza i vitamina koje treba zemlji da bi dala kvalitetne plodove. K tome, trudim se zemlju odr\u017eavati lu\u017enatom tako da tu uz potok palim granje i njivu posipavam pepelom&#8221;, ispri\u010dala nam je gospo\u0111a <strong>\u017deljka Medak<\/strong>.<\/p>\n\n\n\n<p>I doista, uz puno truda koji ova radi\u0161na umirovljenica ula\u017ee u svoj povrtnjak, sve joj uspijeva, sve joj buja. Dvije vrste zelene salate ovih dana mora prorje\u0111ivati, pa osim \u0161to je ona ima u izobilju, u njoj u\u017eivaju i njezine prijateljice i susjede kojima rado udijeli vi\u0161ak. Jednako je tako i s blitvom i lukom.&nbsp;<\/p>\n\n\n\n<h3 class=\"wp-block-heading\">Nikad ne kupuje sjeme<\/h3>\n\n\n\n<p>Gospo\u0111a \u017deljka nikad ne kupuje sjeme jer skuplja svoje, ili ga razmjenjuje sa susjedima. Najesen ga pomno pohrani, pa ga na prolje\u0107e na svom balkonu sije u reciklirane, plasti\u010dne \u010da\u0161e od jogurta.&nbsp;<\/p><div id=\"mojev-3664950934\" class=\"mojev-u-tekstu mojev-entity-placement\" style=\"margin-left: auto;margin-right: auto;text-align: center;\"><div class=\"mojev-adlabel\">oglas<\/div><div style=\"height: 250px;\"><script async src=\"https:\/\/pagead2.googlesyndication.com\/pagead\/js\/adsbygoogle.js?client=ca-pub-8106111766207173\"\r\n     crossorigin=\"anonymous\"><\/script>\r\n<!-- Prikazni 1 u tekstu -->\r\n<ins class=\"adsbygoogle\"\r\n     style=\"display:block\"\r\n     data-ad-client=\"ca-pub-8106111766207173\"\r\n     data-ad-slot=\"8535551207\"\r\n     data-ad-format=\"auto\"\r\n     data-full-width-responsive=\"true\"><\/ins>\r\n<script>\r\n     (adsbygoogle = window.adsbygoogle || []).push({});\r\n<\/script><\/div><\/div><br style=\"clear: both; display: block; float: none;\"\/>\n\n\n\n<p>&#8220;Kad bilj\u010dice na prolje\u0107e malo stasaju na balkonu, prenesem ih ovdje u vrt. Sav vrt sama prokopam, nije to nikakav problem. Od sijanja do sadnje pro\u0111e nekih dva mjeseca, i potom pro\u0111u jo\u0161 dva do prvih plodova. U\u017eivam gledati i \u017eivjeti taj prirodni ciklus. Muka je to velika, ali je nagrada nemjerljiva. Ne samo financijska, ne radim ja ovo iz puke nu\u017ede. Fizi\u010dki me rad toliko psihi\u010dki opu\u0161ta, da za mene nema bolje terapije. Druge terapije niti ne trebam, jer nemam problema ni s tlakom, ni sa spavanjem, ni s drugim zdravstvenim boljkama&#8221;, povjerila nam je umirovljenica koja \u0107e uskoro osim salate, blitve, ra\u0161tike i luka brati i gra\u0161ak, mahune, raj\u010dice, tikvice.&nbsp;<\/p>\n\n\n\n<h3 class=\"wp-block-heading\">Zdravi doru\u010dak od bobica, jogurta i zobi<\/h3>\n\n\n\n<p>Bit \u0107e tu i vo\u0107a, a ribizli, kupine i maline sastavni su dio njezina doru\u010dka tijekom \u010ditave godine. &#8220;Zamrznem ih, pa nave\u010der zajedno sa zobenim pahuljicama stavim u jogurt. Ujutro me do\u010deka so\u010dan doru\u010dak&#8221;, govori nam umirovljenica koja puca od zdravlja.&nbsp;<\/p>\n\n\n\n<p>&#8220;Kad sam do\u0161la na lije\u010dni\u010dki pregled i rekla da ne uzimam nikakve tablete, doktorica mi se \u010dudom \u010dudila, to je, ka\u017ee, rijetkost. Ali ja vjerujem da je recept za zdravlje rad i prirodna hrana, \u0161to jednostavnija. Pa ja gotovo i ne moram u du\u0107an, osim po neke osnove poput ulja, bra\u0161na, \u0161e\u0107era, soli, ponekad komadi\u0107a mesa ili srdela\u2026 Svega imam na vrtu i sve je ekolo\u0161ko, ne konzumiram nikakve pesticide kojima zna biti zaga\u0111eno povr\u0107e po \u0161oping centrima. I ba\u0161 mi zato nije te\u0161ko svaki drugi dan do\u0107i ovdje i raditi na zemlji&#8221;, ka\u017ee.<\/p>\n\n\n\n<h3 class=\"wp-block-heading\">Svota za najam je simboli\u010dna<\/h3>\n\n\n\n<p>Kako nam je otkrila, za ove je parcele na Jarunu, 10 minuta hoda udaljene od njezina stana, saznala prije tridesetak godina, dok je jo\u0161 radila u naftnoj kompaniji Ina. &#8220;Do\u0161la sam ovdje i raskr\u010dila si ove kvadrate, tu je bila d\u017eungla, \u0161ikara, gra\u0111evinski materijal, neopisiv sam trud ulo\u017eila da dobijem \u010distu parcelu i zemlju koju je valjalo pripremiti za prvu sadnju. Potom sam je po\u010dela prirodno ogra\u0111ivati, me\u0111a su mi ova breskva, orah, bazga, \u0161ipak, \u0161ljiva, oluci s kupinama, maline. A pogledajte i koliko sam samoniklog bilja ostavila da i dalje raste, to je prava bioraznolikost. Ovi masla\u010dci, hren, stolisnik, cikorija, sikavica, gavez, menta \u2013 sve je samoniklo i na svaku biljku pazim i od svih imam koristi&#8221;, pokazuje nam uzbu\u0111eno.<\/p>\n\n\n\n<p>Kako sve radi sama, mora se snalaziti, ka\u017ee, kako zna i umije. &#8220;U vrtu stalno trebaju kolci, njima podignem kupine, mahune i drugo\u2026 Zato zimi ovdje dovu\u010dem borove koje ljudi izbace na ulicu nakon Bo\u017ei\u0107a, pa im na prolje\u0107e, kad se osu\u0161e, pore\u017eem grane i tako ih iskoristim za potporu u vrtu. Snalazim se na sto na\u010dina, ali u svemu ovome u\u017eivam&#8221;, rekla je gospo\u0111a \u017deljka.&nbsp;<\/p>\n\n\n\n<figure class=\"wp-block-image size-large\"><img loading=\"lazy\" decoding=\"async\" width=\"740\" height=\"444\" src=\"https:\/\/www.mojevrijeme.hr\/magazin\/wp-content\/uploads\/2022\/04\/zeljka-medak-u-vrtu-740x444.jpg\" alt=\"\" class=\"wp-image-58897\" srcset=\"https:\/\/www.mojevrijeme.hr\/magazin\/wp-content\/uploads\/2022\/04\/zeljka-medak-u-vrtu-740x444.jpg 740w, https:\/\/www.mojevrijeme.hr\/magazin\/wp-content\/uploads\/2022\/04\/zeljka-medak-u-vrtu-636x382.jpg 636w, https:\/\/www.mojevrijeme.hr\/magazin\/wp-content\/uploads\/2022\/04\/zeljka-medak-u-vrtu-768x461.jpg 768w, https:\/\/www.mojevrijeme.hr\/magazin\/wp-content\/uploads\/2022\/04\/zeljka-medak-u-vrtu-1536x922.jpg 1536w, https:\/\/www.mojevrijeme.hr\/magazin\/wp-content\/uploads\/2022\/04\/zeljka-medak-u-vrtu-1500x900.jpg 1500w, https:\/\/www.mojevrijeme.hr\/magazin\/wp-content\/uploads\/2022\/04\/zeljka-medak-u-vrtu-1600x960.jpg 1600w, https:\/\/www.mojevrijeme.hr\/magazin\/wp-content\/uploads\/2022\/04\/zeljka-medak-u-vrtu-590x354.jpg 590w, https:\/\/www.mojevrijeme.hr\/magazin\/wp-content\/uploads\/2022\/04\/zeljka-medak-u-vrtu-400x240.jpg 400w, https:\/\/www.mojevrijeme.hr\/magazin\/wp-content\/uploads\/2022\/04\/zeljka-medak-u-vrtu-1000x600.jpg 1000w, https:\/\/www.mojevrijeme.hr\/magazin\/wp-content\/uploads\/2022\/04\/zeljka-medak-u-vrtu-820x492.jpg 820w, https:\/\/www.mojevrijeme.hr\/magazin\/wp-content\/uploads\/2022\/04\/zeljka-medak-u-vrtu-1080x648.jpg 1080w, https:\/\/www.mojevrijeme.hr\/magazin\/wp-content\/uploads\/2022\/04\/zeljka-medak-u-vrtu.jpg 2000w\" sizes=\"auto, (max-width: 740px) 100vw, 740px\" \/><figcaption>\u017deljka Medak (foto: Gordana Arh)<\/figcaption><\/figure>\n\n\n\n<p>Parcelu je do prije sedam godina obra\u0111ivala i u\u017eivala besplatno, no onda ju je jednog dana do\u010dekala tabla s pozivom na sastanak na kojem je njoj i svima koji su u\u017eivali okolne parcele, re\u010deno da \u0107e svake tri godine obnavljati ugovor i pla\u0107ati najamninu. &#8220;Sre\u0107om to nije neki veliki iznos pa sam pristala&#8221;, rekla je gospo\u0111a \u017deljka.<\/p>\n\n\n\n<h3 class=\"wp-block-heading\">U vrtu je ljeti uvijek \u017eivahno<\/h3>\n\n\n\n<p>U njezinu vrtu je, pri\u010da nam, osobito ljeti vrlo \u017eivahno i veselo. &#8220;Ovdje sam si sama slo\u017eila ove cigle koje mi dr\u017ee re\u0161etku za ro\u0161tilj. Ponekad iz stana donesem i tavu od gusa, pa pe\u010dem na njoj, ovisno o tome \u0161to pripremam. Kad je lijepo vrijeme, pozovem prijateljicu, dvije, kupimo malo srdela pa ih tu ispe\u010demo i jedemo uz zelenu salatu, tikvice, raj\u010dice, mladi luk\u2026 \u010dega ve\u0107 u koje doba u godini ima na vrtu. I ne\u0107ak mi je tu nedavno bio, pa smo pekli pile\u0107a krilca. Slo\u017eila sam si ovaj stol i klup\u010dice, sve imam tu, za mene je ovo pravi raj. Slobodno do\u0111ite kad god po\u017eelite, pa razbistrite misli&#8221;, poziva nas uz \u0161irok osmijeh.&nbsp;<\/p>\n\n\n\n<p>\u010cak i nepoznati ljudi koji prolaze pokraj vrta, ka\u017ee, pozdravljaju je, pa neke od njih, ako ima vremena, pusti da predahnu i sakriju se od vru\u0107ina ispod njezina rasko\u0161na oraha. &#8220;Ljeti je tu duboki hlad, pravi u\u017eitak za sjesti i u\u017eivati u zelenilu. A prakti\u010dki ste u centru grada&#8221;, govori.&nbsp;<\/p>\n\n\n\n<p>Na pitanje krade li se ovdje po vrtovima, odmahne rukom i poka\u017ee na gotovo neprobojnu \u017eivicu i lokot na vratima. &#8220;Nemam problema s tim. Problem je nastao kad mi se prije nekoliko godina razboljela prijateljica pa sam svakodnevno i\u0161la k njoj, brinula o svemu i njegovala je. Vrt je toliko zarastao da sam ga opet jedva raskr\u010dila, skoro pa  golim rukama. Ali malo po malo i uspjela sam. Imala sam opet svoju viziju i nisam odustajala. Ma pogledajte ove gredice, ovu rahlu zemlju danas&#8221;, rekla je.&nbsp;<\/p>\n\n\n\n<h3 class=\"wp-block-heading\">Kemi\u010darka po struci<\/h3>\n\n\n\n<p>Gospo\u0111a \u017deljka Medak rodila se u zaseoku nedaleko od Metkovi\u0107a, tamo na u\u0161\u0107u Neretve. U Zagreb je do\u0161la na Kemijsko-tehnolo\u0161ki fakultet, te se nakon diplome zaposlila u Ini gdje je ostala cijeli radni vijek, pune 33 godine. Radila bi bila i dalje, ka\u017ee, ali su je tjerali u mirovinu. &#8220;Kad je Ina prodana Mol-u, Ma\u0111ari su sve koji su imali uvjete poslali u mirovinu. A dobro, ja sam se nakon toga jo\u0161 vi\u0161e posvetila svom vrtu, to me spasilo&#8221;, govori nam.<\/p>\n\n\n\n<p>Priznala nam je i da je nakon odgovornog posla koji je obavljala u Ini po\u017eeljela da se u mirovini uop\u0107e ne mora zamarati novim tehnologijama pa kod ku\u0107e uop\u0107e nema Internet. Jo\u0161 uvijek ima i stari telefon, onaj s klasi\u010dnim tipkama. &#8220;Jedini mi je problem po\u010deo biti to \u0161to bih se na neki redovni pregled lije\u010dniku mogla naru\u010diti <em>online<\/em>. Ina\u010de nemam neku potrebu za tim&#8221;, priznaje nam.&nbsp;<\/p>\n\n\n\n<p>Nakon ugodnog razgovora nabrala nam je punu vre\u0107icu blitve, mlade salate i mati\u010dnjaka, mahnula nam i uzviknula: &#8220;Do\u0111ite mi brzo opet!&#8221;<\/p>\n\n\n\n<div id=\"blokovi\">Ovaj prilog nastao je uz potporu Fonda za poticanje pluralizma i raznovrsnosti elektroni\u010dkih medija u okviru projekta \u201cS godinama bolji &#8211; Aktivno i zdravo starenje\u201d<\/div>\n<div id=\"mojev-4258838295\" class=\"mojev-kraj-teksta mojev-entity-placement\" style=\"margin-bottom: 20px;margin-left: auto;margin-right: auto;text-align: center;\"><div class=\"mojev-adlabel\">oglas<\/div><div style=\"height: 250px;\"><script async src=\"https:\/\/pagead2.googlesyndication.com\/pagead\/js\/adsbygoogle.js?client=ca-pub-8106111766207173\"\r\n     crossorigin=\"anonymous\"><\/script>\r\n<!-- Display-1 -->\r\n<ins class=\"adsbygoogle\"\r\n     style=\"display:block\"\r\n     data-ad-client=\"ca-pub-8106111766207173\"\r\n     data-ad-slot=\"1465712950\"\r\n     data-ad-format=\"auto\"\r\n     data-full-width-responsive=\"true\"><\/ins>\r\n<script>\r\n     (adsbygoogle = window.adsbygoogle || []).push({});\r\n<\/script><\/div><\/div>","protected":false},"excerpt":{"rendered":"<p>\u0160etnica preko zagreba\u010dkih Srednjaka uz potok prema Jarunu provest \u0107e vas pokraj visokih zgrada pa sve do puteljka koji vodi do malih, ogra\u0111enih vrtnih parcela gdje trenuta\u010dno prestaje gradski \u017eivot. Tamo smo, u jednoj od desetak prekrasnih oaza mira, zatekli i 70-godi\u0161nju umirovljenicu \u017deljku Medak &#8211; ba\u0161 je okopavala zelenu salatu. Nakon kratkog razgovora, otklju\u010dala je \u017eeljezni lokot na ogradi i pozvala nas da odmorimo na klupici, a ona se vratila svom poslu. Usput nam je pokazivala svoje gredice s povr\u0107em, samoniklo bilje, te govorila koliko truda ula\u017ee da bi u\u017eivala u plodovima zemlje. Svako je malo istaknula da eko hrana nije jedina nagrada za njezin trud, ve\u0107 je rad u vrtu ne\u0161to najbolje \u0161to mo\u017ee u\u010diniti za svoje fizi\u010dko i psihi\u010dko zdravlje.<\/p>\n","protected":false},"author":15,"featured_media":58898,"comment_status":"closed","ping_status":"closed","sticky":false,"template":"","format":"standard","meta":{"footnotes":""},"categories":[85,2853],"tags":[957,35,2625,39],"class_list":["post-58876","post","type-post","status-publish","format-standard","has-post-thumbnail","hentry","category-aktivno-starenje","category-zivim-ucim-rastem","tag-mirovina","tag-sreca","tag-urbano-vrtlarstvo","tag-zagreb"],"_links":{"self":[{"href":"https:\/\/www.mojevrijeme.hr\/magazin\/wp-json\/wp\/v2\/posts\/58876","targetHints":{"allow":["GET"]}}],"collection":[{"href":"https:\/\/www.mojevrijeme.hr\/magazin\/wp-json\/wp\/v2\/posts"}],"about":[{"href":"https:\/\/www.mojevrijeme.hr\/magazin\/wp-json\/wp\/v2\/types\/post"}],"author":[{"embeddable":true,"href":"https:\/\/www.mojevrijeme.hr\/magazin\/wp-json\/wp\/v2\/users\/15"}],"replies":[{"embeddable":true,"href":"https:\/\/www.mojevrijeme.hr\/magazin\/wp-json\/wp\/v2\/comments?post=58876"}],"version-history":[{"count":0,"href":"https:\/\/www.mojevrijeme.hr\/magazin\/wp-json\/wp\/v2\/posts\/58876\/revisions"}],"wp:featuredmedia":[{"embeddable":true,"href":"https:\/\/www.mojevrijeme.hr\/magazin\/wp-json\/wp\/v2\/media\/58898"}],"wp:attachment":[{"href":"https:\/\/www.mojevrijeme.hr\/magazin\/wp-json\/wp\/v2\/media?parent=58876"}],"wp:term":[{"taxonomy":"category","embeddable":true,"href":"https:\/\/www.mojevrijeme.hr\/magazin\/wp-json\/wp\/v2\/categories?post=58876"},{"taxonomy":"post_tag","embeddable":true,"href":"https:\/\/www.mojevrijeme.hr\/magazin\/wp-json\/wp\/v2\/tags?post=58876"}],"curies":[{"name":"wp","href":"https:\/\/api.w.org\/{rel}","templated":true}]}}