{"id":58967,"date":"2022-04-29T08:23:51","date_gmt":"2022-04-29T06:23:51","guid":{"rendered":"https:\/\/www.mojevrijeme.hr\/magazin\/?p=58967"},"modified":"2022-04-29T10:17:16","modified_gmt":"2022-04-29T08:17:16","slug":"sonja-i-luciano-kirn-proslavili-59-godina-braka-on-je-moja-prva-i-jedina-ljubav","status":"publish","type":"post","link":"https:\/\/www.mojevrijeme.hr\/magazin\/2022\/04\/sonja-i-luciano-kirn-proslavili-59-godina-braka-on-je-moja-prva-i-jedina-ljubav\/","title":{"rendered":"Sonja i Luciano Kirn proslavili 59 godina braka: &#8216;On je moja prva i jedina ljubav&#8217;"},"content":{"rendered":"\n<p>Da je gospo\u0111a <strong>Sonja Kirn<\/strong> jedna poletna i vesela umirovljenica bilo mi je jasno \u010dim se javila na mobitel &#8211; zvu\u010dala je poput mlade \u017eene kojoj se taj dan dogodilo ne\u0161to ba\u0161 posebno lijepo. Takva je ona, rekla mi je prijateljica koja ju dobro poznaje \u2013 uvijek. I doista, o svemu pri\u010da vedra lica, nema teme na koju se ljuti, odmahuje, koju \u017eeli presko\u010diti. Prije na\u0161eg intervjua ve\u0107 je odradila neke privatne obaveze u gradu Krku, skuhala, a nave\u010der je sa suprugom oti\u0161la u kazali\u0161te u Rijeku jer su imali karte za baletnu predstavu <em>Romeo i Julija<\/em>.<\/p>\n\n\n\n<h3 class=\"wp-block-heading\">Obitelj na prvom mjestu<\/h3>\n\n\n\n<p>Obitelj je, shvatila sam kroz razgovor, ono \u0161to supru\u017enici Kirn u \u017eivotu najvi\u0161e njeguju I cijene. &#8220;K\u0107i Petra i zet Drago s djecom \u017eive u Zagrebu. Unuke, 17-godi\u0161nja <strong>Mila<\/strong> i 15-godi\u0161nja <strong>Neli<\/strong>, na\u0161e su najve\u0107e blago, prema njima gajimo bezuvjetnu ljubav i nastojimo \u0161to vi\u0161e vremena provoditi uz njih. U Zagrebu smo bili na svakoj njihovoj vrti\u0107koj i potom \u0161kolskoj priredbi, jo\u0161 smo na svakom ro\u0111endanu, posje\u0107ujemo ih za blagdane. Ljeti ih vodimo na na\u0161u jedrilicu i tjedne provodimo zajedno na brodu. Imaju i veliko i dobro dru\u0161tvo u Omi\u0161lju pa ne pitaju za Zagreb do jeseni&#8221;, ispri\u010dala nam je gospo\u0111a Sonja. Kako unuke rastu, rekla je, sve su samostalnije i sve im je va\u017enije dru\u0161tvo vr\u0161njaka pa je ovo prva godina kad \u0107e im dopustiti da koji tjedan ostanu same u njihovu omi\u0161aljskom stanu, a oni \u0107e na brod \u2013 ljetovat \u0107e opet udvoje, kao prije 60 godina!<\/p>\n\n\n\n<p>Kad je mlada obitelj zimus otputovala na skijanje, supru\u017enici Kirn su se bez kompliciranja ponudili tjedan dana \u017eivjeti u njihovom stanu u Zagrebu ne bi li im \u010duvali psa. &#8220;Nedavno su opet bili na putu, ovaj put u New Yorku, pa su psa dovezli k nama u Omi\u0161alj. Ma poma\u017eemo im s veseljem, obitelj je sve&#8221;, govori ponosna majka i baka \u010dije su obje k\u0107eri zavr\u0161ile studij u Bologni, a unuke su, ka\u017ee nam, jednako ambiciozne.<\/p><div id=\"mojev-3724420387\" class=\"mojev-u-tekstu mojev-entity-placement\" style=\"margin-left: auto;margin-right: auto;text-align: center;\"><div class=\"mojev-adlabel\">oglas<\/div><div style=\"height: 250px;\"><script async src=\"https:\/\/pagead2.googlesyndication.com\/pagead\/js\/adsbygoogle.js?client=ca-pub-8106111766207173\"\r\n     crossorigin=\"anonymous\"><\/script>\r\n<!-- Prikazni 1 u tekstu -->\r\n<ins class=\"adsbygoogle\"\r\n     style=\"display:block\"\r\n     data-ad-client=\"ca-pub-8106111766207173\"\r\n     data-ad-slot=\"8535551207\"\r\n     data-ad-format=\"auto\"\r\n     data-full-width-responsive=\"true\"><\/ins>\r\n<script>\r\n     (adsbygoogle = window.adsbygoogle || []).push({});\r\n<\/script><\/div><\/div><br style=\"clear: both; display: block; float: none;\"\/>\n\n\n\n<h3 class=\"wp-block-heading\">Drugu k\u0107er posje\u0107uju u Portugalu<\/h3>\n\n\n\n<p>Druga k\u0107i para, Patrizia, sa suprugom Vincenzom posljednje \u010detiri godine \u017eivi u Portugalu, a prije toga \u017eivjeli su u Italiji, u pokrajini Emilia Romagna. &#8220;\u010cesto smo bili u Italiji kod druge k\u0107eri, op\u0107enito volimo Italiju jer je suprugova majka bila Talijanka. Nikad nije nau\u010dila hrvatski, pa sam si ja dala truda i preko kazeta, koje su nekad dolazile u kompletu s knjigama, nau\u010dila talijanski. Sa svakim odlaskom u Italiju usavr\u0161avala sam jezik&#8221;, ka\u017ee nam gospo\u0111a Sonja koja se dobro snalazi i s francuskim.<\/p>\n\n\n\n<figure class=\"wp-block-image size-large\"><img loading=\"lazy\" decoding=\"async\" width=\"740\" height=\"444\" src=\"https:\/\/www.mojevrijeme.hr\/magazin\/wp-content\/uploads\/2022\/04\/sonja-luciano-kirn-obitelj-740x444.jpg\" alt=\"\" class=\"wp-image-59008\" srcset=\"https:\/\/www.mojevrijeme.hr\/magazin\/wp-content\/uploads\/2022\/04\/sonja-luciano-kirn-obitelj-740x444.jpg 740w, https:\/\/www.mojevrijeme.hr\/magazin\/wp-content\/uploads\/2022\/04\/sonja-luciano-kirn-obitelj-636x382.jpg 636w, https:\/\/www.mojevrijeme.hr\/magazin\/wp-content\/uploads\/2022\/04\/sonja-luciano-kirn-obitelj-768x461.jpg 768w, https:\/\/www.mojevrijeme.hr\/magazin\/wp-content\/uploads\/2022\/04\/sonja-luciano-kirn-obitelj-1536x922.jpg 1536w, https:\/\/www.mojevrijeme.hr\/magazin\/wp-content\/uploads\/2022\/04\/sonja-luciano-kirn-obitelj-1500x900.jpg 1500w, https:\/\/www.mojevrijeme.hr\/magazin\/wp-content\/uploads\/2022\/04\/sonja-luciano-kirn-obitelj-1600x960.jpg 1600w, https:\/\/www.mojevrijeme.hr\/magazin\/wp-content\/uploads\/2022\/04\/sonja-luciano-kirn-obitelj-590x354.jpg 590w, https:\/\/www.mojevrijeme.hr\/magazin\/wp-content\/uploads\/2022\/04\/sonja-luciano-kirn-obitelj-400x240.jpg 400w, https:\/\/www.mojevrijeme.hr\/magazin\/wp-content\/uploads\/2022\/04\/sonja-luciano-kirn-obitelj-1000x600.jpg 1000w, https:\/\/www.mojevrijeme.hr\/magazin\/wp-content\/uploads\/2022\/04\/sonja-luciano-kirn-obitelj-820x492.jpg 820w, https:\/\/www.mojevrijeme.hr\/magazin\/wp-content\/uploads\/2022\/04\/sonja-luciano-kirn-obitelj-1080x648.jpg 1080w, https:\/\/www.mojevrijeme.hr\/magazin\/wp-content\/uploads\/2022\/04\/sonja-luciano-kirn-obitelj.jpg 2000w\" sizes=\"auto, (max-width: 740px) 100vw, 740px\" \/><figcaption>Sonja i Luciano Kirn s k\u0107erima i unukama Milom i Neli (foto: privatni album)<\/figcaption><\/figure>\n\n\n\n<p>U Portugalu je, otkriva, bila vi\u0161e puta, uvijek sa suprugom. &#8220;Jednom smo proputovali pola zemlje, zadr\u017eali smo se kod Patrizije i Vincenza mjesec dana&#8221;, ispri\u010dala je. Dodala je da iako k\u0107i i zet nemaju vlastite djece, on iz prvog braka ima dvije k\u0107eri i sina te troje unu\u010dadi koji Patriziju, malo je re\u0107i, obo\u017eavaju.<\/p>\n\n\n\n<h3 class=\"wp-block-heading\">Nakon obitelji \u2013 prijatelji<\/h3>\n\n\n\n<p>U Omi\u0161lju par ima, ka\u017ee, neprocjenjivo dobre susjede \u2013 \u017eive u velikoj ku\u0107i s pet stanova i imaju malo zajedni\u010dkog vrta u kojem njeguju jorgovan, smokve, maslinu i \u017eivu ogradu prema ulici. S jednim bra\u010dnim parom kod ku\u0107e jednom tjednu kartaju belu i remi, a doma\u0107ica taj dan obavezno prire\u0111uje i ve\u010deru. S drugim parom pak povremeno igraju brid\u017e, i tako ve\u0107 godinama. &#8220;Dru\u0161tveni \u017eivot je va\u017ean, ne treba se povu\u0107i, mi se ne damo&#8221;, rekla je i dodala da suprug i ona pla\u0107aju dvije pretplate za HNK Ivana Pl. Zajca u Rijeci. &#8220;Uzeli smo si glazbenu premijernu pretplatu te koncertnu pretplatu, tako da smo u kazali\u0161tu najmanje dvaput mjese\u010dno&#8221;, otkriva.<\/p>\n\n\n\n<h3 class=\"wp-block-heading\">Knji\u017enica je prozor u svijet<\/h3>\n\n\n\n<p>Kad ima slobodnog vremena, gospo\u0111a Sonja \u010dita. &#8220;U Omi\u0161lju imamo veliku i dobro opskrbljenu knji\u017enicu u sastavu Gradske knji\u017enice Rijeka. \u010cesto sam tu. Trenuta\u010dno \u010ditam Miljenka Jergovi\u0107a i njegovu zbirku pri\u010da &#8216;Trojica za&nbsp;Kartal&#8217;, svojevrsni nastavak knjige &#8216;Sarajevski Marlboro&#8217;. \u010ceka me ve\u0107 i idu\u0107a knjiga, &#8216;Urareva k\u0107i&#8217; autorice Kate Morton&#8221;, doznajem od na\u0161e aktivne i svestrane umirovljenice. Uvijek voli, ka\u017ee, na TV-u pogledati dobar dokumentarac, Potjeru, i svakako kakav dobar film. Vijesti ne prati pretjerano, a <em>reality showove<\/em> i isprazne zabavne emisije uop\u0107e je ne zanimaju.<\/p>\n\n\n\n<figure class=\"wp-block-image size-large\"><img loading=\"lazy\" decoding=\"async\" width=\"740\" height=\"444\" src=\"https:\/\/www.mojevrijeme.hr\/magazin\/wp-content\/uploads\/2022\/04\/zabava-740x444.jpg\" alt=\"\" class=\"wp-image-59007\" srcset=\"https:\/\/www.mojevrijeme.hr\/magazin\/wp-content\/uploads\/2022\/04\/zabava-740x444.jpg 740w, https:\/\/www.mojevrijeme.hr\/magazin\/wp-content\/uploads\/2022\/04\/zabava-636x382.jpg 636w, https:\/\/www.mojevrijeme.hr\/magazin\/wp-content\/uploads\/2022\/04\/zabava-768x461.jpg 768w, https:\/\/www.mojevrijeme.hr\/magazin\/wp-content\/uploads\/2022\/04\/zabava-1536x922.jpg 1536w, https:\/\/www.mojevrijeme.hr\/magazin\/wp-content\/uploads\/2022\/04\/zabava-1500x900.jpg 1500w, https:\/\/www.mojevrijeme.hr\/magazin\/wp-content\/uploads\/2022\/04\/zabava-1600x960.jpg 1600w, https:\/\/www.mojevrijeme.hr\/magazin\/wp-content\/uploads\/2022\/04\/zabava-590x354.jpg 590w, https:\/\/www.mojevrijeme.hr\/magazin\/wp-content\/uploads\/2022\/04\/zabava-400x240.jpg 400w, https:\/\/www.mojevrijeme.hr\/magazin\/wp-content\/uploads\/2022\/04\/zabava-1000x600.jpg 1000w, https:\/\/www.mojevrijeme.hr\/magazin\/wp-content\/uploads\/2022\/04\/zabava-820x492.jpg 820w, https:\/\/www.mojevrijeme.hr\/magazin\/wp-content\/uploads\/2022\/04\/zabava-1080x648.jpg 1080w, https:\/\/www.mojevrijeme.hr\/magazin\/wp-content\/uploads\/2022\/04\/zabava.jpg 2000w\" sizes=\"auto, (max-width: 740px) 100vw, 740px\" \/><figcaption>foto: privatni album<\/figcaption><\/figure>\n\n\n\n<p>Do prije nekoliko godina ovaj par je svake godine i\u0161ao na skijanje te su puno planinarili, no ovih su se fizi\u010dki vrlo zahtjevnih sportova i aktivnosti sada odrekli. &#8220;Imali smo nekih ozljeda u mladosti, a i kasnije u \u017eivotu, kako starite to \u010dovjek sve vi\u0161e osjeti, tako da ne riskiramo vi\u0161e. Ali zato dvaput godi\u0161nje oboje idemo po dva mjeseca, vrlo dosljedno, na fizikalne terapije u Crikvenicu. Sve prilagodimo tome, jer nam to puno poma\u017ee da se bolje osje\u0107amo&#8221;, povjerila nam je.<\/p>\n\n\n\n<h3 class=\"wp-block-heading\">Supermarketi stigli i na otok<\/h3>\n\n\n\n<p>Na pitanje je li \u017eivot na otoku Krku skup, odgovara da se snalaze kao i ljudi na kopnu. &#8220;Ve\u0107 nekoliko godina imamo dosta velikih marketa s istim cijenama kakve su i drugdje po Hrvatskoj, blizu nam je i Rijeka pa se zaletimo ako treba, tako da ne mogu re\u0107i da smo tu bitnije zakinuti. Mesara imamo u \u010cavlima ve\u0107 56 godina \u2013 nazovemo ga, on nam sve pripremi i tako jednom mjese\u010dno. Jednako tako od lokalnog ribara preuzimamo ribu. Nisu nam dizali cijene&#8221;, povjerila nam je.<\/p>\n\n\n\n<h3 class=\"wp-block-heading\">U mirovinu s 51 godinom \u017eivota<\/h3>\n\n\n\n<p>Gospo\u0111a Sonja, pri\u010da nam, zaljubila se i prije punoljetnosti, no ipak je u Zagrebu upisala studij. &#8220;Kad sam dobila diplomu vi\u0161e stru\u010dne spreme, vratila sam se u Rijeku. Suprug je zavr\u0161avao Strojarski fakultet i ubrzo smo se odlu\u010dili vjen\u010dati. Ja sam vrlo brzo po\u010dela raditi, najprije u komercijali u rije\u010dkom Brodomaterijalu, a potom sam pre\u0161la u Kon\u010dar. Tu sam vodila prodaju i putovala od Slovenije do Makedonije. Uz dvoje mi je djece to postalo prenaporno, pa sam na\u0161la mirniji, ali tako\u0111er odgovoran posao \u0161efice financija u predstavni\u0161tvu Mladinske knjige u Rijeci. Kasnije je suprug, koji je radio u rafineriji nafte Ina u Rijeci, a potom radio u timu koji je oformio Petrokemiju, kasnije nazvanu Dina Petrokemija pa ga je novo radno mjesto odvelo u Omi\u0161alj, gdje smo i preselili. Jo\u0161 sam neko vrijeme putovala u Rijeku, no vrlo brzo sam se i ja zaposlila u Dini gdje sam vodila financije, sve do mirovine&#8221;, rekla je.<\/p>\n\n\n\n<p>Kad je napunila 51 godinu \u017eivota i 31 godinu radnog sta\u017ea, tvrtka joj je dokupila \u010detiri godine do starosne mirovine, \u0161to je morala prihvatiti. &#8220;Jo\u0161 sam godinama kasnije radila kao financijska savjetnica u vi\u0161e privatnih tvrtki, na ugovor o djelu, pa sam si tako dodatno zaradila uz mirovinu. K tome, bilo mi je va\u017eno i da ne &#8216;zakr\u017eljam'&#8221;, nasmijala se i dodala da je suprug kasnije odlu\u010dio godinu dana oti\u0107i raditi u Nigeriju, gdje ga je i ona pratila i tada su u\u0161tedili novac potreban za studij mla\u0111e k\u0107eri u Italiji.<\/p>\n\n\n\n<p>A kako su godine odmicale, gospo\u0111a Sonja je prona\u0161la istinsku unutarnju radost u bezbri\u017enim umirovljeni\u010dkim danima. Uz supruga, skladnu \u0161iru obitelj, prijatelje, jedrilicu, putovanja, knji\u017enicu, kazali\u0161te, kartanje, njezin je \u017eivot danas ispunjen i sretan i u njemu ni\u0161ta ne bi mijenjala.<\/p>\n\n\n\n<div id=\"blokovi\">Ovaj prilog nastao je uz potporu Fonda za poticanje pluralizma i raznovrsnosti elektroni\u010dkih medija u okviru projekta \u201cS godinama bolji &#8211; Aktivno i zdravo starenje\u201d<\/div>\n<div id=\"mojev-2415175279\" class=\"mojev-kraj-teksta mojev-entity-placement\" style=\"margin-bottom: 20px;margin-left: auto;margin-right: auto;text-align: center;\"><div class=\"mojev-adlabel\">oglas<\/div><div style=\"height: 250px;\"><script async src=\"https:\/\/pagead2.googlesyndication.com\/pagead\/js\/adsbygoogle.js?client=ca-pub-8106111766207173\"\r\n     crossorigin=\"anonymous\"><\/script>\r\n<!-- Display-1 -->\r\n<ins class=\"adsbygoogle\"\r\n     style=\"display:block\"\r\n     data-ad-client=\"ca-pub-8106111766207173\"\r\n     data-ad-slot=\"1465712950\"\r\n     data-ad-format=\"auto\"\r\n     data-full-width-responsive=\"true\"><\/ins>\r\n<script>\r\n     (adsbygoogle = window.adsbygoogle || []).push({});\r\n<\/script><\/div><\/div>","protected":false},"excerpt":{"rendered":"<p>Nedavni sun\u010dani vikend na otoku Krku bio je neopisivo radostan u domu supru\u017enika Sonje (80) i Luciana (82) Kirn iz Omi\u0161lja \u2013 u obiteljskom domu na slavlju su se okupili njihove k\u0107eri, zetovi i unuke. Povod je bio 80. ro\u0111endan gospo\u0111e Sonje te 59. godi\u0161njica braka ovog para koji se upoznao jo\u0161 i prije punoljetnosti. U razgovoru s njima nai\u0161la sam na zarazan \u017eivotni optimizam, iskrenost, ljubav prema ljudima i svijetu koji ih okru\u017euje i vi\u0161e puta u sebi pomislila da pozitivna energija doista ima \u010dudesnu mo\u0107.<\/p>\n","protected":false},"author":15,"featured_media":59009,"comment_status":"closed","ping_status":"closed","sticky":false,"template":"","format":"standard","meta":{"footnotes":""},"categories":[85,1008],"tags":[304,2864,741],"class_list":["post-58967","post","type-post","status-publish","format-standard","has-post-thumbnail","hentry","category-aktivno-starenje","category-nema-predaje","tag-brak","tag-krk","tag-putovanje"],"_links":{"self":[{"href":"https:\/\/www.mojevrijeme.hr\/magazin\/wp-json\/wp\/v2\/posts\/58967","targetHints":{"allow":["GET"]}}],"collection":[{"href":"https:\/\/www.mojevrijeme.hr\/magazin\/wp-json\/wp\/v2\/posts"}],"about":[{"href":"https:\/\/www.mojevrijeme.hr\/magazin\/wp-json\/wp\/v2\/types\/post"}],"author":[{"embeddable":true,"href":"https:\/\/www.mojevrijeme.hr\/magazin\/wp-json\/wp\/v2\/users\/15"}],"replies":[{"embeddable":true,"href":"https:\/\/www.mojevrijeme.hr\/magazin\/wp-json\/wp\/v2\/comments?post=58967"}],"version-history":[{"count":0,"href":"https:\/\/www.mojevrijeme.hr\/magazin\/wp-json\/wp\/v2\/posts\/58967\/revisions"}],"wp:featuredmedia":[{"embeddable":true,"href":"https:\/\/www.mojevrijeme.hr\/magazin\/wp-json\/wp\/v2\/media\/59009"}],"wp:attachment":[{"href":"https:\/\/www.mojevrijeme.hr\/magazin\/wp-json\/wp\/v2\/media?parent=58967"}],"wp:term":[{"taxonomy":"category","embeddable":true,"href":"https:\/\/www.mojevrijeme.hr\/magazin\/wp-json\/wp\/v2\/categories?post=58967"},{"taxonomy":"post_tag","embeddable":true,"href":"https:\/\/www.mojevrijeme.hr\/magazin\/wp-json\/wp\/v2\/tags?post=58967"}],"curies":[{"name":"wp","href":"https:\/\/api.w.org\/{rel}","templated":true}]}}