{"id":59289,"date":"2022-05-09T08:12:19","date_gmt":"2022-05-09T06:12:19","guid":{"rendered":"https:\/\/www.mojevrijeme.hr\/magazin\/?p=59289"},"modified":"2024-11-07T10:39:53","modified_gmt":"2024-11-07T09:39:53","slug":"ivica-krajac-tijelo-posustaje-ali-ideje-i-dalje-frcaju-kao-lude","status":"publish","type":"post","link":"https:\/\/www.mojevrijeme.hr\/magazin\/2022\/05\/ivica-krajac-tijelo-posustaje-ali-ideje-i-dalje-frcaju-kao-lude\/","title":{"rendered":"Ivica Kraja\u010d: &#8216;Tijelo posustaje, ali ideje i dalje frcaju kao lude. Ne volim Hulji\u0107a!&#8217;"},"content":{"rendered":"\n<p>Malo je ljudi s tako bogatim \u017eivotopisom kao \u0161to je onaj <strong>Ivice Kraja\u010da<\/strong>. On je skladatelj, pjeva\u010d, tekstopisac, kazali\u0161ni redatelj, filmski i televizijski scenarist, libretist i prevoditelj s engleskog, njema\u010dkog i ruskog jezika te, po vlastitom priznanju, pravi skriboman koji nikamo ne ide bez papira i olovke.<\/p>\n\n\n\n<p>Stariji ga se sje\u0107aju kao utemeljitelja kvarteta 4M koji je bio silno popularan na prostoru \u010ditave biv\u0161e dr\u017eave, a de\u010dki, <strong>Ivica Kraja\u010d &#8211; Mali, Branko Maru\u0161i\u0107 &#8211; Medo, \u017deljko Ru\u017ei\u0107 &#8211; Muki, Miro Ungar<\/strong> i, kasnije, <strong>Sa\u0161a Sabli\u0107 &#8211; Medicus<\/strong>, svirali su i po \u010ditavoj Europi te u zemlje tada\u0161njeg komunisti\u010dkog bloka donosili da\u0161ak zapada.<\/p>\n\n\n\n<p>No \u010dak i oni koji 4M ne pamte, sigurno znaju barem neku Kraja\u010devu pjesmu jer on je autor pravih klasika hrvatske glazbe od legendarne &#8220;Nima Splita do Splita&#8221; pa do duhovite &#8220;Mi smo de\u010dki kaj pijemo stoje\u010dki&#8221;, a libretist je i prve rock-opere u ovim krajevima &#8220;Gubec-beg&#8221;.<\/p><div id=\"mojev-12087358\" class=\"mojev-u-tekstu mojev-entity-placement\" style=\"margin-left: auto;margin-right: auto;text-align: center;\"><div class=\"mojev-adlabel\">oglas<\/div><div style=\"height: 250px;\"><script async src=\"https:\/\/pagead2.googlesyndication.com\/pagead\/js\/adsbygoogle.js?client=ca-pub-8106111766207173\"\r\n     crossorigin=\"anonymous\"><\/script>\r\n<!-- Prikazni 1 u tekstu -->\r\n<ins class=\"adsbygoogle\"\r\n     style=\"display:block\"\r\n     data-ad-client=\"ca-pub-8106111766207173\"\r\n     data-ad-slot=\"8535551207\"\r\n     data-ad-format=\"auto\"\r\n     data-full-width-responsive=\"true\"><\/ins>\r\n<script>\r\n     (adsbygoogle = window.adsbygoogle || []).push({});\r\n<\/script><\/div><\/div><br style=\"clear: both; display: block; float: none;\"\/>\n\n\n\n<p>Po Kraja\u010devom bi se \u017eivotu doista dala napraviti kazali\u0161ta predstava ili mjuzikl, no Kraja\u010d ne razmi\u0161lja pisati o sebi. Umjesto toga, napisao je tekstove za kazali\u0161ne predstave o brojnim poznatim ljudima poput Merilyn Monroe, cara Dioklecijana, Dra\u017eena Petrovi\u0107a, Wiliama Shakespearea, Karla Metiko\u0161a, Giuseppea Verdija\u2026<\/p>\n\n\n\n<p>&#8220;Imam 30 gotovih tekstova o raznim poznatim osobama, ali nemam kome to dati&#8221;, ka\u017ee nam odmah na po\u010detku razgovora koji vodimo u Domu za starije i nemo\u0107ne u zagreba\u010dkoj Bukova\u010dkoj ulici gdje \u017eivi otkako mu se u posjednje vrijeme pogor\u0161alo zdravlje.<\/p>\n\n\n\n<figure class=\"wp-block-embed is-type-video is-provider-youtube wp-block-embed-youtube wp-embed-aspect-4-3 wp-has-aspect-ratio\"><div class=\"wp-block-embed__wrapper\">\n<iframe loading=\"lazy\" title=\"Kvartet 4M - Idem I Ja ...Ne, Ti Ne ! (Vengo Anch&#039;io. No, Tu No)\" width=\"740\" height=\"555\" src=\"https:\/\/www.youtube.com\/embed\/XnEwn7CgwIY?feature=oembed\" frameborder=\"0\" allow=\"accelerometer; autoplay; clipboard-write; encrypted-media; gyroscope; picture-in-picture\" allowfullscreen><\/iframe>\n<\/div><\/figure>\n\n\n\n<p>&#8220;Znate, imam i 10 gotovih glazbeno-scenskih djela. Kompletna libreta, s didaskalijama. Ja sam diplomirao re\u017eiju na zagreba\u010dkoj Akademiji i to znam jako dobro raditi&#8221;, ka\u017ee Kraja\u010d koji je, zanimljivo, Akademiju dramskih umjetnosti upisao kad su mu bile 44 godine.<\/p>\n\n\n\n<p>&#8220;Posebno mi je drag taj mjuzikl o <strong>Dra\u017eenu Petrovi\u0107u<\/strong>, na\u0161em ponajboljem sporta\u0161u. Taj se tekst zove &#8216;Okovani Amadeus&#8217; &#8211; po gr\u010dkoj mitologiji i Prometeju koji je bogovima ukrao vatru i donio je ljudima. Dra\u017een je, tako, donio loptu. Stalno mi obe\u0107avaju da \u0107e mi to postaviti, ali ni\u0161ta se ne doga\u0111a. Sve je zaustavio covid, nitko nema love. To \u0107e sve ostati iza mene. Veliki je to poklon hrvatskoj glazbi, mo\u017eda nekad kasnije te predstave ipak budu postavljene&#8221;, ka\u017ee Kraja\u010d.<\/p>\n\n\n\n<h3 class=\"wp-block-heading\">&#8216;Svi su moji ve\u0107 gore&#8217;<\/h3>\n\n\n\n<p>Pitamo ga kako mu je sad tu u domu, a on veli da je dobro, ali da ne vidi neku perspektivu. &#8220;Zakaj sam ja sad tu? Ne vidim da mi je ne\u0161to puno bolje, da mi se popravlja zdravlje. Kao da sad tu \u010dekam da umrem. A i svi moji su ve\u0107 gore: Arsen, Karlo, Nikica\u2026 No tu mi puno poma\u017eu sestre i njegovateljice. Jako me boli kuk pa sam u kolicima&#8221;, tu\u017ei se Kraja\u010d.<\/p>\n\n\n\n<p>No to su samo fizi\u010dke pote\u0161ko\u0107e. Mozak, posve je jasno, Kraja\u010du jo\u0161 uvijek radi kao da ima puno manje od ovih svojih 85 godina. &#8220;Zaboravljam. Mu\u010di me taj Alzheimer. To sam si sam postavio dijagnozu&#8221;, ka\u017ee Kraja\u010d, no \u010dini se da se \u0161ali jer govori zabavno, bistro, jasno, duhovito. Ka\u017ee da mu ljudi, kad ga \u010duju preko telefona, ne vjeruju da je bolestan. &#8220;Mozak radi, ali kaj kad ne mogu hodati?&#8221;, ka\u017ee. <\/p>\n\n\n\n<p>No i dalje mo\u017ee pisati. Tako je, ka\u017ee, naumio napisati pjesmu za Ukrajinu kako bi pomogao toj ratom razorenoj zemlji. &#8220;Kao \u0161to su sad igrali nogometnu utakmicu za Ukrajinu, mi bi mogli snimiti pjesmu za Ukrajinu pa da lova od prodaje ide za humanitarne svrhe. Nadam se da \u0107emo to uspjeti napravit&#8221;, ka\u017ee Kraja\u010d.<\/p>\n\n\n\n<p>Ovih dana stiglo mu je i jedno sasvim posebno priznanje: ovogodi\u0161nji je dobitnik priznanja za poseban doprinos Zagreba\u010dkom festivalu. Ovom je nagradom i simboli\u010dno obilje\u017eeno \u0161ezdeset godina otkad je sa svojim kvartetom 4M i pjesmom &#8220;Platno, boje, kist i tvist&#8221; kao debitant osvojio svoj prvi Zagreba\u010dki festival. Deset godina nakon debija, 1972., Kraja\u010d je, uz <strong>Karla Metiko\u0161a<\/strong>, autor jo\u0161 jednog trijumfa na Zagreba\u010dkom festivalu i pjesme &#8220;Dok razmi\u0161ljam o nama&#8221; koju je sjajno otpjevala <strong>Josipa Lisac<\/strong>.<\/p>\n\n\n\n<figure class=\"wp-block-embed is-type-video is-provider-youtube wp-block-embed-youtube wp-embed-aspect-16-9 wp-has-aspect-ratio\"><div class=\"wp-block-embed__wrapper\">\n<iframe loading=\"lazy\" title=\"JOSIPA LISAC - DOK RAZMI\u0160LJAM O NAMA (OFFICIAL 4K VIDEO)\" width=\"740\" height=\"416\" src=\"https:\/\/www.youtube.com\/embed\/YhSvOFodRxU?feature=oembed\" frameborder=\"0\" allow=\"accelerometer; autoplay; clipboard-write; encrypted-media; gyroscope; picture-in-picture\" allowfullscreen><\/iframe>\n<\/div><\/figure>\n\n\n\n<p>Sveukupno, Kraja\u010d se na Zagreba\u010dkom festivalu predstavio 26 puta, bilo kao samostalni izvo\u0111a\u010d, s kvartetom 4M ili autor pjesama za Josipu Lisac, Zdenku Vu\u010dkovi\u0107, Gabi Novak, Terezu Kesoviju, Ljupku Dimitrovsku, \u0110or\u0111a Marjanovi\u0107a, Ivicu \u0160erfezija, VIS Delfine, Ivu Robi\u0107a, Jimmyja Stani\u0107a i niz drugih. S nostalgijom prisje\u0107a tih vremena.<\/p>\n\n\n\n<p>&#8220;4M su bili silno popularni. Te \u0161ezdesete godine, to je bilo ludilo. Zlatno doba na\u0161e estrade. Bili smo jako popularni. Prozvali su nas <em>show-kvartet<\/em> jer smo mi svojim pona\u0161anjem na bini, ne toliko pjevanjem, privla\u010dili pozornost. Mi smo se i maskirali, plesali, radili ske\u010deve. To smo sve sami smi\u0161ljali. Ja sam sve smi\u0161ljao. Bili smo prvi pjeva\u010di koji su se pomaknuli na bini. Prije nas su svi samo stajali. A mi smo po\u010deli nekaj raditi na pozornici. Kad bi bilo kaj napravili, to je bilo op\u0107e ludilo&#8221;, ka\u017ee i dodaje da su koreografije sami osmi\u0161ljali.<\/p>\n\n\n\n<p>&#8220;Sami smo slagali te koreografije, ali imali smo i suradnike koreografe, mu\u0161ke i \u017eenske. I uvijek je oko nas bilo plesa\u010da. A ja sam i pisao pjesme tak da budu aktualne i plesne. Prvi tvist koji se plesao u Jugoslaviji, ja sam ga napisao: &#8216;Platno, boje, kist i tvist&#8217;. Prva <em>bossa nova<\/em> je bila moja pjesma. Svi ti slu\u010dajevi da se neki strani ritam kod nas svira, to je bila na\u0161a glazba. Izmislio sam ples Bebel po francuskom glumcu Belmondu koji je imao pokrete poput boksa, jer on je bio boksa\u010d. Taj je spot snimljen ispred Studentskog centra u Zagrebu. To je bio veliki hit. To je mogao postati svjetski ples da smo imali podr\u0161ku. Ali znate kako je bilo u Jugi, oni su mislili da mi promoviranjem tih zapadnja\u010dkih stvari ru\u0161imo komunizam&#8221;, ka\u017ee Kraja\u010d.<\/p>\n\n\n\n<h3 class=\"wp-block-heading\">Skriboman koji stalno ima olovku u rukama<\/h3>\n\n\n\n<p>Sli\u010dnih je problema bilo i kad su postavljali prvu hrvatsku rock operu &#8220;Gubec-beg&#8221;. Bilo je u njoj, za ono doba, previ\u0161e dvojbenih elemenata, no autori Kraja\u010d, Metiko\u0161 i Prohaska objasnili su tada\u0161njoj vlasti da je &#8220;Matije Gubec poput nekakvog revolucionara sli\u010dnog Titu&#8221;. Dapa\u010de, odobrenje je na koncu stiglo i od samog Tita koji je, ina\u010de, bio veliki obo\u017eavatelj 4M pa su uvijek svirali za njega u Esplanadi kad bi ovaj do\u0161ao u Zagreb. S M-ovcima je bilo jako puno anegdota poput ove, ka\u017ee nam Kraja\u010d. <\/p>\n\n\n\n<p>&#8220;Ja sam ina\u010de skriboman. Jako puno pi\u0161em i d\u017eepovi su mi uvijek puni papira. Ina\u010de, stanujem sam u stanu na Novoj Vesi, a u svim sobama su zidovi puni polica s knjigama i mojim tekstovima. Vi\u0161e od 7.000 tekstova sam napisao. Gdje god sam i\u0161ao, uvijek bih ne\u0161to napisao. No jednu stvar nisam pisao, a to je dnevnik. I to si ne mogu oprostiti. Da sam pisao dnevnik, tu bi bilo anegdota za sto \u017eivota. Bilo je toliko angedota, da bi mogli napraviti 10 mjuzikala i to bi bilo jako atraktivno u kazali\u0161tu. A sad se vi\u0161e ni\u010dega ne sje\u0107am&#8221;, dodaje.<\/p>\n\n\n\n<p>&#8220;Kad je bio potres u Zagrebu, ni\u0161ta se nije dogodilo mojoj ku\u0107i, nego su samo ti svi papiri i knjige pali na pod i razletjeli se. Tako da sam ja hodao po knjigama i papirima. Ve\u0107 me onda bolio kuk i nisam se mogao sagnuti da to pokupim. Onda su mi do\u0161li prijatelji da mi pomognu oko toga. A te sve silne knjige &#8211; nisu mi ih htjeli uzeti ni u antikvarijatu&#8221;, \u017eali se na\u0161 sugovornik.<\/p>\n\n\n\n<figure class=\"wp-block-embed is-type-video is-provider-youtube wp-block-embed-youtube wp-embed-aspect-16-9 wp-has-aspect-ratio\"><div class=\"wp-block-embed__wrapper\">\n<iframe loading=\"lazy\" title=\"Tereza Kesovija - Uspavanka za Ivu\" width=\"740\" height=\"416\" src=\"https:\/\/www.youtube.com\/embed\/TwNA088Q5Is?feature=oembed\" frameborder=\"0\" allow=\"accelerometer; autoplay; clipboard-write; encrypted-media; gyroscope; picture-in-picture\" allowfullscreen><\/iframe>\n<\/div><\/figure>\n\n\n\n<p>Sada\u0161nji problemi s le\u0111ima i kukom mo\u017eda su povezani s ozljedom koji je zadobio kao mladi gimnasti\u010dar. &#8220;To mo\u017eda mo\u017ee imati veze jer ja imam o\u0161te\u0107enu ki\u010dmu. Slomio sam ki\u010dmu, jedan mi je pr\u0161ljen slomljen. Kao klinac od 15 godina sam pao i sedam mjeseci sam bio u gipsu. Ali to je nekak pro\u0161lo. Doktori su se poslije \u010dudili i govorili mi: &#8216;Pa gospodine Kraja\u010d, kak vi uop\u0107e hodate?&#8217; No sad je to, izgleda, do\u0161lo na svoje. Pr\u0161ljen veli: &#8216;Dosta je sad, Kraja\u010d, vi\u0161e! Jebi se! Sad bumo mi bolili!'&#8221;<\/p>\n\n\n\n<h3 class=\"wp-block-heading\">Sve je lak\u0161e uz prijatelje<\/h3>\n\n\n\n<p>No sve te pote\u0161ko\u0107e lak\u0161e su uz prijatelje kojih Kraja\u010d ima puno. &#8220;Svi mi dolaze. Imam jako puno prijatelja. Nisu me zaboravili. Toga, hvala Bogu, imam. I prije su svi htjeli do\u0107i, ali ih nisu pu\u0161tali jer je bio COVID. Nisu nikoga pu\u0161tali bez propusnica. Rekao sam im da se ni ne trude nego da \u0107emo se \u010duti telefonom. Ja vam ina\u010de s tehnikom uop\u0107e ne znam baratati. Ni s televizorom, ni s kompjuterom, ni s mobitelom. Meni je to sve u\u017easno. Tehnika i matematika su mi uvijek bile smrt. Iako pisanje tektova ima s tim veze &#8211; tu ima te metrike i ja sam uvijek sve pisao. Ali matematika mi nikad nije i\u0161la&#8221;, ka\u017ee Kraja\u010d.<\/p>\n\n\n\n<p>No ono \u0161to mu je dobro i\u0161lo, ide mu dobro i dan-danas. &#8220;Ni\u0161 mi vi\u0161e ne ide &#8211; osim pisanja tekstova. Imam ideje za libreta za jo\u0161 deset kompletnih kazali\u0161nih predstava. Ali od bolova se ne mogu sjesti za stol i to napisati. A znate kako to bude kad po\u010dnete nekaj s flomasterom pisati\u2026 Onda napi\u0161em ujutro, pa nave\u010der ne znam kaj sam napisao. Ne mogu de\u0161ifrirati svoj rukopis. To je u\u017easno. Ali ideje jo\u0161 uvijek samo frcaju&#8221;, ka\u017ee Kraja\u010d.<\/p>\n\n\n\n<p>Njegov silni glazbeni i kreativni talent prenio je i na k\u0107er <strong>Ivu<\/strong> koja je tako\u0111er pjeva\u010dica. S obzirom da je Iva slijepa jer joj je jo\u0161 kao maloj bebi o\u0161te\u0107en vid, upravo joj je glazba bila prozor u svijet.<\/p>\n\n\n\n<p>&#8220;Iva divno pjeva. Za nju sam napisao pjesmu &#8216;Uspavanka za Ivu&#8217; koju je otpjevala Tereza (Kesovija, op.ur.). Iva se uvijek ljutila na mene \u0161to sam tu pjesmu tako nazvao pa da se odmah zna da je pjesma za nju. Ali ja sam to ba\u0161 tako htio. Tu \u0107e mi pjesmu Iva pjevati na sprovodu.&#8221;<\/p>\n\n\n\n<figure class=\"wp-block-image size-large\"><img loading=\"lazy\" decoding=\"async\" width=\"740\" height=\"444\" src=\"https:\/\/www.mojevrijeme.hr\/magazin\/wp-content\/uploads\/2022\/05\/ivica-krajac-2-740x444.jpg\" alt=\"\" class=\"wp-image-59311\" srcset=\"https:\/\/www.mojevrijeme.hr\/magazin\/wp-content\/uploads\/2022\/05\/ivica-krajac-2-740x444.jpg 740w, https:\/\/www.mojevrijeme.hr\/magazin\/wp-content\/uploads\/2022\/05\/ivica-krajac-2-636x382.jpg 636w, https:\/\/www.mojevrijeme.hr\/magazin\/wp-content\/uploads\/2022\/05\/ivica-krajac-2-768x461.jpg 768w, https:\/\/www.mojevrijeme.hr\/magazin\/wp-content\/uploads\/2022\/05\/ivica-krajac-2-1536x922.jpg 1536w, https:\/\/www.mojevrijeme.hr\/magazin\/wp-content\/uploads\/2022\/05\/ivica-krajac-2-1500x900.jpg 1500w, https:\/\/www.mojevrijeme.hr\/magazin\/wp-content\/uploads\/2022\/05\/ivica-krajac-2-1600x960.jpg 1600w, https:\/\/www.mojevrijeme.hr\/magazin\/wp-content\/uploads\/2022\/05\/ivica-krajac-2-590x354.jpg 590w, https:\/\/www.mojevrijeme.hr\/magazin\/wp-content\/uploads\/2022\/05\/ivica-krajac-2-400x240.jpg 400w, https:\/\/www.mojevrijeme.hr\/magazin\/wp-content\/uploads\/2022\/05\/ivica-krajac-2-1000x600.jpg 1000w, https:\/\/www.mojevrijeme.hr\/magazin\/wp-content\/uploads\/2022\/05\/ivica-krajac-2-820x492.jpg 820w, https:\/\/www.mojevrijeme.hr\/magazin\/wp-content\/uploads\/2022\/05\/ivica-krajac-2-1080x648.jpg 1080w, https:\/\/www.mojevrijeme.hr\/magazin\/wp-content\/uploads\/2022\/05\/ivica-krajac-2.jpg 2000w\" sizes=\"auto, (max-width: 740px) 100vw, 740px\" \/><figcaption class=\"wp-element-caption\">Ivica Kraja\u010d (foto: Silvija Novak)<\/figcaption><\/figure>\n\n\n\n<p>Druga najva\u017enija \u017eena u Kraja\u010devom \u017eivotu je njegova supruga <strong>Helga<\/strong>. Njih dvoje se, ka\u017ee, silno vole ali vi\u0161e ne \u017eive zajedno.<\/p>\n\n\n\n<p>&#8220;Jo\u0161 uvijek smo u braku, ali vi\u0161e ne \u017eivimo skupa. Temperamenti su nam razli\u010diti. Samo se sva\u0111amo. Volimo se jako, ali se sva\u0111amo kao pas i ma\u010dka. Tako da ne ide skupa. Ali otkad nismo skupa, volimo se jo\u0161 i vi\u0161e. Sretan sam da sam jo\u0161 uvijek s njom u braku jer k\u0107i Iva, koja je slijepa, treba potporu. Treba i mene i mamu. Mamu, naravno, vi\u0161e &#8211; jer majka je uvijek majka. \u017denu sam upoznao na \u010dagi u Glazbenom zavodu. To je uvijek bilo subotom i nedjeljom, a dolazili su uglavnom studenti. Svirao je jako poznati orkestar, svi su tamo dolazili. Tamo je bila i \u0161kola plesa, odr\u017eavale su se i maturalne zabave. Tamo smo se upoznali. Sad vi\u0161e nismo skupa, ali ni ja ni Helga se nismo htjeli rastajati. A to je zato jer Ivi trebaju i tata i mama. I ne mogu ja ni\u0161ta Ivi re\u0107i protiv mame jer bi me ubila. Isto tako ni mama joj ne mo\u017ee re\u0107i ni\u0161ta protiv mene&#8221;, opisuje Kraja\u010d svoju bra\u010dnu dinamiku. On i Helga, osim Ive, imaju jo\u0161 i sina koji \u017eivi u Njema\u010dkoj, no ne bavi se glazbom ve\u0107 je stomatolog.<\/p>\n\n\n\n<p>&#8220;Bar bu imal love, a ne kao ja&#8221;, \u0161ali se Kraja\u010d i otkriva kako sada, zapravo, najvi\u0161e \u017eivi od autorskih prava i ZAMP-a. <\/p>\n\n\n\n<p>&#8220;Uglavnom \u017eivim samo od toga. Imam i mirovinu. Ona je oko 3.400 kn. Nije neka lova da sam bogata\u0161, ali \u017eivim. Dobijem oko 50-60.000 godi\u0161nje od ZAMP-a. A jedan <strong>Ton\u010di Hulji\u0107<\/strong> dobije par milijuna. Ali ne\u0107u o tome. Ne volim ga ba\u0161. Ima boljih kompozitora od njega, ali se nisu uspjeli prodati&#8221;, ka\u017ee Kraja\u010d.<\/p>\n\n\n\n<div id=\"blokovi\"><img decoding=\"async\" src=\"https:\/\/www.mojevrijeme.hr\/magazin\/wp-content\/uploads\/2020\/09\/esf-lenta.jpg\">\nOvaj prilog objavljen je u sklopu projekta \u201cNovo vrijeme\u201d. Projekt je sufinancirala\nEuropska unija sredstvima Europskog socijalnog fonda. Sadr\u017eaj priloga isklju\u010diva\nje odgovornost Udruge Ho\u0107u stranicu.<\/div>\n<div id=\"mojev-3280180027\" class=\"mojev-kraj-teksta mojev-entity-placement\" style=\"margin-bottom: 20px;margin-left: auto;margin-right: auto;text-align: center;\"><div class=\"mojev-adlabel\">oglas<\/div><div style=\"height: 250px;\"><script async src=\"https:\/\/pagead2.googlesyndication.com\/pagead\/js\/adsbygoogle.js?client=ca-pub-8106111766207173\"\r\n     crossorigin=\"anonymous\"><\/script>\r\n<!-- Display-1 -->\r\n<ins class=\"adsbygoogle\"\r\n     style=\"display:block\"\r\n     data-ad-client=\"ca-pub-8106111766207173\"\r\n     data-ad-slot=\"1465712950\"\r\n     data-ad-format=\"auto\"\r\n     data-full-width-responsive=\"true\"><\/ins>\r\n<script>\r\n     (adsbygoogle = window.adsbygoogle || []).push({});\r\n<\/script><\/div><\/div>","protected":false},"excerpt":{"rendered":"<p>Ivica Kraja\u010d istinska je legenda zabavne glazbe na ovim prostorima. Ni u umirovljeni\u010dkom domu ne ispu\u0161ta olovku iz ruke, a pravi blagoslov u starosti su mu prijatelji kojih ima puno. O dana\u0161njoj glazbi ima jasno definirano mi\u0161ljenje i decidirano tvrdi da imamo boljih kompozitora od Ton\u010dija Hulji\u0107a, ali nisu se uspjeli prodati.<\/p>\n","protected":false},"author":4,"featured_media":59310,"comment_status":"closed","ping_status":"closed","sticky":false,"template":"","format":"standard","meta":{"footnotes":""},"categories":[85],"tags":[3131,2266,3130,957,2339],"class_list":["post-59289","post","type-post","status-publish","format-standard","has-post-thumbnail","hentry","category-aktivno-starenje","tag-4m","tag-glazbenici","tag-ivica-krajac","tag-mirovina","tag-novo-vrijeme"],"_links":{"self":[{"href":"https:\/\/www.mojevrijeme.hr\/magazin\/wp-json\/wp\/v2\/posts\/59289","targetHints":{"allow":["GET"]}}],"collection":[{"href":"https:\/\/www.mojevrijeme.hr\/magazin\/wp-json\/wp\/v2\/posts"}],"about":[{"href":"https:\/\/www.mojevrijeme.hr\/magazin\/wp-json\/wp\/v2\/types\/post"}],"author":[{"embeddable":true,"href":"https:\/\/www.mojevrijeme.hr\/magazin\/wp-json\/wp\/v2\/users\/4"}],"replies":[{"embeddable":true,"href":"https:\/\/www.mojevrijeme.hr\/magazin\/wp-json\/wp\/v2\/comments?post=59289"}],"version-history":[{"count":0,"href":"https:\/\/www.mojevrijeme.hr\/magazin\/wp-json\/wp\/v2\/posts\/59289\/revisions"}],"wp:featuredmedia":[{"embeddable":true,"href":"https:\/\/www.mojevrijeme.hr\/magazin\/wp-json\/wp\/v2\/media\/59310"}],"wp:attachment":[{"href":"https:\/\/www.mojevrijeme.hr\/magazin\/wp-json\/wp\/v2\/media?parent=59289"}],"wp:term":[{"taxonomy":"category","embeddable":true,"href":"https:\/\/www.mojevrijeme.hr\/magazin\/wp-json\/wp\/v2\/categories?post=59289"},{"taxonomy":"post_tag","embeddable":true,"href":"https:\/\/www.mojevrijeme.hr\/magazin\/wp-json\/wp\/v2\/tags?post=59289"}],"curies":[{"name":"wp","href":"https:\/\/api.w.org\/{rel}","templated":true}]}}