{"id":59294,"date":"2022-05-08T19:08:16","date_gmt":"2022-05-08T17:08:16","guid":{"rendered":"https:\/\/www.mojevrijeme.hr\/magazin\/?p=59294"},"modified":"2022-05-09T08:18:06","modified_gmt":"2022-05-09T06:18:06","slug":"vlasnici-pasa-uzvratili-zasto-ljudi-ne-ciste-izmet-za-svojom-djecom","status":"publish","type":"post","link":"https:\/\/www.mojevrijeme.hr\/magazin\/2022\/05\/vlasnici-pasa-uzvratili-zasto-ljudi-ne-ciste-izmet-za-svojom-djecom\/","title":{"rendered":"Vlasnici pasa uzvratili: &#8216;Za\u0161to ljudi ne \u010diste izmet za svojom djecom?&#8217;"},"content":{"rendered":"\n<p>Nakon vje\u010dnog sukoba u kojem oni koji nemaju pse optu\u017euju one koji ih imaju da ne kupe izmet svojih ljubimaca &nbsp;s javnih povr\u0161ina, na dru\u0161tvenoj mre\u017ei <a rel=\"noreferrer noopener\" href=\"https:\/\/www.reddit.com\/r\/croatia\/comments\/uk8j5r\/ja_%C4%8Distim_za_svojim_psom_za%C5%A1to_ljudi_ne_%C4%8Diste_za\/\" target=\"_blank\">Reddit<\/a> objavljena je jedna sasma druga\u010dija kritika. Naime, vlasnici pasa optu\u017eili su roditelje, djedove i bake &nbsp;&#8211; da dopu\u0161taju djeci obavljanje nu\u017ede na javnim povr\u0161inama i da ne kupe izmet za njima. <\/p>\n\n\n\n<p>Problem evidentno postoji, budu\u0107i da je znak zabrane obavljanja nu\u017ede svojevremeno bio postavljen i na jednom od najreprezentativnijih partera u Zagrebu &#8211; na travnjaku ispred Muzeja Mimara (vidi sliku). Upozoravamo, dio rasprave koju prenosimo nije za osjetljivije o\u010di.<\/p>\n\n\n\n<p>&#8220;U dje\u010djem parki\u0107u, na glavnom kolodvoru, na glavnom trgu ili nasumice na cesti, nekom ispred zgrade. Njihovom zlatu se prisere i onda oni bri\u017eno samo spuste hla\u010de i puste dijete da se posere to\u010dno tu di je bilo. Ako imaju obri\u0161u mu guzu vla\u017enom maramicom i onda i tu maramicu lijepo bace na govno i nastave zadovoljno dalje. I onda \u0107e ti ljudi biti prvi koji \u0107e se \u017ealit kako ljudi pu\u0161taju pse da ulaze u dje\u010dja igrali\u0161ta i sve zapi\u0161avaju i poseru. Ako ve\u0107 ne\u0107e\u0161 \u010distit za njim, a dijete ti nema kontrolu nad probavnim traktom vodi ga u peleni van i rije\u0161en problem&#8221;, stoji u po\u010detnoj objavi naslovljenoj &#8220;Ja \u010distim za svojim psom, za\u0161to ljudi ne \u010diste za svojim djetetom&#8221; koja je prikupila vi\u0161e od 150 komentara.<\/p><div id=\"mojev-2268691647\" class=\"mojev-u-tekstu mojev-entity-placement\" style=\"margin-left: auto;margin-right: auto;text-align: center;\"><div class=\"mojev-adlabel\">oglas<\/div><div style=\"height: 250px;\"><script async src=\"https:\/\/pagead2.googlesyndication.com\/pagead\/js\/adsbygoogle.js?client=ca-pub-8106111766207173\"\r\n     crossorigin=\"anonymous\"><\/script>\r\n<!-- Prikazni 1 u tekstu -->\r\n<ins class=\"adsbygoogle\"\r\n     style=\"display:block\"\r\n     data-ad-client=\"ca-pub-8106111766207173\"\r\n     data-ad-slot=\"8535551207\"\r\n     data-ad-format=\"auto\"\r\n     data-full-width-responsive=\"true\"><\/ins>\r\n<script>\r\n     (adsbygoogle = window.adsbygoogle || []).push({});\r\n<\/script><\/div><\/div><br style=\"clear: both; display: block; float: none;\"\/>\n\n\n\n<p>&#8220;\u017divim u Zagrebu i ovo je istina. Ne odnosi se samo na djecu nego na sve. Vlasnici ne skupljaju govna za svojim psima, to svi znaju, ali ovo za djecu je potpuno istina&#8221;, stoji u jednom odgovoru, dok drugi redditor ka\u017ee: &#8220;Za psima ljudi vise govna poberu nego za djecom. Bogme ako sam ikad vidio da je netko pokupio za svojim djetetom. Nije da pratim, al&#8217; ovo vi\u0111eno usput je sramotno.&#8221;<\/p>\n\n\n\n<p>&#8220;\u017divin kraj vrti\u0107a i jednom tjedno materesina neka stavi dite da se posere na parkingu (kraj auta) i ostavi to govno tako i ode. Ili promini pelenu ditetu na zadnjen sicu i pelenu ostavi na podu kraj auta&#8221;, napisala je jedna Spli\u0107anka.<\/p>\n\n\n\n<p>&#8220;Dirnuo si u osinje gnijezdo jer su ljudi jako osjetljivi na djecu pa cak i ovdje. Ne znam sta se i\u0161\u010du\u0111avate. &nbsp;Pa koliko djece obavi svoje negdje po parkovima u \u017ebunju i sli\u010dno&#8221;, dometnuo je korisnik iz Zagreba.<\/p>\n\n\n\n<p>\u010cini se da su i neki roditelji svjesni ovog problema. &#8220;Zato je moja baka uvijek nosila vre\u0107ice za zamrziva\u010d kad nas je \u010duvala vani. Fino naredi vre\u0107icu ispod dupeta, maramice u vre\u0107icu, zave\u017ee sve i baci u kantu. S djecom nikad ne zna\u0161, zato mora\u0161 biti uvijek pripremljen. Moji me nekad iznenade s ne\u010dim, al&#8217; se trudim imat vre\u0107icu za zamrziva\u010d gdje god da idem sada&#8221;, napisala je jedna majka. &#8220;Vidio sam da postoji povodac za djecu, al&#8217; da bi trebalo ponijeti i vre\u0107ice za govna &#8211; e tome se stvarno nisam nadao&#8221;, odgovorio joj je jedan komentator.<\/p>\n\n\n\n<p>&#8220;Djeca su problem roditelja ne ostalih ljudi. Pri\u010da nije o tome pas vs. dijete, nego govno je govno&#8221;, odgovorio je jedan sudionik onima koji misle da je ovakva rasprava uvreda za djecu, dok je velik dio redditora zaklju\u010dio kako problem obavljanja nu\u017ede na javnim povr\u0161inama ne treba ograni\u010davati na djecu, budu\u0107i da to obilno rade i odrasle osobe. <\/p>\n<div id=\"mojev-4155697045\" class=\"mojev-kraj-teksta mojev-entity-placement\" style=\"margin-bottom: 20px;margin-left: auto;margin-right: auto;text-align: center;\"><div class=\"mojev-adlabel\">oglas<\/div><div style=\"height: 250px;\"><script async src=\"https:\/\/pagead2.googlesyndication.com\/pagead\/js\/adsbygoogle.js?client=ca-pub-8106111766207173\"\r\n     crossorigin=\"anonymous\"><\/script>\r\n<!-- Display-1 -->\r\n<ins class=\"adsbygoogle\"\r\n     style=\"display:block\"\r\n     data-ad-client=\"ca-pub-8106111766207173\"\r\n     data-ad-slot=\"1465712950\"\r\n     data-ad-format=\"auto\"\r\n     data-full-width-responsive=\"true\"><\/ins>\r\n<script>\r\n     (adsbygoogle = window.adsbygoogle || []).push({});\r\n<\/script><\/div><\/div>","protected":false},"excerpt":{"rendered":"<p>O razmjerima ovog problema ukazali su korisnici Reddita iz cijele Hrvatske. Odba\u010dene pelene, hrpice izmeta i vla\u017ene maramice, slike su na koje nailaze u svojim gradovima.<\/p>\n","protected":false},"author":1,"featured_media":59296,"comment_status":"closed","ping_status":"closed","sticky":false,"template":"","format":"standard","meta":{"footnotes":""},"categories":[9],"tags":[453],"class_list":["post-59294","post","type-post","status-publish","format-standard","has-post-thumbnail","hentry","category-vijesti","tag-drustvene-mreze"],"_links":{"self":[{"href":"https:\/\/www.mojevrijeme.hr\/magazin\/wp-json\/wp\/v2\/posts\/59294","targetHints":{"allow":["GET"]}}],"collection":[{"href":"https:\/\/www.mojevrijeme.hr\/magazin\/wp-json\/wp\/v2\/posts"}],"about":[{"href":"https:\/\/www.mojevrijeme.hr\/magazin\/wp-json\/wp\/v2\/types\/post"}],"author":[{"embeddable":true,"href":"https:\/\/www.mojevrijeme.hr\/magazin\/wp-json\/wp\/v2\/users\/1"}],"replies":[{"embeddable":true,"href":"https:\/\/www.mojevrijeme.hr\/magazin\/wp-json\/wp\/v2\/comments?post=59294"}],"version-history":[{"count":0,"href":"https:\/\/www.mojevrijeme.hr\/magazin\/wp-json\/wp\/v2\/posts\/59294\/revisions"}],"wp:featuredmedia":[{"embeddable":true,"href":"https:\/\/www.mojevrijeme.hr\/magazin\/wp-json\/wp\/v2\/media\/59296"}],"wp:attachment":[{"href":"https:\/\/www.mojevrijeme.hr\/magazin\/wp-json\/wp\/v2\/media?parent=59294"}],"wp:term":[{"taxonomy":"category","embeddable":true,"href":"https:\/\/www.mojevrijeme.hr\/magazin\/wp-json\/wp\/v2\/categories?post=59294"},{"taxonomy":"post_tag","embeddable":true,"href":"https:\/\/www.mojevrijeme.hr\/magazin\/wp-json\/wp\/v2\/tags?post=59294"}],"curies":[{"name":"wp","href":"https:\/\/api.w.org\/{rel}","templated":true}]}}