{"id":59338,"date":"2022-05-11T09:40:51","date_gmt":"2022-05-11T07:40:51","guid":{"rendered":"https:\/\/www.mojevrijeme.hr\/magazin\/?p=59338"},"modified":"2022-05-11T09:41:20","modified_gmt":"2022-05-11T07:41:20","slug":"zaljubljeni-umirovljenici-marija-i-danijel-trcali-u-majicama-koje-su-odusevile-cijeli-zadar","status":"publish","type":"post","link":"https:\/\/www.mojevrijeme.hr\/magazin\/2022\/05\/zaljubljeni-umirovljenici-marija-i-danijel-trcali-u-majicama-koje-su-odusevile-cijeli-zadar\/","title":{"rendered":"Zaljubljeni umirovljenici Marija i Danijel tr\u010dali u majicama koje su odu\u0161evile cijeli Zadar"},"content":{"rendered":"\n<p>Rije\u010d je o globalnoj utrci koja se odr\u017eava s ciljem da se pomogne pronalasku lijeka za ozljede le\u0111ne mo\u017edine. Tako su zadarske ulice preplavile tisu\u0107e sudionika koji su stigli ne samo iz svih dijelova Lijepe na\u0161e, ve\u0107 i iz svijeta. <\/p>\n\n\n\n<p>Humanom cilju da tr\u010de za one koji to ne mogu, pridru\u017eili su se tako i gospo\u0111a <a href=\"https:\/\/www.mojevrijeme.hr\/magazin\/2022\/04\/gospoda-marija-77-covjek-je-ipak-mirniji-kad-mu-ima-tko-reci-dobro-jutro-i-laku-noc\/\" data-type=\"post\" data-id=\"58253\" target=\"_blank\" rel=\"noreferrer noopener\"><strong>Marija<\/strong> <strong>Bla\u017eur<\/strong><\/a>, koja ipak nije tr\u010dala cijelu dionicu, i nepokolebljiv gospodin<strong> <\/strong><a href=\"https:\/\/www.mojevrijeme.hr\/magazin\/2021\/11\/77-mu-je-godina-tek-umirovljenik-iz-zagreba-jos-trci-na-sljeme-i-natrag\/\" data-type=\"post\" data-id=\"53309\" target=\"_blank\" rel=\"noreferrer noopener\"><strong>Danijel<\/strong> <strong>Cessare<\/strong><\/a> koji je u 79. godini \u017eivota dionicu pretr\u010dao kao mladi\u0107. Poslao nam je fotografiju nakon odra\u0111enog devetog kilometra i ne mo\u017eemo re\u0107i da izgleda imalo klonulo! Ina\u010de, tr\u010dalo se ve\u0107 poznatom rutom uzdu\u017e Jadranske magistrale pa se Zadar mo\u017ee pohvaliti da je ovo jedina <em>Wings for Life World Run<\/em> utrka na kojoj se \u010ditavom rutom tr\u010di uz more.<\/p>\n\n\n\n<p>Bravo za ovaj nerazdvojni par koji ve\u0107 sedam godina, otkako su se upoznali kao udovci, pomi\u010de granice svojih sportskih i kreativnih dostignu\u0107a, a to ih \u010dini optimisti\u010dnima i upravo zaljubljenima u \u017eivot. Priznajmo, majice koje su nosili za ovu prigodu nenadma\u0161ne su i govore tisu\u0107u rije\u010di!<\/p><div id=\"mojev-507428399\" class=\"mojev-u-tekstu mojev-entity-placement\" style=\"margin-left: auto;margin-right: auto;text-align: center;\"><div class=\"mojev-adlabel\">oglas<\/div><div style=\"height: 250px;\"><script async src=\"https:\/\/pagead2.googlesyndication.com\/pagead\/js\/adsbygoogle.js?client=ca-pub-8106111766207173\"\r\n     crossorigin=\"anonymous\"><\/script>\r\n<!-- Prikazni 1 u tekstu -->\r\n<ins class=\"adsbygoogle\"\r\n     style=\"display:block\"\r\n     data-ad-client=\"ca-pub-8106111766207173\"\r\n     data-ad-slot=\"8535551207\"\r\n     data-ad-format=\"auto\"\r\n     data-full-width-responsive=\"true\"><\/ins>\r\n<script>\r\n     (adsbygoogle = window.adsbygoogle || []).push({});\r\n<\/script><\/div><\/div><br style=\"clear: both; display: block; float: none;\"\/>\n\n\n\n<figure class=\"wp-block-image size-large\"><img loading=\"lazy\" decoding=\"async\" width=\"740\" height=\"444\" src=\"https:\/\/www.mojevrijeme.hr\/magazin\/wp-content\/uploads\/2022\/05\/majice-par-740x444.jpg\" alt=\"\" class=\"wp-image-59372\" srcset=\"https:\/\/www.mojevrijeme.hr\/magazin\/wp-content\/uploads\/2022\/05\/majice-par-740x444.jpg 740w, https:\/\/www.mojevrijeme.hr\/magazin\/wp-content\/uploads\/2022\/05\/majice-par-636x382.jpg 636w, https:\/\/www.mojevrijeme.hr\/magazin\/wp-content\/uploads\/2022\/05\/majice-par-768x461.jpg 768w, https:\/\/www.mojevrijeme.hr\/magazin\/wp-content\/uploads\/2022\/05\/majice-par-1536x922.jpg 1536w, https:\/\/www.mojevrijeme.hr\/magazin\/wp-content\/uploads\/2022\/05\/majice-par-1500x900.jpg 1500w, https:\/\/www.mojevrijeme.hr\/magazin\/wp-content\/uploads\/2022\/05\/majice-par-1600x960.jpg 1600w, https:\/\/www.mojevrijeme.hr\/magazin\/wp-content\/uploads\/2022\/05\/majice-par-590x354.jpg 590w, https:\/\/www.mojevrijeme.hr\/magazin\/wp-content\/uploads\/2022\/05\/majice-par-400x240.jpg 400w, https:\/\/www.mojevrijeme.hr\/magazin\/wp-content\/uploads\/2022\/05\/majice-par-1000x600.jpg 1000w, https:\/\/www.mojevrijeme.hr\/magazin\/wp-content\/uploads\/2022\/05\/majice-par-820x492.jpg 820w, https:\/\/www.mojevrijeme.hr\/magazin\/wp-content\/uploads\/2022\/05\/majice-par-1080x648.jpg 1080w, https:\/\/www.mojevrijeme.hr\/magazin\/wp-content\/uploads\/2022\/05\/majice-par.jpg 2000w\" sizes=\"auto, (max-width: 740px) 100vw, 740px\" \/><figcaption>Danijel Cessare i Marija Bla\u017eur (foto: privatni album)<\/figcaption><\/figure>\n\n\n\n<figure class=\"wp-block-image size-large\"><img loading=\"lazy\" decoding=\"async\" width=\"740\" height=\"444\" src=\"https:\/\/www.mojevrijeme.hr\/magazin\/wp-content\/uploads\/2022\/05\/majice-740x444.jpg\" alt=\"\" class=\"wp-image-59370\" srcset=\"https:\/\/www.mojevrijeme.hr\/magazin\/wp-content\/uploads\/2022\/05\/majice-740x444.jpg 740w, https:\/\/www.mojevrijeme.hr\/magazin\/wp-content\/uploads\/2022\/05\/majice-636x382.jpg 636w, https:\/\/www.mojevrijeme.hr\/magazin\/wp-content\/uploads\/2022\/05\/majice-768x461.jpg 768w, https:\/\/www.mojevrijeme.hr\/magazin\/wp-content\/uploads\/2022\/05\/majice-1536x922.jpg 1536w, https:\/\/www.mojevrijeme.hr\/magazin\/wp-content\/uploads\/2022\/05\/majice-1500x900.jpg 1500w, https:\/\/www.mojevrijeme.hr\/magazin\/wp-content\/uploads\/2022\/05\/majice-1600x960.jpg 1600w, https:\/\/www.mojevrijeme.hr\/magazin\/wp-content\/uploads\/2022\/05\/majice-590x354.jpg 590w, https:\/\/www.mojevrijeme.hr\/magazin\/wp-content\/uploads\/2022\/05\/majice-400x240.jpg 400w, https:\/\/www.mojevrijeme.hr\/magazin\/wp-content\/uploads\/2022\/05\/majice-1000x600.jpg 1000w, https:\/\/www.mojevrijeme.hr\/magazin\/wp-content\/uploads\/2022\/05\/majice-820x492.jpg 820w, https:\/\/www.mojevrijeme.hr\/magazin\/wp-content\/uploads\/2022\/05\/majice-1080x648.jpg 1080w, https:\/\/www.mojevrijeme.hr\/magazin\/wp-content\/uploads\/2022\/05\/majice.jpg 2000w\" sizes=\"auto, (max-width: 740px) 100vw, 740px\" \/><figcaption>Danijel Cessare i Marija Bla\u017eur (foto: privatni album)<\/figcaption><\/figure>\n<div id=\"mojev-4017066358\" class=\"mojev-kraj-teksta mojev-entity-placement\" style=\"margin-bottom: 20px;margin-left: auto;margin-right: auto;text-align: center;\"><div class=\"mojev-adlabel\">oglas<\/div><div style=\"height: 250px;\"><script async src=\"https:\/\/pagead2.googlesyndication.com\/pagead\/js\/adsbygoogle.js?client=ca-pub-8106111766207173\"\r\n     crossorigin=\"anonymous\"><\/script>\r\n<!-- Display-1 -->\r\n<ins class=\"adsbygoogle\"\r\n     style=\"display:block\"\r\n     data-ad-client=\"ca-pub-8106111766207173\"\r\n     data-ad-slot=\"1465712950\"\r\n     data-ad-format=\"auto\"\r\n     data-full-width-responsive=\"true\"><\/ins>\r\n<script>\r\n     (adsbygoogle = window.adsbygoogle || []).push({});\r\n<\/script><\/div><\/div>","protected":false},"excerpt":{"rendered":"<p>Na\u0161i vjerni \u010ditatelji, dvoje sportski aktivnih umirovljenika koji gaje i nje\u017eno prijateljstvo &#8211; Marija Bla\u017eur (77) i Danijel Cessare (78) \u2013 na\u0161oj su redakciji poslali odli\u010dne fotografije s utrke Wings for Life World Run, na koju su u nedjelju iz svog Zagreba otputovali u Zadar.<\/p>\n","protected":false},"author":15,"featured_media":59371,"comment_status":"closed","ping_status":"closed","sticky":false,"template":"","format":"standard","meta":{"footnotes":""},"categories":[85],"tags":[3111,3110,283],"class_list":["post-59338","post","type-post","status-publish","format-standard","has-post-thumbnail","hentry","category-aktivno-starenje","tag-danijel-cessare","tag-marija-blazur","tag-sport"],"_links":{"self":[{"href":"https:\/\/www.mojevrijeme.hr\/magazin\/wp-json\/wp\/v2\/posts\/59338","targetHints":{"allow":["GET"]}}],"collection":[{"href":"https:\/\/www.mojevrijeme.hr\/magazin\/wp-json\/wp\/v2\/posts"}],"about":[{"href":"https:\/\/www.mojevrijeme.hr\/magazin\/wp-json\/wp\/v2\/types\/post"}],"author":[{"embeddable":true,"href":"https:\/\/www.mojevrijeme.hr\/magazin\/wp-json\/wp\/v2\/users\/15"}],"replies":[{"embeddable":true,"href":"https:\/\/www.mojevrijeme.hr\/magazin\/wp-json\/wp\/v2\/comments?post=59338"}],"version-history":[{"count":0,"href":"https:\/\/www.mojevrijeme.hr\/magazin\/wp-json\/wp\/v2\/posts\/59338\/revisions"}],"wp:featuredmedia":[{"embeddable":true,"href":"https:\/\/www.mojevrijeme.hr\/magazin\/wp-json\/wp\/v2\/media\/59371"}],"wp:attachment":[{"href":"https:\/\/www.mojevrijeme.hr\/magazin\/wp-json\/wp\/v2\/media?parent=59338"}],"wp:term":[{"taxonomy":"category","embeddable":true,"href":"https:\/\/www.mojevrijeme.hr\/magazin\/wp-json\/wp\/v2\/categories?post=59338"},{"taxonomy":"post_tag","embeddable":true,"href":"https:\/\/www.mojevrijeme.hr\/magazin\/wp-json\/wp\/v2\/tags?post=59338"}],"curies":[{"name":"wp","href":"https:\/\/api.w.org\/{rel}","templated":true}]}}