{"id":59403,"date":"2022-05-16T12:40:19","date_gmt":"2022-05-16T10:40:19","guid":{"rendered":"https:\/\/www.mojevrijeme.hr\/magazin\/?p=59403"},"modified":"2023-05-14T13:06:23","modified_gmt":"2023-05-14T11:06:23","slug":"gospodi-nadi-je-teska-jedino-samoca-u-kucerku","status":"publish","type":"post","link":"https:\/\/www.mojevrijeme.hr\/magazin\/2022\/05\/gospodi-nadi-je-teska-jedino-samoca-u-kucerku\/","title":{"rendered":"Gospo\u0111i Nadi je te\u0161ka jedino samo\u0107a u ku\u0107erku"},"content":{"rendered":"\n<p>&#8220;Ma kakva gospo\u0111a. Ja sam vam sna\u0161a sa savskog sala\u0161a (smijeh). Jel mo\u017eemo odmah na ti? Nekako smo si onda bli\u017ei. Kad smo na vi, daleko smo&#8221;. Srda\u010dan do\u010dek nam je u tro\u0161nom ku\u0107erku na zagreba\u010dkom Bizeku priredila umirovljenica rodom iz Br\u010dkog <strong>Nada Katona <\/strong>(78). Posjetili smo je u dru\u0161tvu volonterke Kapi dobrote <strong>Vesne Grimani \u0160paravec<\/strong> (63),<strong> <\/strong>njene Kovr\u010dave kako voli re\u0107i. <\/p>\n\n\n\n<p>Odmah s praga razvila se \u017eivahna pri\u010da. Doma\u0107icu smo zatekle u pripremi ru\u010dka. Lon\u010di\u0107 o\u010di\u0161\u0107enih \u0161ampinjona s glavicom luka spreman je za kuhanje. Na plinskom kuhalu ili pe\u0107i na drva jo\u0161 \u0107e vidjeti. Prolje\u0107e se ve\u0107 razigralo s temperaturama, vani je bilo sun\u010danih 25 stupnjeva, no drva u kanti kraj pe\u0107i stoje i dalje. Plin je poskupio, s potpalom se ne\u0161to novca ipak u\u0161tedi.<\/p>\n\n\n\n<h3 class=\"wp-block-heading\">Kuhinja i boravak u par skromnih kvadrata<\/h3>\n\n\n\n<p>U prostoriji koja je i kuhinja i dnevni boravak gospo\u0111a Nada provodi svoje dane. Prije nego smo stigli, nakratko je tek uz pomo\u0107 \u0161take iza\u0161la ispred ulaza objesiti opranu robu. Neke ve\u0107e stvari poput pokriva\u010da pomognu joj rije\u0161iti iz spomenute udruge u njihovom ve\u0161eraju ili usko\u010de iz Caritasa. Stara perilica vi\u0161e ne slu\u017ei svrsi pa na njoj stoji televizor. Upali ga Nada \u010dim ustane ujutro prije \u0161est sati, onako po navici iz vremena kad je zorom odlazila na posao. Po istom rasporedu svakoga dana gasi ga prije po\u010dinka, nakon dnevnika. Vijesti, doma\u0107e i turske serije prati onako usput, vi\u0161e da joj pro\u0111e vrijeme i razbije ti\u0161inu i misli u kojima vrti sama\u010dke dane.<\/p><div id=\"mojev-1897967701\" class=\"mojev-u-tekstu mojev-entity-placement\" style=\"margin-left: auto;margin-right: auto;text-align: center;\"><div class=\"mojev-adlabel\">oglas<\/div><div style=\"height: 250px;\"><script async src=\"https:\/\/pagead2.googlesyndication.com\/pagead\/js\/adsbygoogle.js?client=ca-pub-8106111766207173\"\r\n     crossorigin=\"anonymous\"><\/script>\r\n<!-- Prikazni 1 u tekstu -->\r\n<ins class=\"adsbygoogle\"\r\n     style=\"display:block\"\r\n     data-ad-client=\"ca-pub-8106111766207173\"\r\n     data-ad-slot=\"8535551207\"\r\n     data-ad-format=\"auto\"\r\n     data-full-width-responsive=\"true\"><\/ins>\r\n<script>\r\n     (adsbygoogle = window.adsbygoogle || []).push({});\r\n<\/script><\/div><\/div><br style=\"clear: both; display: block; float: none;\"\/>\n\n\n\n<h3 class=\"wp-block-heading\">U tro\u0161noj ku\u0107i vrijeme kao da je stalo<\/h3>\n\n\n\n<p>Vrijeme na\u0161oj sugovornici prolazi jo\u0161 sporije otkako je prije dvije godine ostala bez sina. Preminuo je s 54 godine, pokopan je na Markovom polju i da joj nije prijevoza u humanitarnom aran\u017emanu, ni na grob mu ne bi mogla. Daleko je sesvetsko Prigorje od Bizeka. S bolnim nogama gospo\u0111a Nada jedva da pro\u0161eta malo i u dvori\u0161te, kamoli negdje dalje. Namirnice i potrep\u0161tine nabave joj i donesu tako\u0111er iz udruge. Prisko\u010de i oko drugih potreba, pa su joj zimus de\u010dki popravili dimnjak da se mo\u017ee normalno grijati. I bez straha, s obzirom na stare instalacije u tro\u0161noj drvenoj ku\u0107ici kakvih se jo\u0161 uvijek na\u0111e pored silnih novogradnji u Podsljemenu. Voda iz slavine nije za pi\u0107e, pa ju obavezno mora prethodno prokuhati.<\/p>\n\n\n\n<h3 class=\"wp-block-heading\">Tu\u017ena obiteljska pri\u010da<\/h3>\n\n\n\n<p>Gospo\u0111a Nada preselila je u Zagreb prije nekih desetak godina, ka\u017ee. Mo\u017eda i ne\u0161to vi\u0161e, ne mo\u017ee se posve to\u010dno sjetiti. Sin \u017deljko je ovdje \u017eivio sa svojom familijom, suprugom i k\u0107erkicom, a ona sama u Br\u010dkom pa je pitala mo\u017ee li k njima. On je rekao da nema problema, me\u0111utim ne i njegova dru\u017eica koja je tada oti\u0161la s djetetom. &#8220;Unuka je sad ve\u0107 velika, tko zna, mo\u017eda je i udana. Nikad poslije nisu do\u0161le da me obi\u0111u. Kad je \u017deljko umro, ni na sprovod mu nisu do\u0161le. Tu\u017eno, \u0161ta da drugo ka\u017eem.&#8221;<\/p>\n\n\n\n<figure class=\"wp-block-image size-large\"><img loading=\"lazy\" decoding=\"async\" width=\"740\" height=\"444\" src=\"https:\/\/www.mojevrijeme.hr\/magazin\/wp-content\/uploads\/2022\/05\/nada-volonterka-740x444.jpg\" alt=\"\" class=\"wp-image-59594\" srcset=\"https:\/\/www.mojevrijeme.hr\/magazin\/wp-content\/uploads\/2022\/05\/nada-volonterka-740x444.jpg 740w, https:\/\/www.mojevrijeme.hr\/magazin\/wp-content\/uploads\/2022\/05\/nada-volonterka-636x382.jpg 636w, https:\/\/www.mojevrijeme.hr\/magazin\/wp-content\/uploads\/2022\/05\/nada-volonterka-768x461.jpg 768w, https:\/\/www.mojevrijeme.hr\/magazin\/wp-content\/uploads\/2022\/05\/nada-volonterka-1536x922.jpg 1536w, https:\/\/www.mojevrijeme.hr\/magazin\/wp-content\/uploads\/2022\/05\/nada-volonterka-1500x900.jpg 1500w, https:\/\/www.mojevrijeme.hr\/magazin\/wp-content\/uploads\/2022\/05\/nada-volonterka-1600x960.jpg 1600w, https:\/\/www.mojevrijeme.hr\/magazin\/wp-content\/uploads\/2022\/05\/nada-volonterka-590x354.jpg 590w, https:\/\/www.mojevrijeme.hr\/magazin\/wp-content\/uploads\/2022\/05\/nada-volonterka-400x240.jpg 400w, https:\/\/www.mojevrijeme.hr\/magazin\/wp-content\/uploads\/2022\/05\/nada-volonterka-1000x600.jpg 1000w, https:\/\/www.mojevrijeme.hr\/magazin\/wp-content\/uploads\/2022\/05\/nada-volonterka-820x492.jpg 820w, https:\/\/www.mojevrijeme.hr\/magazin\/wp-content\/uploads\/2022\/05\/nada-volonterka-1080x648.jpg 1080w, https:\/\/www.mojevrijeme.hr\/magazin\/wp-content\/uploads\/2022\/05\/nada-volonterka.jpg 2000w\" sizes=\"auto, (max-width: 740px) 100vw, 740px\" \/><figcaption>Nada Katona i volonterka Vesna Grimani \u0160paravec (foto: Sandro Bura)<\/figcaption><\/figure>\n\n\n\n<p>Pokojni sin po zanimanju je bio tesar i zidar, ali nakon rata u BiH te\u0161ko se snalazio poslije skidanja uniforme. Obitelj se snalazila uz socijalnu pomo\u0107. &#8220;Mislim da je bio u HVO, ima tu negdje papire. Znao je pri\u010dati \u2018Mama, tamo di sam bio je samo kamenje, nema \u017eive du\u0161e\u2019. Hranu su im na rati\u0161te bacali iz aviona, nisu imali \u0111e sletiti. Moj \u017deljko je bio 1966. godi\u0161te.&#8221;<\/p>\n\n\n\n<h3 class=\"wp-block-heading\">Poku\u0161avala kontaktirati k\u0107erku, ali uzalud<\/h3>\n\n\n\n<p>Vidno \u017ealosna na\u0161a sugovornica se dotakla i drugog djeteta.&nbsp; &#8220;Imam k\u0107erku koja mi se ne javlja. Kad je do\u0161la jednom k nama jer ju je sin ne\u0161to trebao, pri\u010dala je samo s njim. Dobro, neka je. Ja se ne ljutim, moja je krv. Ali samo da mi se &#8216;o\u0107e javiti, da &#8216;o\u0107e do\u0107i. Da ka\u017eem: &#8216;Snje\u017eana sine, ho\u0107e\u0161 bit sa mnom? Ho\u0107e\u0161 me primiti? Vidi, te\u0161ko mogu na noge. Par puta sam pala, tu kod \u0161poreta i dole na beton. I svaki put na koljena. Samo mi se u glavi zamanta.'&#8221;<\/p>\n\n\n\n<p>Poku\u0161ala je gospo\u0111a Nada uz pomo\u0107 udruge zadnje dvije godine prona\u0107i k\u0107erku. Nije uspjela, pa mo\u017ee samo naga\u0111ati \u017eivi li mo\u017eda danas u Somboru, Subotici ili Beogradu. Nakon toliko vremena samo\u0107e i razdvojenosti, pomalo je digla ruke. Pa nekako ponosno, a opet \u017ealosna dodaje &#8211; da je tra\u017ei, ne \u017eeli.&nbsp;&#8220;Ne\u0107e ona mene, ne\u0107u ni ja nju. To \u0161to imam sirotinje, imam kome ostaviti. Eto, imam i Vesnu svoju, imam svog Marijana i dobro. On mi poma\u017ee otkako je sin umro. Tad je do\u0161ao pokre\u010diti onu tamo sobu i nastavio dolaziti. Nacijepa i unese drva, donese mi hranu, pla\u0107a ra\u010dune, na groblje me vozi. \u0110e god treba. K\u2019o sin mi je.&#8221;<\/p>\n\n\n\n<h3 class=\"wp-block-heading\">Najve\u0107a \u017eelja pokojnom sinu napraviti spomen<\/h3>\n\n\n\n<p>Zadnje dvije godine gospo\u0111a Nada \u017eivi s oko 2.000 kuna mirovine od pokojnoga sina. Ka\u017ee, gladna nije i ima dovoljno da pokrije re\u017eije. Jedino ju mu\u010di \u0161to nema malo vi\u0161e pa da stavi sa strane i uspije ostvariti najve\u0107u \u017eelju, spomen na njenog \u017deljka. &#8220;Kad bi mu mogla kri\u017e napraviti, onaj od betona, to bi samo htjela. Ali na\u017ealost ne mogu.&#8221;<\/p>\n\n\n\n<h3 class=\"wp-block-heading\">Prkosna duha ne pomi\u0161lja na odlazak u dom&nbsp;&nbsp;&nbsp;&nbsp;<\/h3>\n\n\n\n<p>Svojedobno je na\u0161a sugovornica operirala \u017eu\u010dni kamenac, a pored slabih koljena ima i povi\u0161en tlak pa bi joj pomo\u0107 u ku\u0107i dobro do\u0161la. No, kako u \u0161ali otkriva gospo\u0111a Vesna, njena je Nada tvrdoglava duha pa ju ne uspijevaju nagovoriti da ode k lije\u010dniku i ishodi potrebnu dokumentaciju. Smije se na to na\u0161a doma\u0107ica i potvr\u0111uje jasno i glasno: &#8220;E jeste, tvrdoglava sam Bosanka!&#8221;<\/p>\n\n\n\n<p>Majka gospo\u0111e Nade preminula je \u010detiri godine prije po\u010detka rata u BiH. Sa 88-godi\u0161njim ocem ona je, ka\u017ee, bila zato\u010dena u selu Brezovo Polje s drugim \u017eenama, djecom i starcima. Odatle su velikosrpske snage od svibnja do srpnja 1992. stotine vojno sposobnih Muslimana i Hrvata odvele i zatvorile u logor Luka.<\/p>\n\n\n\n<h3 class=\"wp-block-heading\">Pamti dobro banjalu\u010dki potres, onaj zagreba\u010dki je prespavala <\/h3>\n\n\n\n<p>Do rata je radila kao \u0161najderica u tvornici Mladost u Br\u010dkom. Imala je zavr\u0161enu samo osmogodi\u0161nju \u0161kolu, a svoj je posao brzo zavoljela.<\/p>\n\n\n\n<p>&#8220;\u0160ila sam na specijalkama. Tako smo zvali ma\u0161ine koje otvaraju rupice i pre\u0161ivaju dugmad. Firma je bila odmah kraj Save, uz \u0161umu, bilo je lijepo. Sje\u0107am se kad je bio onaj zemljotres u Banja Luci. Joj, kad su ma\u0161ine po\u010dele skakati, pa smjenovo\u0111a po\u010deo vikat: Bje\u017e\u2019te napolje! I svi navalili odjednom na prozore i vrata, nemo\u0161 iza\u0107\u2019. A on jadan, dobar \u010dovjek, poku\u0161ava neki red napravit\u2019. Sjurili smo se u dvori\u0161te, a pod nama sve podrhtava. Kad je pak bio ovaj veliki u Zagrebu, ja spavala. Pojma nisam imala. Imam tvrd san, k&#8217;o top, i jo\u0161 sam izvadila aparate pa ni\u0161ta ne \u010dujem (smijeh).&#8221;<\/p>\n\n\n\n<p>Kad su joj djeca bila mala gospo\u0111a Nada je \u010desto odlazila maj\u010dinoj sestri u Vukovar koja je \u017eivjela sama. K\u0107i je ondje zavr\u0161ila i \u0161kolu. No familija je izgubila kontakt s tetom nakon pada grada. Jedino \u0161to su, ka\u017ee, uspjeli saznati jest da je starica uspjela iza\u0107i u proboju, no to im je bila zadnja informacija. S biv\u0161im suprugom, pak, Nada se razi\u0161la puno ranije. Imali su stan u Br\u010dkom, a kad je preselila sestri u Gunju, to su prodali i nije se imala gdje vratiti. U ku\u0107ici na zagreba\u010dkoj adresi prije nje i sina stanovao je ne\u0107ak. On je nakon preseljenja u okolicu prestao dolaziti.<\/p>\n\n\n\n<p>Bez obzira na naru\u0161eno zdravlje, sama\u010dki \u017eivot, silnu osamljenost dok joj ne do\u0111u Marijan i Vesna, na\u0161a sugovornica o odlasku u dom za starije osobe ne \u017eeli ni pomi\u0161ljati.&nbsp;<\/p>\n\n\n\n<figure class=\"wp-block-image size-large\"><img loading=\"lazy\" decoding=\"async\" width=\"740\" height=\"444\" src=\"https:\/\/www.mojevrijeme.hr\/magazin\/wp-content\/uploads\/2022\/05\/nada-vesna-740x444.jpg\" alt=\"\" class=\"wp-image-59595\" srcset=\"https:\/\/www.mojevrijeme.hr\/magazin\/wp-content\/uploads\/2022\/05\/nada-vesna-740x444.jpg 740w, https:\/\/www.mojevrijeme.hr\/magazin\/wp-content\/uploads\/2022\/05\/nada-vesna-636x382.jpg 636w, https:\/\/www.mojevrijeme.hr\/magazin\/wp-content\/uploads\/2022\/05\/nada-vesna-768x461.jpg 768w, https:\/\/www.mojevrijeme.hr\/magazin\/wp-content\/uploads\/2022\/05\/nada-vesna-1536x922.jpg 1536w, https:\/\/www.mojevrijeme.hr\/magazin\/wp-content\/uploads\/2022\/05\/nada-vesna-1500x900.jpg 1500w, https:\/\/www.mojevrijeme.hr\/magazin\/wp-content\/uploads\/2022\/05\/nada-vesna-1600x960.jpg 1600w, https:\/\/www.mojevrijeme.hr\/magazin\/wp-content\/uploads\/2022\/05\/nada-vesna-590x354.jpg 590w, https:\/\/www.mojevrijeme.hr\/magazin\/wp-content\/uploads\/2022\/05\/nada-vesna-400x240.jpg 400w, https:\/\/www.mojevrijeme.hr\/magazin\/wp-content\/uploads\/2022\/05\/nada-vesna-1000x600.jpg 1000w, https:\/\/www.mojevrijeme.hr\/magazin\/wp-content\/uploads\/2022\/05\/nada-vesna-820x492.jpg 820w, https:\/\/www.mojevrijeme.hr\/magazin\/wp-content\/uploads\/2022\/05\/nada-vesna-1080x648.jpg 1080w, https:\/\/www.mojevrijeme.hr\/magazin\/wp-content\/uploads\/2022\/05\/nada-vesna.jpg 2000w\" sizes=\"auto, (max-width: 740px) 100vw, 740px\" \/><figcaption>Nada Katona i volonterka Vesna Grimani \u0160paravec (foto: Sandro Bura)<\/figcaption><\/figure>\n\n\n\n<p>&#8220;U dom ne idem, nema \u0161anse! Ja volim kuhat\u2019 kako meni pa\u0161e. A da mi netko posebno priprema, ne treba. Napravim si one \u0161tapi\u0107e, pomfrit i ja se najedem. Eto, volim ovo svoje. Jel mo\u017eda malo prljavo, nek&#8217; je. Neka stoji, kad mognem ja \u0107u o\u010distit\u2019. Televizor mi tu trabunja cijeli dan. Onako, da nisam sama. Imam ma\u010dku, \u017du\u0107ku svoju, pa me zabavlja. A no\u0107u \u010desto idem na wc. Pa ne mogu svako malo buditi nekoga da mi pomogne. Tu se snalazim nekako sama, stavim pelenu.&#8221;<\/p>\n\n\n\n<p>Dodaje jo\u0161 gospo\u0111a Nada da pomirena tako sjedi i \u017eivi u ku\u0107i i \u010deka svoju Kovr\u010davu i &#8220;drugog&#8221; sina. Nadovezuje se odmah gospo\u0111a Vesna da se u \u017eenskim razgovorima znaju na\u0161aliti i o eventualnom &#8220;\u0111edu&#8221; s kojim bi Nada podijelila samo\u0107u i stare dane. Ali ne da se na\u0161a doma\u0107ica na ru\u017ei\u010dasti led pa kroz smijeh odmahuje na sve rukom. &#8220;Nitko ne\u0107e ovake hangave-bangave. Prije nego smo \u017deljko i ja do\u0161li u ovaj dio Zagreba, &#8216;odala sam na pijacu autobusom. I jedan je tako sve za mnom hodao, govorio dat \u0107e mi para, ma \u0161ta god &#8216;o\u0107u samo da se udam za njega. A ja rek&#8217;o \u2018Ma daj \u0111ede, otka\u010di me se, \u010dovje\u010de! Rek\u2019o imam dijete kojeg je \u017eena ostavila. I sad da se ja udam, a on nije o\u017eenjen. Pa \u0161ta \u0107e mi re\u0107&#8217; nego &#8216;Mama, u tebe u glavi nije sve \u010disto.&#8221; Davno su mene pro\u0161le te budala\u0161tine. Ali da ima netko stariji ovako k&#8217;o i ja, da se mo\u017ee sam poslu\u017eiti po ku\u0107i po\u0161to ja ne mogu, to da. Da budemo skupa, da imam s kim pri\u010dati. Drugo imam, ne treba mi. Moj otac je znao re\u0107i da dok ima\u0161 hljeba i soli ne\u0161\u2019 bit nikad gladna. I toga se pridr\u017eavam.&#8221;<\/p>\n\n\n\n<h3 class=\"wp-block-heading\">&#8220;Samo ljubavi&#8221;<\/h3>\n\n\n\n<p>Rije\u010d po rije\u010d, s pokojom suzom i mnogo smijeha jo\u0161 jedno dru\u017eenje gospo\u0111a Nade i Vesne bli\u017eilo se kraju. Potonja u Kapi dobrote volontira ve\u0107 devet godina. Tako nekako Bog poslo\u017ei, veli, i dodaje da je stalno pratila patera Antuna Cveka u njegovom radu. Me\u0111utim, o\u010dito je trebalo sazrijeti vrijeme da i ona aktivno krene istim humanitarnim putem. S obzirom da ona do mirovine ima jo\u0161 nekoliko godina, sa zubarskim poslom kombinira odlaske na teren gdje obilazi nekoliko korisnika sa sli\u010dnim \u017eivotnim okolnostima.<\/p>\n\n\n\n<p>&#8220;Dolazim Nadi ve\u0107 nekih dvije godine. S njom sam se nekako posebno povezala, jel tako. Uvijek imamo ne\u0161to za pri\u010dati. Nas dvije se vi\u0111amo redovito jednom tjedno. Kad joj ne\u0161to treba, preko udruge organiziramo pomo\u0107. Kak&#8217; smo krenuli, potrebe su sve ve\u0107e pa se to u hodu rje\u0161ava. Svaki put kad idem pitam ju \u0161ta ti treba. A Nada veli, ni\u0161ta, samo ljubavi. I tako me uvijek isprati.&#8221;<\/p>\n\n\n\n<p>Prije odlaska pao je i dogovor da bi ovih dana netko iz udruge trebao svratiti Nadi zbog ko\u0161nje trave u dvori\u0161tu. Ona se, pak, nada i dalje \u0161irokom srcu vlasnika ku\u0107erka kojeg im je onomad ustupio uz minimalnu naknadu. Lani je, naime, stiglo rje\u0161enje s dozvolom za ru\u0161enje objekta. Ako vlasnik iznenada odlu\u010di to provesti u djelo, ona nema kuda. U dom ne \u017eeli ni pod razno, eventualno u neku sobicu u ovom dijelu grada za \u0161to bi mogla odvojiti dio skromnih stara\u010dkih primanja.<\/p>\n\n\n\n<div id=\"blokovi\"><img decoding=\"async\" src=\"https:\/\/www.mojevrijeme.hr\/magazin\/wp-content\/uploads\/2020\/09\/esf-lenta.jpg\">\nOvaj prilog objavljen je u sklopu projekta \u201cNovo vrijeme\u201d. Projekt je sufinancirala\nEuropska unija sredstvima Europskog socijalnog fonda. Sadr\u017eaj priloga isklju\u010diva\nje odgovornost Udruge Ho\u0107u stranicu.<\/div>\n<div id=\"mojev-3321977878\" class=\"mojev-kraj-teksta mojev-entity-placement\" style=\"margin-bottom: 20px;margin-left: auto;margin-right: auto;text-align: center;\"><div class=\"mojev-adlabel\">oglas<\/div><div style=\"height: 250px;\"><script async src=\"https:\/\/pagead2.googlesyndication.com\/pagead\/js\/adsbygoogle.js?client=ca-pub-8106111766207173\"\r\n     crossorigin=\"anonymous\"><\/script>\r\n<!-- Display-1 -->\r\n<ins class=\"adsbygoogle\"\r\n     style=\"display:block\"\r\n     data-ad-client=\"ca-pub-8106111766207173\"\r\n     data-ad-slot=\"1465712950\"\r\n     data-ad-format=\"auto\"\r\n     data-full-width-responsive=\"true\"><\/ins>\r\n<script>\r\n     (adsbygoogle = window.adsbygoogle || []).push({});\r\n<\/script><\/div><\/div>","protected":false},"excerpt":{"rendered":"<p>Kao u onom poznatom \u0161lageru i gospo\u0111i Nadi &#8216;za sri\u0107u malo triba&#8217;. Osim sladoleda kojeg obo\u017eava i televizijskog programa za razbijanje samotne ti\u0161ine, najvi\u0161e je raduje nekoliko dobrih ljudi koji ju redovito obilaze i uljep\u0161aju joj tjedan. Skromni uvjeti u kojima \u017eivi na zapadnim obroncima Zagreba, tek par brda udaljena od Markova trga, mnoge bi shrvali. Ona se, me\u0111utim, nevoljama radije nasmije i pomirena sa \u017eivotom polako gura dalje.<\/p>\n","protected":false},"author":12,"featured_media":59592,"comment_status":"closed","ping_status":"closed","sticky":false,"template":"","format":"standard","meta":{"footnotes":""},"categories":[2],"tags":[2339,237,2782,39],"class_list":["post-59403","post","type-post","status-publish","format-standard","has-post-thumbnail","hentry","category-mozaik","tag-novo-vrijeme","tag-siromastvo","tag-socijalna-iskljucenost","tag-zagreb"],"_links":{"self":[{"href":"https:\/\/www.mojevrijeme.hr\/magazin\/wp-json\/wp\/v2\/posts\/59403","targetHints":{"allow":["GET"]}}],"collection":[{"href":"https:\/\/www.mojevrijeme.hr\/magazin\/wp-json\/wp\/v2\/posts"}],"about":[{"href":"https:\/\/www.mojevrijeme.hr\/magazin\/wp-json\/wp\/v2\/types\/post"}],"author":[{"embeddable":true,"href":"https:\/\/www.mojevrijeme.hr\/magazin\/wp-json\/wp\/v2\/users\/12"}],"replies":[{"embeddable":true,"href":"https:\/\/www.mojevrijeme.hr\/magazin\/wp-json\/wp\/v2\/comments?post=59403"}],"version-history":[{"count":0,"href":"https:\/\/www.mojevrijeme.hr\/magazin\/wp-json\/wp\/v2\/posts\/59403\/revisions"}],"wp:featuredmedia":[{"embeddable":true,"href":"https:\/\/www.mojevrijeme.hr\/magazin\/wp-json\/wp\/v2\/media\/59592"}],"wp:attachment":[{"href":"https:\/\/www.mojevrijeme.hr\/magazin\/wp-json\/wp\/v2\/media?parent=59403"}],"wp:term":[{"taxonomy":"category","embeddable":true,"href":"https:\/\/www.mojevrijeme.hr\/magazin\/wp-json\/wp\/v2\/categories?post=59403"},{"taxonomy":"post_tag","embeddable":true,"href":"https:\/\/www.mojevrijeme.hr\/magazin\/wp-json\/wp\/v2\/tags?post=59403"}],"curies":[{"name":"wp","href":"https:\/\/api.w.org\/{rel}","templated":true}]}}