{"id":59867,"date":"2022-05-26T17:06:58","date_gmt":"2022-05-26T15:06:58","guid":{"rendered":"https:\/\/www.mojevrijeme.hr\/magazin\/?p=59867"},"modified":"2022-05-27T07:40:45","modified_gmt":"2022-05-27T05:40:45","slug":"zbog-visokog-upravnog-suda-hrvati-zive-u-strahu-od-najezde-skakavaca-sotonista-i-nestanka-svijeta","status":"publish","type":"post","link":"https:\/\/www.mojevrijeme.hr\/magazin\/2022\/05\/zbog-visokog-upravnog-suda-hrvati-zive-u-strahu-od-najezde-skakavaca-sotonista-i-nestanka-svijeta\/","title":{"rendered":"Zbog Visokog upravnog suda Hrvati \u017eive u strahu od najezde skakavaca, sotonista i nestanka svijeta"},"content":{"rendered":"\n<p>Partneri istoga spola mogu, ba\u0161 kao i heteroseksualni partneri, ravnopravno pristupiti posvajanju djece i pritom ih se ne smije diskriminirati prema spolnoj orijentaciji. Odlu\u010dio je tako presudom Visoki upravni sud, a na \u017ealbu Ministarstva obitelji u slu\u010daju Ive \u0160egote i Mladena Ko\u017ei\u0107a koji su prije \u0161est godina odlu\u010dili posvojiti dijete, no na put im je stao Centar za socijalnu skrb, a potom i Ministarstvo.<\/p>\n\n\n\n<p>Visoki upravni sud je presudio u korist \u0160egote i Ko\u017ei\u0107a, na \u0161to je Ministarstvo ulo\u017eilo \u017ealbu i to bezuspje\u0161no. &#8220;Na\u0161ih \u0161est godina nije ni\u0161ta naspram \u0161est godina \u017eivota djece koju smo ve\u0107 tada mogli posvojiti. Djece koja nisu imala \u017eivotne \u0161anse kakve smo imali mi u na\u0161em odrastanju. \u0160est izgubljenih godina te djece ide na du\u0161u politici koja je uime obrane tzv. tradicionalnih vrijednosti bila spremna gaziti pravo na obitelj djeci koje je dru\u0161tvo zaboravilo&#8221;, poru\u010duju \u0160egota i Ko\u017ei\u0107 koji su u me\u0111uvremenu udomili dvoje djece s posebnim potrebama. Sada im je otvoren put da ih i slu\u017ebeno posvoje.<\/p>\n\n\n\n<p>O\u010dekivano, reakcije na ovu vijest raznovrsne su i brojne. No najzanimljivije su one pisane iz religijsko-kataklizmi\u010dkog ugla koje predvi\u0111aju da \u0107e zbog \u010dinjenice da \u0107e dvoje napu\u0161tene djece mo\u017eda i slu\u017ebeno dobiti roditelje \u2013 propasti svijet.<\/p><div id=\"mojev-1908112474\" class=\"mojev-u-tekstu mojev-entity-placement\" style=\"margin-left: auto;margin-right: auto;text-align: center;\"><div class=\"mojev-adlabel\">oglas<\/div><div style=\"height: 250px;\"><script async src=\"https:\/\/pagead2.googlesyndication.com\/pagead\/js\/adsbygoogle.js?client=ca-pub-8106111766207173\"\r\n     crossorigin=\"anonymous\"><\/script>\r\n<!-- Prikazni 1 u tekstu -->\r\n<ins class=\"adsbygoogle\"\r\n     style=\"display:block\"\r\n     data-ad-client=\"ca-pub-8106111766207173\"\r\n     data-ad-slot=\"8535551207\"\r\n     data-ad-format=\"auto\"\r\n     data-full-width-responsive=\"true\"><\/ins>\r\n<script>\r\n     (adsbygoogle = window.adsbygoogle || []).push({});\r\n<\/script><\/div><\/div><br style=\"clear: both; display: block; float: none;\"\/>\n\n\n\n<h3 class=\"wp-block-heading\">\u017divot na planeti je ugro\u017een<\/h3>\n\n\n\n<p>&#8220;Sve \u0161ta je u suprotnosti sa prirodnim zakonitostima kozmosa protivno je samom kozmosu. Srljamo prema razaranju \u017eivota na na\u0161oj planeti&#8221;, napisao je na Facebooku svoje kataklizmi\u010dko proro\u010danstvo Stipo iz Tugara ne navode\u0107i je li se osobno anga\u017eirao oko posvojenja nekog djeteta kako bi spasio \u017eivot na planetu.<\/p>\n\n\n\n<h3 class=\"wp-block-heading\">Srljamo u propast!<\/h3>\n\n\n\n<p>Vlatko iz Samobora pak strahuje da \u0107e istospolni posvojiteljski parovi razoriti civilizaciju pa nudi lekciju iz povijesti. &#8220;Veliko Rimsko carstvo, Bizant i jo\u0161 druga propala su upravo zbog protuprirodnog na\u010dina \u017eivota. Zaboravlja se da osim materijalnog postoji i duhovna strana \u017eivota, a ona se ubija ovakvim hedonisti\u010dkim na\u010dinom \u017eivota. \u010covje\u010danstvo \u0107e samo sebe uni\u0161titi&#8221;, natipkao je Vlatko svoje mi\u0161ljenje prema kojem je posvojiteljstvo \u010din hedonizma i znak neduhovnosti.<\/p>\n\n\n\n<h3 class=\"wp-block-heading\">Prokletstvo s neba!<\/h3>\n\n\n\n<p>&#8220;Ne \u0161alje nam gospodin Bog uzalud majmunje boginje \u0161ta proklinju homoseksualce. Za ovo smo svi odgovorni, nakon potresa do\u0107i \u0107e nam skakavci i glad. Nitko se spasiti ne\u0107e&#8221;, analizirao je entomolo\u0161ki osvije\u0161teni Igor iz Udbine ne obja\u0161njavaju\u0107i koga to bog proklinje ostalim bolestima.<\/p>\n\n\n\n<h3 class=\"wp-block-heading\">Sotonizam ulazi na velika vrata<\/h3>\n\n\n\n<p>&#8220;Tonemo sve vi\u0161e u bezna\u0111e izopa\u010denosti i kalju\u017eu nastranosti! Jadna dje\u010dica koja su protiv svoje volje, prisiljena \u017eivjeti u takvim neprirodnim zajednicama i gledati svakodnevno taj legalni sotonizam&#8221;, mi\u0161ljenje je Damira iz Zagreba koji o\u010dito smatra da djeca u domovima \u017eive u skladu s vlastitom voljom i odabirom.<\/p>\n\n\n\n<h3 class=\"wp-block-heading\">Bo\u017ee, \u010duvaj Hrvatsku!<\/h3>\n\n\n\n<p>&#8220;Da li \u0107e nam takvi u vjeri odgojiti budu\u0107e domoljube? Jadna moja Hrvatska na \u0161to si spala. Za sto godina vi\u0161e te se nitko ne\u0107e sje\u0107ati&#8221;, crna je prognoza Mirele iz Re\u0161etara.<\/p>\n\n\n\n<h3 class=\"wp-block-heading\">Opet lockdown? <\/h3>\n\n\n\n<p>&#8220;Po izjavi doti\u010dne Alemke Markoti\u0107, koja ka\u017ee da kad mu\u0161karac ima odnos s mu\u0161karcem, postoji \u0161ansa da se dobije majmunska boginja. A vi donosite ovaj bolesni zakon a samim time i pandemiju majmunskih boginja&#8221;, napisao je Matko nude\u0107i &#8220;\u0161iru sliku&#8221; koju obi\u010dni mali \u010dovjek optere\u0107en egzistencijalnim problemima &#8211; ne vidi.<\/p>\n\n\n\n<h3 class=\"wp-block-heading\">Zabraniti posvajanje tu\u0111e djece!<\/h3>\n\n\n\n<p>&#8220;Bo\u017ee dragi, neka se oni \u017eene i rade \u0161to ho\u0107e, ali djecu tu\u0111u neka ne posvajaju&#8221;, rezolutno je objavila \u0110ur\u0111a iz Konj\u0161\u010dine ne ostavljaju\u0107i prostora zlobnicima koji bi mo\u017eda mogli re\u0107i da je homofobna i sklona predrasudama.<\/p>\n\n\n\n<div id=\"sivo\"><\/p>\n\n\n\n<h3 class=\"wp-block-heading\">Lucijino predskazanje<\/h3>\n\n\n\n<p>Podsjetimo, da bi ukidanje diskriminacije u Hrvatskoj imalo nesagledive posljedice na Sun\u010dev sustav upozoreno je jo\u0161 2006. godine u Hrvatskom saboru. Tada se HDZ-ova saborska zastupnica i lije\u010dnica po profesiji, Lucija \u010cike\u0161, s govornice usprotivila izjedna\u010davanju prava homoseksualaca i heteroseksualaca. <\/p>\n\n\n\n<p>&#8220;Cijeli svemir je heteroseksualan, od atoma i najsitnije \u010destice, od muhe do slona. Po zakonima fizike, jednaki se naboji uvijek odbijaju, a razli\u010diti privla\u010de, da bi se, kada bi se jednaki po\u010deli privla\u010diti, sve uru\u0161ilo i nestalo. Mjesec se tada ne bi okre\u0107ao oko Zemlje nego bi pao, Zemlja se ne bi okre\u0107ala oko Sunca nego bi pala i spr\u017eila se ili odlutala i smrzla se&#8221;, kazala je proro\u010dki ova narodna poslanica. <\/p>\n\n\n\n<p><\/div>\n<div id=\"mojev-3148445967\" class=\"mojev-kraj-teksta mojev-entity-placement\" style=\"margin-bottom: 20px;margin-left: auto;margin-right: auto;text-align: center;\"><div class=\"mojev-adlabel\">oglas<\/div><div style=\"height: 250px;\"><script async src=\"https:\/\/pagead2.googlesyndication.com\/pagead\/js\/adsbygoogle.js?client=ca-pub-8106111766207173\"\r\n     crossorigin=\"anonymous\"><\/script>\r\n<!-- Display-1 -->\r\n<ins class=\"adsbygoogle\"\r\n     style=\"display:block\"\r\n     data-ad-client=\"ca-pub-8106111766207173\"\r\n     data-ad-slot=\"1465712950\"\r\n     data-ad-format=\"auto\"\r\n     data-full-width-responsive=\"true\"><\/ins>\r\n<script>\r\n     (adsbygoogle = window.adsbygoogle || []).push({});\r\n<\/script><\/div><\/div>","protected":false},"excerpt":{"rendered":"<p>Sud je odbio argumentaciju Ministarstva kojom istospolni parovi ne bi smjeli pristupiti procjeni za posvojitelje zbog cilja &#8216;za\u0161tite interesa djeteta&#8217;, \u0161to bi, smatraju mnogi vjernici, moglo uni\u0161titi \u017eivot na Zemlji. <\/p>\n","protected":false},"author":1,"featured_media":59868,"comment_status":"closed","ping_status":"closed","sticky":false,"template":"","format":"standard","meta":{"footnotes":""},"categories":[2],"tags":[1728,1070,1110,3147],"class_list":["post-59867","post","type-post","status-publish","format-standard","has-post-thumbnail","hentry","category-mozaik","tag-gej","tag-katolici","tag-konzervativna-revolucija","tag-posvajanje"],"_links":{"self":[{"href":"https:\/\/www.mojevrijeme.hr\/magazin\/wp-json\/wp\/v2\/posts\/59867","targetHints":{"allow":["GET"]}}],"collection":[{"href":"https:\/\/www.mojevrijeme.hr\/magazin\/wp-json\/wp\/v2\/posts"}],"about":[{"href":"https:\/\/www.mojevrijeme.hr\/magazin\/wp-json\/wp\/v2\/types\/post"}],"author":[{"embeddable":true,"href":"https:\/\/www.mojevrijeme.hr\/magazin\/wp-json\/wp\/v2\/users\/1"}],"replies":[{"embeddable":true,"href":"https:\/\/www.mojevrijeme.hr\/magazin\/wp-json\/wp\/v2\/comments?post=59867"}],"version-history":[{"count":0,"href":"https:\/\/www.mojevrijeme.hr\/magazin\/wp-json\/wp\/v2\/posts\/59867\/revisions"}],"wp:featuredmedia":[{"embeddable":true,"href":"https:\/\/www.mojevrijeme.hr\/magazin\/wp-json\/wp\/v2\/media\/59868"}],"wp:attachment":[{"href":"https:\/\/www.mojevrijeme.hr\/magazin\/wp-json\/wp\/v2\/media?parent=59867"}],"wp:term":[{"taxonomy":"category","embeddable":true,"href":"https:\/\/www.mojevrijeme.hr\/magazin\/wp-json\/wp\/v2\/categories?post=59867"},{"taxonomy":"post_tag","embeddable":true,"href":"https:\/\/www.mojevrijeme.hr\/magazin\/wp-json\/wp\/v2\/tags?post=59867"}],"curies":[{"name":"wp","href":"https:\/\/api.w.org\/{rel}","templated":true}]}}