{"id":6005,"date":"2015-12-26T10:18:23","date_gmt":"2015-12-26T09:18:23","guid":{"rendered":"http:\/\/www.mojevrijeme.hr\/magazin\/?p=6005"},"modified":"2018-12-27T13:20:18","modified_gmt":"2018-12-27T12:20:18","slug":"kako-se-u-jugoslaviji-slavili-bozic","status":"publish","type":"post","link":"https:\/\/www.mojevrijeme.hr\/magazin\/2015\/12\/kako-se-u-jugoslaviji-slavili-bozic\/","title":{"rendered":"Kako smo u Jugoslaviji slavili Bo\u017ei\u0107"},"content":{"rendered":"<p>Nakon vi\u0161e od \u010detrdeset godina, ovo \u0107e vjerojatno biti prvi Bo\u017ei\u0107 koji \u0107e se opet smjeti nazvati obiteljskim blagdanom. Pokazivanje politi\u010dkog prkosa vi\u0161e nema smisla, pa je o\u010dito trenutak za intimni povratak jednome od najstarijih rituala ljubavi i mirotvornosti zapadne civilizacije, pisala je <strong>1990.<\/strong> u <strong>zagreba\u010dkom Svijetu Alemka Lisinski<\/strong>.<\/p>\n<p>Rano je jutro , nije se jo\u0161 ni razdanilo. Le\u017eim u toplom krevetu i gledam u kalijevu pe\u0107 na drugom kraju sobe. Kroz poluotvorena vrata\u0161ca dopire sjaj vatre \u0161ire\u0107i igru svjetla i sjene po cijeloj sobi. Iz susjedne prostorije oslu\u0161kujem tihe glasove mame i bake i kao za svakoga Sv. Nikole osje\u0107am titravo uzbu\u0111enje, ali ne ustajem iz kreveta nesvjesno se pokoravaju\u0107i to\u010dno odre\u0111enom ritualu.&nbsp;Nakon nekoliko trenutaka u sobu ulaze mama, tata, baka i djed po\u010dinju\u0107i pjesmu:&nbsp;&#8220;Sveti Niko, do\u0111i skoro, vrijeme nam prolazi sporo; \u010dekaju\u0107\u2019 i \u010dekaju\u0107\u2019 pjevaju\u0107\u2019, i \u010dekaju\u0107\u2019 pjevaju\u0107\u2019&#8230;&#8221;<\/p>\n<p>Izlije\u0107em iz postelje poput metka, no zaustavlja me bakina ruka. Prije nego \u0161to smijem otvoriti darove zamotane u prekrasni crveni celofan koji blije\u0161ti u tamnoj sobi, treba se pomoliti.&nbsp;Nakon vrlo brze molitve, pribli\u017eavam se prozoru ispod kojega su moje dvije \u010dizmice, a u njima cijelo bogatstvo &#8211; igra\u010dke, \u010dokolade, vo\u0107e i, dakako, mnogo zlatnih \u0161iba. \u0160ibe su znak da sam cijelu godinu bila dobra, i premda su me uvijek napola u \u0161ali stra\u0161ili da \u0107u umjesto \u0161iba dobiti crnog krampusa, to se ipak nikad nije dogodilo.<\/p><div id=\"mojev-1960532310\" class=\"mojev-u-tekstu mojev-entity-placement\" style=\"margin-left: auto;margin-right: auto;text-align: center;\"><div class=\"mojev-adlabel\">oglas<\/div><div style=\"height: 250px;\"><script async src=\"https:\/\/pagead2.googlesyndication.com\/pagead\/js\/adsbygoogle.js?client=ca-pub-8106111766207173\"\r\n     crossorigin=\"anonymous\"><\/script>\r\n<!-- Prikazni 1 u tekstu -->\r\n<ins class=\"adsbygoogle\"\r\n     style=\"display:block\"\r\n     data-ad-client=\"ca-pub-8106111766207173\"\r\n     data-ad-slot=\"8535551207\"\r\n     data-ad-format=\"auto\"\r\n     data-full-width-responsive=\"true\"><\/ins>\r\n<script>\r\n     (adsbygoogle = window.adsbygoogle || []).push({});\r\n<\/script><\/div><\/div><br style=\"clear: both; display: block; float: none;\"\/>\n<p>Nakon u\u017eivanja u darovima koje je donio Sveti Nikola, odlazila bih u vrti\u0107 ili poslije u \u0161kolu, gdje sam s prijateljima i prijateljicama izmjenjivala vo\u0107e i slatki\u0161e.&nbsp;Netko bi odmah mogao pomisliti da su se djeca koja kod ku\u0107e nisu slavila Svetog Nikolu, a poslije i Bo\u017ei\u0107, osje\u0107ala zakinutima, izba\u010denima iz atmosfere op\u0107eg slavlja. Nasre\u0107u, to je sasvim pogre\u0161na pretpostavka, jer djeca osje\u0107aju veliku potrebu za skladom, pa lako pronalaze na\u010dine kako \u0107e svoje prijatelje uklju\u010diti u vlastito veselje.<\/p>\n<p>Svake je godine u po\u010detku prosinca Sveti Nikola simboli\u010dki ozna\u010davao ulazak u mjesec prepun uzbu\u0111enja, s kulminacijom na proslavi Nove godine. Tek \u0161to su se pojeli kola\u010di od Nikolinja, po\u010deli su se pe\u0107i bo\u017ei\u0107ni.&nbsp;Odmah potom pripreme za megalomanske novogodi\u0161nje proslave.<\/p>\n<div id=\"attachment_6010\" style=\"width: 646px\" class=\"wp-caption aligncenter\"><img loading=\"lazy\" decoding=\"async\" aria-describedby=\"caption-attachment-6010\" class=\"size-medium wp-image-6010\" src=\"http:\/\/www.mojevrijeme.hr\/magazin\/wp-content\/uploads\/2015\/12\/yugoslavia-zagreb-636x352.jpg\" alt=\"Zagreb (foto: igoyugo.tumblr.com)\" width=\"636\" height=\"352\" srcset=\"https:\/\/www.mojevrijeme.hr\/magazin\/wp-content\/uploads\/2015\/12\/yugoslavia-zagreb-636x352.jpg 636w, https:\/\/www.mojevrijeme.hr\/magazin\/wp-content\/uploads\/2015\/12\/yugoslavia-zagreb.jpg 740w\" sizes=\"auto, (max-width: 636px) 100vw, 636px\" \/><p id=\"caption-attachment-6010\" class=\"wp-caption-text\">Zagreb (foto: igoyugo.tumblr.com)<\/p><\/div>\n<p>&nbsp;<\/p>\n<h3>Sveti Nikola, Isusek, Djed Mraz&#8230;<\/h3>\n<p>U Svetog Nikolu i Isuseka koji zvone na vratima (i dan-danas za ove blagdane mama ima spremno malo zvonce) donose\u0107i darove i mir me\u0111u ljude, vjerovala sam veoma dugo. I danas se \u017eivo sje\u0107am predivnoga snje\u017enog Badnjaka (kad je jo\u0161 vladala ekolo\u0161ka ravnote\u017ea pa je snijeg padao na Bo\u017ei\u0107), i\u0161la sam u tre\u0107i razred osnovne, kad smo se nakon \u0161kole i\u0161li sanjkati, a ja sam \u010dula kako moje prijateljice me\u0111usobno govore da ve\u0107 znaju \u0161to su im roditelji kupili za Bo\u017ei\u0107.&nbsp;Osjetila sam u\u017easnu bol.&nbsp;Povrije\u0111ena u dje\u010djoj vjeri, otr\u010dala sam ku\u0107i i pitala mamu je li doista istina da darove ne donosi Isusek, nego da ih kupuju ona i tata.<\/p>\n<p>Mama je vjerojatno u tom trenutku shvatila da je do\u0161ao tzv. trenutak istine i poku\u0161ala mi objasniti da Isusek ne bi stigao svima donijeti darove, pa zbog toga svake godine roditeljima ka\u017ee \u0161to da kupe svojoj dobroj djeci.&nbsp;Unato\u010d maminu trudu da pomiri mit sa stvarno\u0161\u0107u, za mene je tad zauvijek nestao onaj aspekt vjerskih blagdana, koji je donosio dodir s Nepoznatim, izazivaju\u0107i gotovo fizi\u010dki sna\u017ena uzbu\u0111enja.<\/p>\n<p>Bolno razotkrivanje pravog obilje\u017eja Bo\u017ei\u0107a svakako nije bilo ekskluzivno moj do\u017eivljaj, naprotiv, milijuni djece \u0161irom svijeta prije ili poslije moraju pro\u017eivjeti taj udar realiteta. Jer, osim usa\u0111ivanja moralnih normi i kriterija za svakida\u0161njicu i cijeli \u017eivot, onaj dio vjerskog odgoja koji govori o odnosu \u010dovjeka i Boga djeca i ne mogu prihvatiti i razumjeti druk\u010dije nego kao bajku.&nbsp;Upravo ru\u0161enje bo\u017ei\u0107nog mita jedna je od bolnih to\u010daka odrastanja, jer njome po\u010dinje sumnja u dotad neupitnu strukturu svijeta i svemira, kojom u svojoj dobroti vladaju Otac, Sin i Duh Sveti.<\/p>\n<div id=\"attachment_6012\" style=\"width: 646px\" class=\"wp-caption aligncenter\"><img loading=\"lazy\" decoding=\"async\" aria-describedby=\"caption-attachment-6012\" class=\"wp-image-6012 size-medium\" src=\"http:\/\/www.mojevrijeme.hr\/magazin\/wp-content\/uploads\/2015\/12\/yugoslavia-ljubljana-636x352.jpg\" alt=\"Katolici u Jugoslaviji\" width=\"636\" height=\"352\" srcset=\"https:\/\/www.mojevrijeme.hr\/magazin\/wp-content\/uploads\/2015\/12\/yugoslavia-ljubljana-636x352.jpg 636w, https:\/\/www.mojevrijeme.hr\/magazin\/wp-content\/uploads\/2015\/12\/yugoslavia-ljubljana.jpg 740w\" sizes=\"auto, (max-width: 636px) 100vw, 636px\" \/><p id=\"caption-attachment-6012\" class=\"wp-caption-text\">Ljubljana (foto: igoyugo.tumblr.com)<\/p><\/div>\n<p>&nbsp;<\/p>\n<h3>I komunisti&nbsp;su slavili u tajnosti<\/h3>\n<p>Zabluda je misliti da samo djeca koja idu na vjeronauk osje\u0107aju vjeru, ili imaju neki odnos prema njoj. Dovoljno je da u obitelji postoji jedna osoba koja malom stvoru obja\u0161njava biblijske pri\u010de, ili ga u\u010di molitvama, ili pak vlastitim primjerom pokazuje vjerske osje\u0107aje, da bi dijete u svojog glavi i srcu stvorilo temeljnu sliku spiritualnog svijeta.<\/p>\n<p>Osobite te\u0161ko\u0107e imaju djeca u domovima kojih, iz bilo kojeg razloga, vjere s njenim ritualima nema, ili je \u010dak zabranjena. Takvi se mali\u0161ani u ve\u0107ini slu\u010dajeva moraju boriti s ambivalentnim osje\u0107ajima &#8211; s jedne strane svi su vjerski simboli (crkve, Bo\u017ei\u0107 i Uskrs, bojena jaja, darovi, molitve, vjerske pjesme) nevjerojatno tajnoviti i privla\u010dni, a s druge strane \u010dudni i pomalo neprijateljski, jednostavno zato \u0161to ih njihovi roditelji ne prihva\u0107aju.<\/p>\n<p>Vjerski \u010dvrsto opredijeljene obitelji (katoli\u010dki ili pravoslavno), \u010dlanovi kojih su tzv. aktivni vjernici ili praktikanti, svoju djecu od najranije dobi upu\u0107uju na vjerski odgoj, a to razumijeva redovite odlaske u crkvu i zatim na vjeronauk.&nbsp;Na kraju, u takvoj ku\u0107noj atmosferi vjera je svakodnevna (npr. molitva prije jela, itd.). Nema pravila koje ka\u017ee da tako odgojena djeca u pubertetu ili poslije ne pro\u017eivljavaju sumnju u vlastitu vjeru, ili \u010dak odustaju od nje.<\/p>\n<p>Ipak, u znatno se ve\u0107em rascjepu u pubertetu na\u0111u ona djeca (a takvih je mnogo) obitelji kojih vjeru iskazuju uglavnom na obi\u010dajnoj razini proslava vjerskih blagdana, povremeni odlasci u crkvu i moralni odgoj na biblijskim zasadama koje su ionako temelj humanisti\u010dki opredijeljenog odgoja.&nbsp;Kod ove kategorije u mladena\u010dkoj dobi nastupa radikalni bunt protiv hipokritske situacije u kojoj roditelji nisu aktivni vjernici, ili su \u010dak ateisti, ali &#8220;za Bo\u017ei\u0107 prire\u0111uju bakanalije&#8221;.<\/p>\n<p>Djeca ateista (namjerno ne povla\u010dim znak jednakosti izme\u0111u komunista i ateista, jer poznato je da su mnogi komunisti, dodu\u0161e u tajnosti, slavili vjerske blagdane, a tek odnedavno nova reformirana partija to im otvoreno i dopu\u0161ta) u odrasloj dobi razvijaju najrazli\u010ditije reakcije.&nbsp;Od priznavanja i aktivnog slavljenja vjerskih blagdana kao znakova zapadne civilizacije, priznavanja ali ipak vlastite apstinencije od slavlja, sve do krajnje netrpeljivosti prema bilo \u010demu \u0161to podsje\u0107a na vjeru.&nbsp;Neprijateljstvo, uglavnom usa\u0111eno subjektivnim i iracionalnim trenucima odgoja, \u010desto se prote\u017ee na sve aspekte religije, pa \u010dak i na one koji se ti\u010du obrazovanih laika, kao \u0161to je npr. uloga religije u povijesti, povijesti umjetnosti, knji\u017eevnosti. Dakle, na ne\u0161to \u0161to mo\u017ee i treba biti podlo\u017eno svim racionalnim prosudbama.<\/p>\n<div id=\"attachment_5984\" style=\"width: 646px\" class=\"wp-caption aligncenter\"><img loading=\"lazy\" decoding=\"async\" aria-describedby=\"caption-attachment-5984\" class=\"wp-image-5984 size-medium\" src=\"http:\/\/www.mojevrijeme.hr\/magazin\/wp-content\/uploads\/2015\/12\/zasto-vjerujemo-u-boga-636x352.jpg\" alt=\"Za\u0161to vjerujemo u boga\" width=\"636\" height=\"352\" srcset=\"https:\/\/www.mojevrijeme.hr\/magazin\/wp-content\/uploads\/2015\/12\/zasto-vjerujemo-u-boga-636x352.jpg 636w, https:\/\/www.mojevrijeme.hr\/magazin\/wp-content\/uploads\/2015\/12\/zasto-vjerujemo-u-boga-150x83.jpg 150w, https:\/\/www.mojevrijeme.hr\/magazin\/wp-content\/uploads\/2015\/12\/zasto-vjerujemo-u-boga.jpg 740w\" sizes=\"auto, (max-width: 636px) 100vw, 636px\" \/><p id=\"caption-attachment-5984\" class=\"wp-caption-text\">Zagreba\u010dka katedrala (foto: BigStock)<\/p><\/div>\n<p>&nbsp;<\/p>\n<h3>U badnjoj ve\u010deri svi zajedno i na ulicama<\/h3>\n<p>Sje\u0107am se gimnazijskog vremena koje je i ina\u010de obilje\u017eeno jakom potrebom za \u010dvrstim grupnim dru\u017eenjem.&nbsp;Tada smo pronalazili na\u010dine da na Badnji dan ujedinimo sve prijatelje bez obzira na vjeru. Pre\u0161utno je na\u0111en pravi politi\u010dki konsenzus, pa je osjetljiva situacija bila rije\u0161ena ovako: nakon obiteljskih ve\u010dera (koje neki uop\u0107e nisu imali, a neki za pravoslavni Bo\u017ei\u0107) na\u0161li bismo se u gradu kasno nave\u010der.<\/p>\n<p>Zajedni\u010dki smo obilazili pono\u0107ke u razli\u010ditim crkvama, ali zapravo nismo bili ni na jednoj misi, da ne bismo povrijedili prijatelje koji nisu poznavali obred ili nisu u njemu \u017eeljeli sudjelovati. Nakon takvoga ritualnog obilaska sjeli bismo u neki od kafi\u0107a i dru\u017eili se do ranih jutarnjih sati.&nbsp;Cijeli je obred bio za\u010dinjen redovitim gun\u0111anjem protiv malogra\u0111ana koji i Bo\u017ei\u0107 slave antipati\u010dno doslovno, ali i laganom dozom ironije prema vlastitoj poziciji.<\/p>\n<p>No, ono \u0161to je u ovim proslavama bilo doista lijepo jest to \u0161to je ba\u0161 Badnja ve\u010der bila obilje\u017eena zaboravom obiteljskih razlika, umjereno sve\u010danim tonom, ali i zajedni\u010dkim osje\u0107ajem blagoga politi\u010dkog opozicionarstva prema komunisti\u010dkom re\u017eimu koji je od javne proslave Bo\u017ei\u0107a bje\u017eao kao vrag od tamjana.&nbsp;To gimnazijsko dru\u017eenje svake je godine ru\u0161ilo slu\u017ebenu predrasudu da nas razli\u010dite vjere razdvajaju.&nbsp;Za nas je to bio ne samo mali ekumenski do\u017eivljaj, nego i susret vjernika i ateista koji zajedni\u010dki prihva\u0107aju simboliku jednog dana u godini kao dana pomirenja me\u0111u ljudima dobre volje.<\/p>\n<p>Oni ateisti koji uspiju dose\u0107i takvu granicu tolerancije mogu se izjedna\u010diti s vjernicima koji istinski i dalje, bez obzira na promjenu vlasti, prihva\u0107aju Prvi maj kao svjetski simbol radni\u010dkog bunta, ili proslavu francuske revolucije kao znak ro\u0111enja lai\u010dke dr\u017eave.<\/p>\n<p>Dakako, ni ja ni moje gimnazijsko dru\u0161tvo nismo na\u0161e Badnje ve\u010deri proslavljali u racionalnom osvje\u0161tavanju ovog problema, nego smo pona\u0161anje temeljili na razini slutnje ispravnoga i pravednoga, u \u017earkoj \u017eelji o\u010duvanja dru\u017eenja, kao jednoga od najljep\u0161ih iskustava tinejd\u017eera.<\/p>\n<div id=\"attachment_6018\" style=\"width: 646px\" class=\"wp-caption aligncenter\"><img loading=\"lazy\" decoding=\"async\" aria-describedby=\"caption-attachment-6018\" class=\"size-medium wp-image-6018\" src=\"http:\/\/www.mojevrijeme.hr\/magazin\/wp-content\/uploads\/2015\/12\/tito-jovanka-636x352.jpg\" alt=\"Je li Josip Broz bio diktator?\" width=\"636\" height=\"352\" srcset=\"https:\/\/www.mojevrijeme.hr\/magazin\/wp-content\/uploads\/2015\/12\/tito-jovanka-636x352.jpg 636w, https:\/\/www.mojevrijeme.hr\/magazin\/wp-content\/uploads\/2015\/12\/tito-jovanka-150x83.jpg 150w, https:\/\/www.mojevrijeme.hr\/magazin\/wp-content\/uploads\/2015\/12\/tito-jovanka.jpg 740w\" sizes=\"auto, (max-width: 636px) 100vw, 636px\" \/><p id=\"caption-attachment-6018\" class=\"wp-caption-text\">Josip i Jovanka Broz<\/p><\/div>\n<p>&nbsp;<\/p>\n<p>&nbsp;<\/p>\n<h3>Slavilo se i na poslu, a \u0161kole nisu ispitivale<\/h3>\n<p>Ovo osobno iskustvo svakako nije uzorak od op\u0107eg zna\u010denja, a nije ni uputa za proslavu Bo\u017ei\u0107a. Ono je samo primjer jednoga od mogu\u0107ih pristupa javnom dijelu proslave vjerskih blagdana, koji se u biti smatraju obiteljskima.&nbsp;Pomalo je apsurdno, ali ipak istinito, da je upravo komunizam u svojoj ustra\u0161enosti od javnog manifestiranja vjerskih blagdana te blagdane u\u010dinio javnijima nego ikad.<\/p>\n<p>Dok su na Zapadu na Badnju ve\u010der, osim u vrijeme pono\u0107ke, ulice prazne, a obitelji se griju u toplim stanovima uz sve\u010dane ve\u010dere i oki\u0107ene borove, na\u0161im su gradovima desetlje\u0107ima u to doba pucale petarde, kru\u017eila pijana moma\u010dka dru\u0161tva, a ulice bile pune ljudi sve do ranih jutarnjih sati.&nbsp;U uredima su radni dani pretvarani u ozbiljne poluskrivene gozbe, u \u0161kolama se pre\u0161utno toleriralo slavlje, pa tih dana nije bilo ispitivanja itd.<\/p>\n<p>Ukratko, ljudi su imali potrebu za poja\u010danom socijalizacijom, prije svega zbog osje\u0107aja ugro\u017eenosti od re\u017eima koji je nespretno i bez pravih argumenata ukinuo narodni obi\u010daj.&nbsp;Ostaje otvoreno ho\u0107e li socijalna dra\u017e Bo\u017ei\u0107a ostati ista danas, kad on ne samo da je dopu\u0161ten, nego je kao i mnogi drugi aspekti vjere malo pre\u010dvrsto vezan za dr\u017eavu.<\/p>\n<p>Izme\u0111u ostalog vjerski su blagdani u vrijeme <em>ancien regimea<\/em> bili i simbol \u017eu\u0111enog podru\u010dja slobode, koje je ve\u0107inu gra\u0111ana i obitelji ponovo podsjetilo na to da ne \u017eive u &#8220;najboljemu od svih svjetova&#8221;, kako je vlast voljela isticati.&nbsp;Na te se dane palio i bri\u017eno skrivani nacionalni osje\u0107aj, pa nije \u010dudo \u0161to su upravo na Badnju ve\u010der bili pritvarani tzv. mali ljudi, koji bi zagrijani i ohrabreni dobrom kapljicom, nakon godinu dana poslu\u0161nosti i \u0161utnje na ulici, iz svega glasa zapjevali jednu od proskribiranih nacionalnih pjesama.<\/p>\n<p>Ovo \u0107e vjerojatno biti prvi Bo\u017ei\u0107 nakon vi\u0161e od \u010detrdeset godina, koji \u0107e se ponovo mo\u0107i nazvati obiteljskim blagdanom, jer za sjaj njegova politi\u010dkog prkosa nema vi\u0161e potrebe.&nbsp;Ostaje nada da ne\u0107e dobiti atribute dr\u017eavnosti ili nacionalne eufori\u010dnosti, jer upravo je sad vrijeme za isticanje svjetskih obilje\u017eja kr\u0161\u0107anstva, te njegovih civilizacijskih i ekumenskih vrijednosti.<\/p>\n<p>Kao \u0161to je vrijeme da pubertetski buntovnici, kojima sam i ja pripadala, prihvate okolnost da bogati stol njihovih roditelja, iako mo\u017eda nisu najsavr\u0161eniji vjernici, nije tako profan kako se mo\u017ee u\u010diniti na prvi pogled.&nbsp;On je, me\u0111u ostalim, simboli\u010dko prihva\u0107anje i potvrda jednoga od najstarijih rituala ljubavi i mirotv ornosti zapadne civilizacije, na koji nemaju pravo samo vjernici, nego doista svi ljudi dobre volje.<\/p>\n<p>\/autorica:&nbsp;Alemka Lisinski \/ Svijet, 1990. \/ <a href=\"http:\/\/www.yugopapir.com\/\" target=\"_blank\">Yugopapir<\/a>\/<\/p>\n<div id=\"mojev-3026697463\" class=\"mojev-kraj-teksta mojev-entity-placement\" style=\"margin-bottom: 20px;margin-left: auto;margin-right: auto;text-align: center;\"><div class=\"mojev-adlabel\">oglas<\/div><div style=\"height: 250px;\"><script async src=\"https:\/\/pagead2.googlesyndication.com\/pagead\/js\/adsbygoogle.js?client=ca-pub-8106111766207173\"\r\n     crossorigin=\"anonymous\"><\/script>\r\n<!-- Display-1 -->\r\n<ins class=\"adsbygoogle\"\r\n     style=\"display:block\"\r\n     data-ad-client=\"ca-pub-8106111766207173\"\r\n     data-ad-slot=\"1465712950\"\r\n     data-ad-format=\"auto\"\r\n     data-full-width-responsive=\"true\"><\/ins>\r\n<script>\r\n     (adsbygoogle = window.adsbygoogle || []).push({});\r\n<\/script><\/div><\/div>","protected":false},"excerpt":{"rendered":"<p>U uredima su radni dani pretvarani u ozbiljne poluskrivene gozbe, u \u0161kolama se pre\u0161utno toleriralo slavlje, pa tih dana nije bilo ispitivanja. Dok su na Zapadu na Badnju ve\u010der, osim u vrijeme pono\u0107ke, ulice prazne, a obitelji se griju u toplim stanovima uz sve\u010dane ve\u010dere i oki\u0107ene borove, na\u0161im su gradovima desetlje\u0107ima u to doba pucale petarde, kru\u017eila pijana moma\u010dka dru\u0161tva, a ulice bile pune ljudi sve do ranih jutarnjih sati.<\/p>\n","protected":false},"author":1,"featured_media":6021,"comment_status":"closed","ping_status":"open","sticky":false,"template":"","format":"standard","meta":{"footnotes":""},"categories":[2],"tags":[385,188,714,303,328],"class_list":["post-6005","post","type-post","status-publish","format-standard","has-post-thumbnail","hentry","category-mozaik","tag-bozic","tag-jugoslavija","tag-komunizam","tag-religija","tag-retro"],"_links":{"self":[{"href":"https:\/\/www.mojevrijeme.hr\/magazin\/wp-json\/wp\/v2\/posts\/6005","targetHints":{"allow":["GET"]}}],"collection":[{"href":"https:\/\/www.mojevrijeme.hr\/magazin\/wp-json\/wp\/v2\/posts"}],"about":[{"href":"https:\/\/www.mojevrijeme.hr\/magazin\/wp-json\/wp\/v2\/types\/post"}],"author":[{"embeddable":true,"href":"https:\/\/www.mojevrijeme.hr\/magazin\/wp-json\/wp\/v2\/users\/1"}],"replies":[{"embeddable":true,"href":"https:\/\/www.mojevrijeme.hr\/magazin\/wp-json\/wp\/v2\/comments?post=6005"}],"version-history":[{"count":0,"href":"https:\/\/www.mojevrijeme.hr\/magazin\/wp-json\/wp\/v2\/posts\/6005\/revisions"}],"wp:featuredmedia":[{"embeddable":true,"href":"https:\/\/www.mojevrijeme.hr\/magazin\/wp-json\/wp\/v2\/media\/6021"}],"wp:attachment":[{"href":"https:\/\/www.mojevrijeme.hr\/magazin\/wp-json\/wp\/v2\/media?parent=6005"}],"wp:term":[{"taxonomy":"category","embeddable":true,"href":"https:\/\/www.mojevrijeme.hr\/magazin\/wp-json\/wp\/v2\/categories?post=6005"},{"taxonomy":"post_tag","embeddable":true,"href":"https:\/\/www.mojevrijeme.hr\/magazin\/wp-json\/wp\/v2\/tags?post=6005"}],"curies":[{"name":"wp","href":"https:\/\/api.w.org\/{rel}","templated":true}]}}