{"id":60128,"date":"2022-06-05T13:54:09","date_gmt":"2022-06-05T11:54:09","guid":{"rendered":"https:\/\/www.mojevrijeme.hr\/magazin\/?p=60128"},"modified":"2022-06-05T13:59:43","modified_gmt":"2022-06-05T11:59:43","slug":"stara-vlaska-u-novom-ruhu-pogledajte-kako-je-izgledalo-otvaranje-nove-pjesacke-zobe","status":"publish","type":"post","link":"https:\/\/www.mojevrijeme.hr\/magazin\/2022\/06\/stara-vlaska-u-novom-ruhu-pogledajte-kako-je-izgledalo-otvaranje-nove-pjesacke-zobe\/","title":{"rendered":"Stara Vla\u0161ka u novom ruhu. Pogledajte kako je izgledalo otvorenje nove pje\u0161a\u010dke zone"},"content":{"rendered":"\n<p>Danas, na Svjetski dan okoli\u0161a sve\u010dano je otvorena pje\u0161a\u010dka zona u Staroj Vla\u0161koj ulici u Zagrebu. &#8220;Politika ove gradske vlasti jest \u0161irenje pje\u0161a\u010dkih zona u gradu. \u017delimo dati \u0161to vi\u0161e prostora pje\u0161acima i biciklistima te \u0161to vi\u0161e ulagati u javni prijevoz. Ovo je samo prvi korak u jednoj novoj prometnoj politici grada. \u017delim svim Zagrep\u010dankama i Zagrep\u010danima da u\u017eivaju u ovom novom dnevnom boravku na otvorenom&#8221;, rekao je tom prigodom  gradona\u010delnik Tomislav Toma\u0161evi\u0107. .<\/p>\n\n\n\n<p>Ka\u017ee, ova preobrazba je privremena \u2013 za trajnu preobrazbu Grad \u0107e raspisati javni urbanisti\u010dko-hortikulturni natje\u010daj. &#8220;U ulicu \u0107e biti postavljeno i 10 stolova i stolice, gdje \u0107e svatko mo\u0107i sjesti i odmoriti. \u017dardinjere i klupe izra\u0111ene su od recikliranog betona pa i time ova pje\u0161a\u010dka zona ukazuje na zaokret Zagreba prema odr\u017eivosti i kru\u017enoj ekonomiji&#8221;, objasnio je Toma\u0161evi\u0107.<\/p>\n\n\n\n<p>Do 17 sati Zagrep\u010dani mogu u\u017eivati u glazbenom programu te posjetiti sajam obrtnika. Za djecu do 15 godina osigurana je radionica grafita. Kako je izgledalo jutro\u0161nje otvaranje Stare Vla\u0161ke pogledajte u galeriji koju je snimio na\u0161 fotoreporter Sandro Bura. <\/p><div id=\"mojev-1479736507\" class=\"mojev-u-tekstu mojev-entity-placement\" style=\"margin-left: auto;margin-right: auto;text-align: center;\"><div class=\"mojev-adlabel\">oglas<\/div><div style=\"height: 250px;\"><script async src=\"https:\/\/pagead2.googlesyndication.com\/pagead\/js\/adsbygoogle.js?client=ca-pub-8106111766207173\"\r\n     crossorigin=\"anonymous\"><\/script>\r\n<!-- Prikazni 1 u tekstu -->\r\n<ins class=\"adsbygoogle\"\r\n     style=\"display:block\"\r\n     data-ad-client=\"ca-pub-8106111766207173\"\r\n     data-ad-slot=\"8535551207\"\r\n     data-ad-format=\"auto\"\r\n     data-full-width-responsive=\"true\"><\/ins>\r\n<script>\r\n     (adsbygoogle = window.adsbygoogle || []).push({});\r\n<\/script><\/div><\/div><br style=\"clear: both; display: block; float: none;\"\/>\n\n\n<style type=\"text\/css\">\n#foogallery-gallery-60131.fg-masonry { --fg-gutter: 0px; }<\/style>\n\t\t\t<div class=\"foogallery foogallery-container foogallery-masonry foogallery-lightbox-foobox fg-center fg-masonry fg-ready fg-light fg-shadow-outline fg-loading-default fg-loaded-fade-in fg-hover-fade fg-hover-zoom fg-col3\" id=\"foogallery-gallery-60131\" data-foogallery=\"{&quot;item&quot;:{&quot;showCaptionTitle&quot;:true,&quot;showCaptionDescription&quot;:true},&quot;lazy&quot;:true}\" style=\"--fg-title-line-clamp: 0; --fg-description-line-clamp: 0;\" >\n\t\t<div class=\"fg-column-width\"><\/div>\n\t<div class=\"fg-gutter-width\"><\/div>\n\t\t<div class=\"fg-item fg-type-image fg-idle\"><figure class=\"fg-item-inner\"><a href=\"https:\/\/www.mojevrijeme.hr\/magazin\/wp-content\/uploads\/2022\/06\/otvaranje-stare-vlaske-3.jpg\" data-caption-title=\"foto: Sandro Bura\" data-caption-desc=\"foto: Sandro Bura\" data-attachment-id=\"60114\" data-type=\"image\" class=\"fg-thumb\"><span class=\"fg-image-wrap\"><img decoding=\"async\" title=\"foto: Sandro Bura\" width=\"250\" height=\"167\" class=\"skip-lazy fg-image\" data-src-fg=\"https:\/\/www.mojevrijeme.hr\/magazin\/wp-content\/uploads\/cache\/2022\/06\/otvaranje-stare-vlaske-3\/3849257703.jpg\" data-srcset-fg=\"https:\/\/www.mojevrijeme.hr\/magazin\/wp-content\/uploads\/cache\/2022\/06\/otvaranje-stare-vlaske-3\/1216446046.jpg 3x\" src=\"data:image\/svg+xml,%3Csvg%20xmlns%3D%22http%3A%2F%2Fwww.w3.org%2F2000%2Fsvg%22%20width%3D%22250%22%20height%3D%22167%22%20viewBox%3D%220%200%20250%20167%22%3E%3C%2Fsvg%3E\" loading=\"eager\"><\/span><span class=\"fg-image-overlay\"><\/span><\/a><figcaption class=\"fg-caption\"><div class=\"fg-caption-inner\"><div class=\"fg-caption-title\">foto: Sandro Bura<\/div><div class=\"fg-caption-desc\">foto: Sandro Bura<\/div><\/div><\/figcaption><\/figure><div class=\"fg-loader\"><\/div><\/div><div class=\"fg-item fg-type-image fg-idle\"><figure class=\"fg-item-inner\"><a href=\"https:\/\/www.mojevrijeme.hr\/magazin\/wp-content\/uploads\/2022\/06\/otvaranje-stare-vlaske-1.jpg\" data-caption-title=\"foto: Sandro Bura\" data-caption-desc=\"foto: Sandro Bura\" data-attachment-id=\"60112\" data-type=\"image\" class=\"fg-thumb\"><span class=\"fg-image-wrap\"><img fetchpriority=\"high\" decoding=\"async\" title=\"foto: Sandro Bura\" width=\"250\" height=\"375\" class=\"skip-lazy fg-image\" data-src-fg=\"https:\/\/www.mojevrijeme.hr\/magazin\/wp-content\/uploads\/cache\/2022\/06\/otvaranje-stare-vlaske-1\/773156852.jpg\" data-srcset-fg=\"https:\/\/www.mojevrijeme.hr\/magazin\/wp-content\/uploads\/cache\/2022\/06\/otvaranje-stare-vlaske-1\/2214269773.jpg 3x\" src=\"data:image\/svg+xml,%3Csvg%20xmlns%3D%22http%3A%2F%2Fwww.w3.org%2F2000%2Fsvg%22%20width%3D%22250%22%20height%3D%22375%22%20viewBox%3D%220%200%20250%20375%22%3E%3C%2Fsvg%3E\" loading=\"eager\"><\/span><span class=\"fg-image-overlay\"><\/span><\/a><figcaption class=\"fg-caption\"><div class=\"fg-caption-inner\"><div class=\"fg-caption-title\">foto: Sandro Bura<\/div><div class=\"fg-caption-desc\">foto: Sandro Bura<\/div><\/div><\/figcaption><\/figure><div class=\"fg-loader\"><\/div><\/div><div class=\"fg-item fg-type-image fg-idle\"><figure class=\"fg-item-inner\"><a href=\"https:\/\/www.mojevrijeme.hr\/magazin\/wp-content\/uploads\/2022\/06\/otvaranje-stare-vlaske-6.jpg\" data-caption-title=\"foto: Sandro Bura\" data-caption-desc=\"foto: Sandro Bura\" data-attachment-id=\"60117\" data-type=\"image\" class=\"fg-thumb\"><span class=\"fg-image-wrap\"><img decoding=\"async\" title=\"foto: Sandro Bura\" width=\"250\" height=\"167\" class=\"skip-lazy fg-image\" data-src-fg=\"https:\/\/www.mojevrijeme.hr\/magazin\/wp-content\/uploads\/cache\/2022\/06\/otvaranje-stare-vlaske-6\/3911236020.jpg\" data-srcset-fg=\"https:\/\/www.mojevrijeme.hr\/magazin\/wp-content\/uploads\/cache\/2022\/06\/otvaranje-stare-vlaske-6\/1154401549.jpg 3x\" src=\"data:image\/svg+xml,%3Csvg%20xmlns%3D%22http%3A%2F%2Fwww.w3.org%2F2000%2Fsvg%22%20width%3D%22250%22%20height%3D%22167%22%20viewBox%3D%220%200%20250%20167%22%3E%3C%2Fsvg%3E\" loading=\"eager\"><\/span><span class=\"fg-image-overlay\"><\/span><\/a><figcaption class=\"fg-caption\"><div class=\"fg-caption-inner\"><div class=\"fg-caption-title\">foto: Sandro Bura<\/div><div class=\"fg-caption-desc\">foto: Sandro Bura<\/div><\/div><\/figcaption><\/figure><div class=\"fg-loader\"><\/div><\/div><div class=\"fg-item fg-type-image fg-idle\"><figure class=\"fg-item-inner\"><a href=\"https:\/\/www.mojevrijeme.hr\/magazin\/wp-content\/uploads\/2022\/06\/otvaranje-stare-vlaske-2.jpg\" data-caption-title=\"foto: Sandro Bura\" data-caption-desc=\"foto: Sandro Bura\" data-attachment-id=\"60113\" data-type=\"image\" class=\"fg-thumb\"><span class=\"fg-image-wrap\"><img decoding=\"async\" title=\"foto: Sandro Bura\" width=\"250\" height=\"167\" class=\"skip-lazy fg-image\" data-src-fg=\"https:\/\/www.mojevrijeme.hr\/magazin\/wp-content\/uploads\/cache\/2022\/06\/otvaranje-stare-vlaske-2\/2633958650.jpg\" data-srcset-fg=\"https:\/\/www.mojevrijeme.hr\/magazin\/wp-content\/uploads\/cache\/2022\/06\/otvaranje-stare-vlaske-2\/823228483.jpg 3x\" src=\"data:image\/svg+xml,%3Csvg%20xmlns%3D%22http%3A%2F%2Fwww.w3.org%2F2000%2Fsvg%22%20width%3D%22250%22%20height%3D%22167%22%20viewBox%3D%220%200%20250%20167%22%3E%3C%2Fsvg%3E\" loading=\"eager\"><\/span><span class=\"fg-image-overlay\"><\/span><\/a><figcaption class=\"fg-caption\"><div class=\"fg-caption-inner\"><div class=\"fg-caption-title\">foto: Sandro Bura<\/div><div class=\"fg-caption-desc\">foto: Sandro Bura<\/div><\/div><\/figcaption><\/figure><div class=\"fg-loader\"><\/div><\/div><div class=\"fg-item fg-type-image fg-idle\"><figure class=\"fg-item-inner\"><a href=\"https:\/\/www.mojevrijeme.hr\/magazin\/wp-content\/uploads\/2022\/06\/otvaranje-stare-vlaske-29.jpg\" data-caption-title=\"foto: Sandro Bura\" data-caption-desc=\"foto: Sandro Bura\" data-attachment-id=\"60111\" data-type=\"image\" class=\"fg-thumb\"><span class=\"fg-image-wrap\"><img decoding=\"async\" title=\"foto: Sandro Bura\" width=\"250\" height=\"166\" class=\"skip-lazy fg-image\" data-src-fg=\"https:\/\/www.mojevrijeme.hr\/magazin\/wp-content\/uploads\/cache\/2022\/06\/otvaranje-stare-vlaske-29\/710633910.jpg\" data-srcset-fg=\"https:\/\/www.mojevrijeme.hr\/magazin\/wp-content\/uploads\/cache\/2022\/06\/otvaranje-stare-vlaske-29\/2555088098.jpg 3x\" src=\"data:image\/svg+xml,%3Csvg%20xmlns%3D%22http%3A%2F%2Fwww.w3.org%2F2000%2Fsvg%22%20width%3D%22250%22%20height%3D%22166%22%20viewBox%3D%220%200%20250%20166%22%3E%3C%2Fsvg%3E\" loading=\"eager\"><\/span><span class=\"fg-image-overlay\"><\/span><\/a><figcaption class=\"fg-caption\"><div class=\"fg-caption-inner\"><div class=\"fg-caption-title\">foto: Sandro Bura<\/div><div class=\"fg-caption-desc\">foto: Sandro Bura<\/div><\/div><\/figcaption><\/figure><div class=\"fg-loader\"><\/div><\/div><div class=\"fg-item fg-type-image fg-idle\"><figure class=\"fg-item-inner\"><a href=\"https:\/\/www.mojevrijeme.hr\/magazin\/wp-content\/uploads\/2022\/06\/otvaranje-stare-vlaske-11.jpg\" data-caption-title=\"foto: Sandro Bura\" data-caption-desc=\"foto: Sandro Bura\" data-attachment-id=\"60122\" data-type=\"image\" class=\"fg-thumb\"><span class=\"fg-image-wrap\"><img decoding=\"async\" title=\"foto: Sandro Bura\" width=\"250\" height=\"167\" class=\"skip-lazy fg-image\" data-src-fg=\"https:\/\/www.mojevrijeme.hr\/magazin\/wp-content\/uploads\/cache\/2022\/06\/otvaranje-stare-vlaske-11\/1405544420.jpg\" data-srcset-fg=\"https:\/\/www.mojevrijeme.hr\/magazin\/wp-content\/uploads\/cache\/2022\/06\/otvaranje-stare-vlaske-11\/3788898992.jpg 3x\" src=\"data:image\/svg+xml,%3Csvg%20xmlns%3D%22http%3A%2F%2Fwww.w3.org%2F2000%2Fsvg%22%20width%3D%22250%22%20height%3D%22167%22%20viewBox%3D%220%200%20250%20167%22%3E%3C%2Fsvg%3E\" loading=\"eager\"><\/span><span class=\"fg-image-overlay\"><\/span><\/a><figcaption class=\"fg-caption\"><div class=\"fg-caption-inner\"><div class=\"fg-caption-title\">foto: Sandro Bura<\/div><div class=\"fg-caption-desc\">foto: Sandro Bura<\/div><\/div><\/figcaption><\/figure><div class=\"fg-loader\"><\/div><\/div><div class=\"fg-item fg-type-image fg-idle\"><figure class=\"fg-item-inner\"><a href=\"https:\/\/www.mojevrijeme.hr\/magazin\/wp-content\/uploads\/2022\/06\/otvaranje-stare-vlaske-13.jpg\" data-caption-title=\"foto: Sandro Bura\" data-caption-desc=\"foto: Sandro Bura\" data-attachment-id=\"60124\" data-type=\"image\" class=\"fg-thumb\"><span class=\"fg-image-wrap\"><img decoding=\"async\" title=\"foto: Sandro Bura\" width=\"250\" height=\"375\" class=\"skip-lazy fg-image\" data-src-fg=\"https:\/\/www.mojevrijeme.hr\/magazin\/wp-content\/uploads\/cache\/2022\/06\/otvaranje-stare-vlaske-13\/3143693228.jpg\" data-srcset-fg=\"https:\/\/www.mojevrijeme.hr\/magazin\/wp-content\/uploads\/cache\/2022\/06\/otvaranje-stare-vlaske-13\/158340856.jpg 3x\" src=\"data:image\/svg+xml,%3Csvg%20xmlns%3D%22http%3A%2F%2Fwww.w3.org%2F2000%2Fsvg%22%20width%3D%22250%22%20height%3D%22375%22%20viewBox%3D%220%200%20250%20375%22%3E%3C%2Fsvg%3E\" loading=\"eager\"><\/span><span class=\"fg-image-overlay\"><\/span><\/a><figcaption class=\"fg-caption\"><div class=\"fg-caption-inner\"><div class=\"fg-caption-title\">foto: Sandro Bura<\/div><div class=\"fg-caption-desc\">foto: Sandro Bura<\/div><\/div><\/figcaption><\/figure><div class=\"fg-loader\"><\/div><\/div><div class=\"fg-item fg-type-image fg-idle\"><figure class=\"fg-item-inner\"><a href=\"https:\/\/www.mojevrijeme.hr\/magazin\/wp-content\/uploads\/2022\/06\/otvaranje-stare-vlaske-15.jpg\" data-caption-title=\"Luka Korlaet (foto: Sandro Bura)\" data-caption-desc=\"Luka Korlaet (foto: Sandro Bura)\" data-attachment-id=\"60126\" data-type=\"image\" class=\"fg-thumb\"><span class=\"fg-image-wrap\"><img decoding=\"async\" title=\"Luka Korlaet (foto: Sandro Bura)\" width=\"250\" height=\"166\" class=\"skip-lazy fg-image\" data-src-fg=\"https:\/\/www.mojevrijeme.hr\/magazin\/wp-content\/uploads\/cache\/2022\/06\/otvaranje-stare-vlaske-15\/460393272.jpg\" data-srcset-fg=\"https:\/\/www.mojevrijeme.hr\/magazin\/wp-content\/uploads\/cache\/2022\/06\/otvaranje-stare-vlaske-15\/2841767532.jpg 3x\" src=\"data:image\/svg+xml,%3Csvg%20xmlns%3D%22http%3A%2F%2Fwww.w3.org%2F2000%2Fsvg%22%20width%3D%22250%22%20height%3D%22166%22%20viewBox%3D%220%200%20250%20166%22%3E%3C%2Fsvg%3E\" loading=\"eager\"><\/span><span class=\"fg-image-overlay\"><\/span><\/a><figcaption class=\"fg-caption\"><div class=\"fg-caption-inner\"><div class=\"fg-caption-title\">Luka Korlaet (foto: Sandro Bura)<\/div><div class=\"fg-caption-desc\">Luka Korlaet (foto: Sandro Bura)<\/div><\/div><\/figcaption><\/figure><div class=\"fg-loader\"><\/div><\/div><div class=\"fg-item fg-type-image fg-idle\"><figure class=\"fg-item-inner\"><a href=\"https:\/\/www.mojevrijeme.hr\/magazin\/wp-content\/uploads\/2022\/06\/otvaranje-stare-vlaske-9.jpg\" data-caption-title=\"Tomislav Toma\u0161evi\u0107 (foto: Sandro Bura)\" data-caption-desc=\"Tomislav Toma\u0161evi\u0107 (foto: Sandro Bura)\" data-attachment-id=\"60120\" data-type=\"image\" class=\"fg-thumb\"><span class=\"fg-image-wrap\"><img decoding=\"async\" title=\"Tomislav Toma\u0161evi\u0107 (foto: Sandro Bura)\" width=\"250\" height=\"167\" class=\"skip-lazy fg-image\" data-src-fg=\"https:\/\/www.mojevrijeme.hr\/magazin\/wp-content\/uploads\/cache\/2022\/06\/otvaranje-stare-vlaske-9\/1036232481.jpg\" data-srcset-fg=\"https:\/\/www.mojevrijeme.hr\/magazin\/wp-content\/uploads\/cache\/2022\/06\/otvaranje-stare-vlaske-9\/2418924440.jpg 3x\" src=\"data:image\/svg+xml,%3Csvg%20xmlns%3D%22http%3A%2F%2Fwww.w3.org%2F2000%2Fsvg%22%20width%3D%22250%22%20height%3D%22167%22%20viewBox%3D%220%200%20250%20167%22%3E%3C%2Fsvg%3E\" loading=\"eager\"><\/span><span class=\"fg-image-overlay\"><\/span><\/a><figcaption class=\"fg-caption\"><div class=\"fg-caption-inner\"><div class=\"fg-caption-title\">Tomislav Toma\u0161evi\u0107 (foto: Sandro Bura)<\/div><div class=\"fg-caption-desc\">Tomislav Toma\u0161evi\u0107 (foto: Sandro Bura)<\/div><\/div><\/figcaption><\/figure><div class=\"fg-loader\"><\/div><\/div><div class=\"fg-item fg-type-image fg-idle\"><figure class=\"fg-item-inner\"><a href=\"https:\/\/www.mojevrijeme.hr\/magazin\/wp-content\/uploads\/2022\/06\/otvaranje-stare-vlaske-18.jpg\" data-caption-title=\"foto: Sandro Bura\" data-caption-desc=\"foto: Sandro Bura\" data-attachment-id=\"60100\" data-type=\"image\" class=\"fg-thumb\"><span class=\"fg-image-wrap\"><img decoding=\"async\" title=\"foto: Sandro Bura\" width=\"250\" height=\"167\" class=\"skip-lazy fg-image\" data-src-fg=\"https:\/\/www.mojevrijeme.hr\/magazin\/wp-content\/uploads\/cache\/2022\/06\/otvaranje-stare-vlaske-18\/2922328819.jpg\" data-srcset-fg=\"https:\/\/www.mojevrijeme.hr\/magazin\/wp-content\/uploads\/cache\/2022\/06\/otvaranje-stare-vlaske-18\/473946023.jpg 3x\" src=\"data:image\/svg+xml,%3Csvg%20xmlns%3D%22http%3A%2F%2Fwww.w3.org%2F2000%2Fsvg%22%20width%3D%22250%22%20height%3D%22167%22%20viewBox%3D%220%200%20250%20167%22%3E%3C%2Fsvg%3E\" loading=\"eager\"><\/span><span class=\"fg-image-overlay\"><\/span><\/a><figcaption class=\"fg-caption\"><div class=\"fg-caption-inner\"><div class=\"fg-caption-title\">foto: Sandro Bura<\/div><div class=\"fg-caption-desc\">foto: Sandro Bura<\/div><\/div><\/figcaption><\/figure><div class=\"fg-loader\"><\/div><\/div><div class=\"fg-item fg-type-image fg-idle\"><figure class=\"fg-item-inner\"><a href=\"https:\/\/www.mojevrijeme.hr\/magazin\/wp-content\/uploads\/2022\/06\/otvaranje-stare-vlaske-25.jpg\" data-caption-title=\"foto: Sandro Bura\" data-caption-desc=\"foto: Sandro Bura\" data-attachment-id=\"60107\" data-type=\"image\" class=\"fg-thumb\"><span class=\"fg-image-wrap\"><img decoding=\"async\" title=\"foto: Sandro Bura\" width=\"250\" height=\"166\" class=\"skip-lazy fg-image\" data-src-fg=\"https:\/\/www.mojevrijeme.hr\/magazin\/wp-content\/uploads\/cache\/2022\/06\/otvaranje-stare-vlaske-25\/2024010619.jpg\" data-srcset-fg=\"https:\/\/www.mojevrijeme.hr\/magazin\/wp-content\/uploads\/cache\/2022\/06\/otvaranje-stare-vlaske-25\/3400734255.jpg 3x\" src=\"data:image\/svg+xml,%3Csvg%20xmlns%3D%22http%3A%2F%2Fwww.w3.org%2F2000%2Fsvg%22%20width%3D%22250%22%20height%3D%22166%22%20viewBox%3D%220%200%20250%20166%22%3E%3C%2Fsvg%3E\" loading=\"eager\"><\/span><span class=\"fg-image-overlay\"><\/span><\/a><figcaption class=\"fg-caption\"><div class=\"fg-caption-inner\"><div class=\"fg-caption-title\">foto: Sandro Bura<\/div><div class=\"fg-caption-desc\">foto: Sandro Bura<\/div><\/div><\/figcaption><\/figure><div class=\"fg-loader\"><\/div><\/div><div class=\"fg-item fg-type-image fg-idle\"><figure class=\"fg-item-inner\"><a href=\"https:\/\/www.mojevrijeme.hr\/magazin\/wp-content\/uploads\/2022\/06\/otvaranje-stare-vlaske-27.jpg\" data-caption-title=\"foto: Sandro Bura\" data-caption-desc=\"foto: Sandro Bura\" data-attachment-id=\"60109\" data-type=\"image\" class=\"fg-thumb\"><span class=\"fg-image-wrap\"><img decoding=\"async\" title=\"foto: Sandro Bura\" width=\"250\" height=\"166\" class=\"skip-lazy fg-image\" data-src-fg=\"https:\/\/www.mojevrijeme.hr\/magazin\/wp-content\/uploads\/cache\/2022\/06\/otvaranje-stare-vlaske-27\/3532596542.jpg\" data-srcset-fg=\"https:\/\/www.mojevrijeme.hr\/magazin\/wp-content\/uploads\/cache\/2022\/06\/otvaranje-stare-vlaske-27\/1621082218.jpg 3x\" src=\"data:image\/svg+xml,%3Csvg%20xmlns%3D%22http%3A%2F%2Fwww.w3.org%2F2000%2Fsvg%22%20width%3D%22250%22%20height%3D%22166%22%20viewBox%3D%220%200%20250%20166%22%3E%3C%2Fsvg%3E\" loading=\"eager\"><\/span><span class=\"fg-image-overlay\"><\/span><\/a><figcaption class=\"fg-caption\"><div class=\"fg-caption-inner\"><div class=\"fg-caption-title\">foto: Sandro Bura<\/div><div class=\"fg-caption-desc\">foto: Sandro Bura<\/div><\/div><\/figcaption><\/figure><div class=\"fg-loader\"><\/div><\/div><div class=\"fg-item fg-type-image fg-idle\"><figure class=\"fg-item-inner\"><a href=\"https:\/\/www.mojevrijeme.hr\/magazin\/wp-content\/uploads\/2022\/06\/otvaranje-stare-vlaske-14.jpg\" data-caption-title=\"foto: Sandro Bura\" data-caption-desc=\"foto: Sandro Bura\" data-attachment-id=\"60125\" data-type=\"image\" class=\"fg-thumb\"><span class=\"fg-image-wrap\"><img decoding=\"async\" title=\"foto: Sandro Bura\" width=\"250\" height=\"167\" class=\"skip-lazy fg-image\" data-src-fg=\"https:\/\/www.mojevrijeme.hr\/magazin\/wp-content\/uploads\/cache\/2022\/06\/otvaranje-stare-vlaske-14\/1864499484.jpg\" data-srcset-fg=\"https:\/\/www.mojevrijeme.hr\/magazin\/wp-content\/uploads\/cache\/2022\/06\/otvaranje-stare-vlaske-14\/3711099976.jpg 3x\" src=\"data:image\/svg+xml,%3Csvg%20xmlns%3D%22http%3A%2F%2Fwww.w3.org%2F2000%2Fsvg%22%20width%3D%22250%22%20height%3D%22167%22%20viewBox%3D%220%200%20250%20167%22%3E%3C%2Fsvg%3E\" loading=\"eager\"><\/span><span class=\"fg-image-overlay\"><\/span><\/a><figcaption class=\"fg-caption\"><div class=\"fg-caption-inner\"><div class=\"fg-caption-title\">foto: Sandro Bura<\/div><div class=\"fg-caption-desc\">foto: Sandro Bura<\/div><\/div><\/figcaption><\/figure><div class=\"fg-loader\"><\/div><\/div><div class=\"fg-item fg-type-image fg-idle\"><figure class=\"fg-item-inner\"><a href=\"https:\/\/www.mojevrijeme.hr\/magazin\/wp-content\/uploads\/2022\/06\/otvaranje-stare-vlaske-8.jpg\" data-caption-title=\"foto: Sandro Bura\" data-caption-desc=\"foto: Sandro Bura\" data-attachment-id=\"60119\" data-type=\"image\" class=\"fg-thumb\"><span class=\"fg-image-wrap\"><img decoding=\"async\" title=\"foto: Sandro Bura\" width=\"250\" height=\"167\" class=\"skip-lazy fg-image\" data-src-fg=\"https:\/\/www.mojevrijeme.hr\/magazin\/wp-content\/uploads\/cache\/2022\/06\/otvaranje-stare-vlaske-8\/1303355585.jpg\" data-srcset-fg=\"https:\/\/www.mojevrijeme.hr\/magazin\/wp-content\/uploads\/cache\/2022\/06\/otvaranje-stare-vlaske-8\/3762412664.jpg 3x\" src=\"data:image\/svg+xml,%3Csvg%20xmlns%3D%22http%3A%2F%2Fwww.w3.org%2F2000%2Fsvg%22%20width%3D%22250%22%20height%3D%22167%22%20viewBox%3D%220%200%20250%20167%22%3E%3C%2Fsvg%3E\" loading=\"eager\"><\/span><span class=\"fg-image-overlay\"><\/span><\/a><figcaption class=\"fg-caption\"><div class=\"fg-caption-inner\"><div class=\"fg-caption-title\">foto: Sandro Bura<\/div><div class=\"fg-caption-desc\">foto: Sandro Bura<\/div><\/div><\/figcaption><\/figure><div class=\"fg-loader\"><\/div><\/div><div class=\"fg-item fg-type-image fg-idle\"><figure class=\"fg-item-inner\"><a href=\"https:\/\/www.mojevrijeme.hr\/magazin\/wp-content\/uploads\/2022\/06\/otvaranje-stare-vlaske-7.jpg\" data-caption-title=\"foto: Sandro Bura\" data-caption-desc=\"foto: Sandro Bura\" data-attachment-id=\"60118\" data-type=\"image\" class=\"fg-thumb\"><span class=\"fg-image-wrap\"><img decoding=\"async\" title=\"foto: Sandro Bura\" width=\"250\" height=\"167\" class=\"skip-lazy fg-image\" data-src-fg=\"https:\/\/www.mojevrijeme.hr\/magazin\/wp-content\/uploads\/cache\/2022\/06\/otvaranje-stare-vlaske-7\/2833964672.jpg\" data-srcset-fg=\"https:\/\/www.mojevrijeme.hr\/magazin\/wp-content\/uploads\/cache\/2022\/06\/otvaranje-stare-vlaske-7\/84189753.jpg 3x\" src=\"data:image\/svg+xml,%3Csvg%20xmlns%3D%22http%3A%2F%2Fwww.w3.org%2F2000%2Fsvg%22%20width%3D%22250%22%20height%3D%22167%22%20viewBox%3D%220%200%20250%20167%22%3E%3C%2Fsvg%3E\" loading=\"eager\"><\/span><span class=\"fg-image-overlay\"><\/span><\/a><figcaption class=\"fg-caption\"><div class=\"fg-caption-inner\"><div class=\"fg-caption-title\">foto: Sandro Bura<\/div><div class=\"fg-caption-desc\">foto: Sandro Bura<\/div><\/div><\/figcaption><\/figure><div class=\"fg-loader\"><\/div><\/div><div class=\"fg-item fg-type-image fg-idle\"><figure class=\"fg-item-inner\"><a href=\"https:\/\/www.mojevrijeme.hr\/magazin\/wp-content\/uploads\/2022\/06\/otvaranje-stare-vlaske-5.jpg\" data-caption-title=\"foto: Sandro Bura\" data-caption-desc=\"foto: Sandro Bura\" data-attachment-id=\"60116\" data-type=\"image\" class=\"fg-thumb\"><span class=\"fg-image-wrap\"><img decoding=\"async\" title=\"foto: Sandro Bura\" width=\"250\" height=\"375\" class=\"skip-lazy fg-image\" data-src-fg=\"https:\/\/www.mojevrijeme.hr\/magazin\/wp-content\/uploads\/cache\/2022\/06\/otvaranje-stare-vlaske-5\/1540018874.jpg\" data-srcset-fg=\"https:\/\/www.mojevrijeme.hr\/magazin\/wp-content\/uploads\/cache\/2022\/06\/otvaranje-stare-vlaske-5\/4129598979.jpg 3x\" src=\"data:image\/svg+xml,%3Csvg%20xmlns%3D%22http%3A%2F%2Fwww.w3.org%2F2000%2Fsvg%22%20width%3D%22250%22%20height%3D%22375%22%20viewBox%3D%220%200%20250%20375%22%3E%3C%2Fsvg%3E\" loading=\"eager\"><\/span><span class=\"fg-image-overlay\"><\/span><\/a><figcaption class=\"fg-caption\"><div class=\"fg-caption-inner\"><div class=\"fg-caption-title\">foto: Sandro Bura<\/div><div class=\"fg-caption-desc\">foto: Sandro Bura<\/div><\/div><\/figcaption><\/figure><div class=\"fg-loader\"><\/div><\/div><div class=\"fg-item fg-type-image fg-idle\"><figure class=\"fg-item-inner\"><a href=\"https:\/\/www.mojevrijeme.hr\/magazin\/wp-content\/uploads\/2022\/06\/otvaranje-stare-vlaske-28.jpg\" data-caption-title=\"foto: Sandro Bura\" data-caption-desc=\"foto: Sandro Bura\" data-attachment-id=\"60110\" data-type=\"image\" class=\"fg-thumb\"><span class=\"fg-image-wrap\"><img decoding=\"async\" title=\"foto: Sandro Bura\" width=\"250\" height=\"166\" class=\"skip-lazy fg-image\" data-src-fg=\"https:\/\/www.mojevrijeme.hr\/magazin\/wp-content\/uploads\/cache\/2022\/06\/otvaranje-stare-vlaske-28\/947294849.jpg\" data-srcset-fg=\"https:\/\/www.mojevrijeme.hr\/magazin\/wp-content\/uploads\/cache\/2022\/06\/otvaranje-stare-vlaske-28\/2321971157.jpg 3x\" src=\"data:image\/svg+xml,%3Csvg%20xmlns%3D%22http%3A%2F%2Fwww.w3.org%2F2000%2Fsvg%22%20width%3D%22250%22%20height%3D%22166%22%20viewBox%3D%220%200%20250%20166%22%3E%3C%2Fsvg%3E\" loading=\"eager\"><\/span><span class=\"fg-image-overlay\"><\/span><\/a><figcaption class=\"fg-caption\"><div class=\"fg-caption-inner\"><div class=\"fg-caption-title\">foto: Sandro Bura<\/div><div class=\"fg-caption-desc\">foto: Sandro Bura<\/div><\/div><\/figcaption><\/figure><div class=\"fg-loader\"><\/div><\/div><div class=\"fg-item fg-type-image fg-idle\"><figure class=\"fg-item-inner\"><a href=\"https:\/\/www.mojevrijeme.hr\/magazin\/wp-content\/uploads\/2022\/06\/otvaranje-stare-vlaske-26.jpg\" data-caption-title=\"foto: Sandro Bura\" data-caption-desc=\"foto: Sandro Bura\" data-attachment-id=\"60108\" data-type=\"image\" class=\"fg-thumb\"><span class=\"fg-image-wrap\"><img decoding=\"async\" title=\"foto: Sandro Bura\" width=\"250\" height=\"166\" class=\"skip-lazy fg-image\" data-src-fg=\"https:\/\/www.mojevrijeme.hr\/magazin\/wp-content\/uploads\/cache\/2022\/06\/otvaranje-stare-vlaske-26\/3231899145.jpg\" data-srcset-fg=\"https:\/\/www.mojevrijeme.hr\/magazin\/wp-content\/uploads\/cache\/2022\/06\/otvaranje-stare-vlaske-26\/1924283229.jpg 3x\" src=\"data:image\/svg+xml,%3Csvg%20xmlns%3D%22http%3A%2F%2Fwww.w3.org%2F2000%2Fsvg%22%20width%3D%22250%22%20height%3D%22166%22%20viewBox%3D%220%200%20250%20166%22%3E%3C%2Fsvg%3E\" loading=\"eager\"><\/span><span class=\"fg-image-overlay\"><\/span><\/a><figcaption class=\"fg-caption\"><div class=\"fg-caption-inner\"><div class=\"fg-caption-title\">foto: Sandro Bura<\/div><div class=\"fg-caption-desc\">foto: Sandro Bura<\/div><\/div><\/figcaption><\/figure><div class=\"fg-loader\"><\/div><\/div><div class=\"fg-item fg-type-image fg-idle\"><figure class=\"fg-item-inner\"><a href=\"https:\/\/www.mojevrijeme.hr\/magazin\/wp-content\/uploads\/2022\/06\/otvaranje-stare-vlaske-16.jpg\" data-caption-title=\"Tomislav Toma\u0161evi\u0107 (foto: Sandro Bura)\" data-caption-desc=\"Tomislav Toma\u0161evi\u0107 (foto: Sandro Bura)\" data-attachment-id=\"60127\" data-type=\"image\" class=\"fg-thumb\"><span class=\"fg-image-wrap\"><img decoding=\"async\" alt=\"Tomislav Toma\u0161evi\u0107 najavio je besplatnu \u017ei\u010daru za stanovnike Zagreba.\" title=\"Tomislav Toma\u0161evi\u0107 (foto: Sandro Bura)\" width=\"250\" height=\"167\" class=\"skip-lazy fg-image\" data-src-fg=\"https:\/\/www.mojevrijeme.hr\/magazin\/wp-content\/uploads\/cache\/2022\/06\/otvaranje-stare-vlaske-16\/1266284402.jpg\" data-srcset-fg=\"https:\/\/www.mojevrijeme.hr\/magazin\/wp-content\/uploads\/cache\/2022\/06\/otvaranje-stare-vlaske-16\/4184412710.jpg 3x\" src=\"data:image\/svg+xml,%3Csvg%20xmlns%3D%22http%3A%2F%2Fwww.w3.org%2F2000%2Fsvg%22%20width%3D%22250%22%20height%3D%22167%22%20viewBox%3D%220%200%20250%20167%22%3E%3C%2Fsvg%3E\" loading=\"eager\"><\/span><span class=\"fg-image-overlay\"><\/span><\/a><figcaption class=\"fg-caption\"><div class=\"fg-caption-inner\"><div class=\"fg-caption-title\">Tomislav Toma\u0161evi\u0107 (foto: Sandro Bura)<\/div><div class=\"fg-caption-desc\">Tomislav Toma\u0161evi\u0107 (foto: Sandro Bura)<\/div><\/div><\/figcaption><\/figure><div class=\"fg-loader\"><\/div><\/div><div class=\"fg-item fg-type-image fg-idle\"><figure class=\"fg-item-inner\"><a href=\"https:\/\/www.mojevrijeme.hr\/magazin\/wp-content\/uploads\/2022\/06\/otvaranje-stare-vlaske-12.jpg\" data-caption-title=\"foto: Sandro Bura\" data-caption-desc=\"foto: Sandro Bura\" data-attachment-id=\"60123\" data-type=\"image\" class=\"fg-thumb\"><span class=\"fg-image-wrap\"><img decoding=\"async\" title=\"foto: Sandro Bura\" width=\"250\" height=\"167\" class=\"skip-lazy fg-image\" data-src-fg=\"https:\/\/www.mojevrijeme.hr\/magazin\/wp-content\/uploads\/cache\/2022\/06\/otvaranje-stare-vlaske-12\/63839150.jpg\" data-srcset-fg=\"https:\/\/www.mojevrijeme.hr\/magazin\/wp-content\/uploads\/cache\/2022\/06\/otvaranje-stare-vlaske-12\/2984181498.jpg 3x\" src=\"data:image\/svg+xml,%3Csvg%20xmlns%3D%22http%3A%2F%2Fwww.w3.org%2F2000%2Fsvg%22%20width%3D%22250%22%20height%3D%22167%22%20viewBox%3D%220%200%20250%20167%22%3E%3C%2Fsvg%3E\" loading=\"eager\"><\/span><span class=\"fg-image-overlay\"><\/span><\/a><figcaption class=\"fg-caption\"><div class=\"fg-caption-inner\"><div class=\"fg-caption-title\">foto: Sandro Bura<\/div><div class=\"fg-caption-desc\">foto: Sandro Bura<\/div><\/div><\/figcaption><\/figure><div class=\"fg-loader\"><\/div><\/div><div class=\"fg-item fg-type-image fg-idle\"><figure class=\"fg-item-inner\"><a href=\"https:\/\/www.mojevrijeme.hr\/magazin\/wp-content\/uploads\/2022\/06\/otvaranje-stare-vlaske-24.jpg\" data-caption-title=\"foto: Sandro Bura\" data-caption-desc=\"foto: Sandro Bura\" data-attachment-id=\"60106\" data-type=\"image\" class=\"fg-thumb\"><span class=\"fg-image-wrap\"><img decoding=\"async\" title=\"foto: Sandro Bura\" width=\"250\" height=\"166\" class=\"skip-lazy fg-image\" data-src-fg=\"https:\/\/www.mojevrijeme.hr\/magazin\/wp-content\/uploads\/cache\/2022\/06\/otvaranje-stare-vlaske-24\/1787693132.jpg\" data-srcset-fg=\"https:\/\/www.mojevrijeme.hr\/magazin\/wp-content\/uploads\/cache\/2022\/06\/otvaranje-stare-vlaske-24\/3634294040.jpg 3x\" src=\"data:image\/svg+xml,%3Csvg%20xmlns%3D%22http%3A%2F%2Fwww.w3.org%2F2000%2Fsvg%22%20width%3D%22250%22%20height%3D%22166%22%20viewBox%3D%220%200%20250%20166%22%3E%3C%2Fsvg%3E\" loading=\"eager\"><\/span><span class=\"fg-image-overlay\"><\/span><\/a><figcaption class=\"fg-caption\"><div class=\"fg-caption-inner\"><div class=\"fg-caption-title\">foto: Sandro Bura<\/div><div class=\"fg-caption-desc\">foto: Sandro Bura<\/div><\/div><\/figcaption><\/figure><div class=\"fg-loader\"><\/div><\/div><div class=\"fg-item fg-type-image fg-idle\"><figure class=\"fg-item-inner\"><a href=\"https:\/\/www.mojevrijeme.hr\/magazin\/wp-content\/uploads\/2022\/06\/otvaranje-stare-vlaske-23.jpg\" data-caption-title=\"foto: Sandro Bura\" data-caption-desc=\"foto: Sandro Bura\" data-attachment-id=\"60105\" data-type=\"image\" class=\"fg-thumb\"><span class=\"fg-image-wrap\"><img decoding=\"async\" title=\"foto: Sandro Bura\" width=\"250\" height=\"166\" class=\"skip-lazy fg-image\" data-src-fg=\"https:\/\/www.mojevrijeme.hr\/magazin\/wp-content\/uploads\/cache\/2022\/06\/otvaranje-stare-vlaske-23\/3635547119.jpg\" data-srcset-fg=\"https:\/\/www.mojevrijeme.hr\/magazin\/wp-content\/uploads\/cache\/2022\/06\/otvaranje-stare-vlaske-23\/1789062843.jpg 3x\" src=\"data:image\/svg+xml,%3Csvg%20xmlns%3D%22http%3A%2F%2Fwww.w3.org%2F2000%2Fsvg%22%20width%3D%22250%22%20height%3D%22166%22%20viewBox%3D%220%200%20250%20166%22%3E%3C%2Fsvg%3E\" loading=\"eager\"><\/span><span class=\"fg-image-overlay\"><\/span><\/a><figcaption class=\"fg-caption\"><div class=\"fg-caption-inner\"><div class=\"fg-caption-title\">foto: Sandro Bura<\/div><div class=\"fg-caption-desc\">foto: Sandro Bura<\/div><\/div><\/figcaption><\/figure><div class=\"fg-loader\"><\/div><\/div><div class=\"fg-item fg-type-image fg-idle\"><figure class=\"fg-item-inner\"><a href=\"https:\/\/www.mojevrijeme.hr\/magazin\/wp-content\/uploads\/2022\/06\/otvaranje-stare-vlaske-4.jpg\" data-caption-title=\"foto: Sandro Bura\" data-caption-desc=\"foto: Sandro Bura\" data-attachment-id=\"60115\" data-type=\"image\" class=\"fg-thumb\"><span class=\"fg-image-wrap\"><img decoding=\"async\" title=\"foto: Sandro Bura\" width=\"250\" height=\"167\" class=\"skip-lazy fg-image\" data-src-fg=\"https:\/\/www.mojevrijeme.hr\/magazin\/wp-content\/uploads\/cache\/2022\/06\/otvaranje-stare-vlaske-4\/3553584915.jpg\" data-srcset-fg=\"https:\/\/www.mojevrijeme.hr\/magazin\/wp-content\/uploads\/cache\/2022\/06\/otvaranje-stare-vlaske-4\/2116098986.jpg 3x\" src=\"data:image\/svg+xml,%3Csvg%20xmlns%3D%22http%3A%2F%2Fwww.w3.org%2F2000%2Fsvg%22%20width%3D%22250%22%20height%3D%22167%22%20viewBox%3D%220%200%20250%20167%22%3E%3C%2Fsvg%3E\" loading=\"eager\"><\/span><span class=\"fg-image-overlay\"><\/span><\/a><figcaption class=\"fg-caption\"><div class=\"fg-caption-inner\"><div class=\"fg-caption-title\">foto: Sandro Bura<\/div><div class=\"fg-caption-desc\">foto: Sandro Bura<\/div><\/div><\/figcaption><\/figure><div class=\"fg-loader\"><\/div><\/div><div class=\"fg-item fg-type-image fg-idle\"><figure class=\"fg-item-inner\"><a href=\"https:\/\/www.mojevrijeme.hr\/magazin\/wp-content\/uploads\/2022\/06\/otvaranje-stare-vlaske-22.jpg\" data-caption-title=\"foto: Sandro Bura\" data-caption-desc=\"foto: Sandro Bura\" data-attachment-id=\"60104\" data-type=\"image\" class=\"fg-thumb\"><span class=\"fg-image-wrap\"><img decoding=\"async\" title=\"foto: Sandro Bura\" width=\"250\" height=\"167\" class=\"skip-lazy fg-image\" data-src-fg=\"https:\/\/www.mojevrijeme.hr\/magazin\/wp-content\/uploads\/cache\/2022\/06\/otvaranje-stare-vlaske-22\/3399479512.jpg\" data-srcset-fg=\"https:\/\/www.mojevrijeme.hr\/magazin\/wp-content\/uploads\/cache\/2022\/06\/otvaranje-stare-vlaske-22\/2022643084.jpg 3x\" src=\"data:image\/svg+xml,%3Csvg%20xmlns%3D%22http%3A%2F%2Fwww.w3.org%2F2000%2Fsvg%22%20width%3D%22250%22%20height%3D%22167%22%20viewBox%3D%220%200%20250%20167%22%3E%3C%2Fsvg%3E\" loading=\"eager\"><\/span><span class=\"fg-image-overlay\"><\/span><\/a><figcaption class=\"fg-caption\"><div class=\"fg-caption-inner\"><div class=\"fg-caption-title\">foto: Sandro Bura<\/div><div class=\"fg-caption-desc\">foto: Sandro Bura<\/div><\/div><\/figcaption><\/figure><div class=\"fg-loader\"><\/div><\/div><div class=\"fg-item fg-type-image fg-idle\"><figure class=\"fg-item-inner\"><a href=\"https:\/\/www.mojevrijeme.hr\/magazin\/wp-content\/uploads\/2022\/06\/otvaranje-stare-vlaske-20.jpg\" data-caption-title=\"foto: Sandro Bura\" data-caption-desc=\"foto: Sandro Bura\" data-attachment-id=\"60102\" data-type=\"image\" class=\"fg-thumb\"><span class=\"fg-image-wrap\"><img decoding=\"async\" title=\"foto: Sandro Bura\" width=\"250\" height=\"166\" class=\"skip-lazy fg-image\" data-src-fg=\"https:\/\/www.mojevrijeme.hr\/magazin\/wp-content\/uploads\/cache\/2022\/06\/otvaranje-stare-vlaske-20\/574219408.jpg\" data-srcset-fg=\"https:\/\/www.mojevrijeme.hr\/magazin\/wp-content\/uploads\/cache\/2022\/06\/otvaranje-stare-vlaske-20\/2418606532.jpg 3x\" src=\"data:image\/svg+xml,%3Csvg%20xmlns%3D%22http%3A%2F%2Fwww.w3.org%2F2000%2Fsvg%22%20width%3D%22250%22%20height%3D%22166%22%20viewBox%3D%220%200%20250%20166%22%3E%3C%2Fsvg%3E\" loading=\"eager\"><\/span><span class=\"fg-image-overlay\"><\/span><\/a><figcaption class=\"fg-caption\"><div class=\"fg-caption-inner\"><div class=\"fg-caption-title\">foto: Sandro Bura<\/div><div class=\"fg-caption-desc\">foto: Sandro Bura<\/div><\/div><\/figcaption><\/figure><div class=\"fg-loader\"><\/div><\/div><div class=\"fg-item fg-type-image fg-idle\"><figure class=\"fg-item-inner\"><a href=\"https:\/\/www.mojevrijeme.hr\/magazin\/wp-content\/uploads\/2022\/06\/otvaranje-stare-vlaske-21.jpg\" data-caption-title=\"Danijela Dolenec (foto: Sandro Bura)\" data-caption-desc=\"Danijela Dolenec (foto: Sandro Bura)\" data-attachment-id=\"60103\" data-type=\"image\" class=\"fg-thumb\"><span class=\"fg-image-wrap\"><img decoding=\"async\" title=\"Danijela Dolenec (foto: Sandro Bura)\" width=\"250\" height=\"166\" class=\"skip-lazy fg-image\" data-src-fg=\"https:\/\/www.mojevrijeme.hr\/magazin\/wp-content\/uploads\/cache\/2022\/06\/otvaranje-stare-vlaske-21\/806625191.jpg\" data-srcset-fg=\"https:\/\/www.mojevrijeme.hr\/magazin\/wp-content\/uploads\/cache\/2022\/06\/otvaranje-stare-vlaske-21\/2181364467.jpg 3x\" src=\"data:image\/svg+xml,%3Csvg%20xmlns%3D%22http%3A%2F%2Fwww.w3.org%2F2000%2Fsvg%22%20width%3D%22250%22%20height%3D%22166%22%20viewBox%3D%220%200%20250%20166%22%3E%3C%2Fsvg%3E\" loading=\"eager\"><\/span><span class=\"fg-image-overlay\"><\/span><\/a><figcaption class=\"fg-caption\"><div class=\"fg-caption-inner\"><div class=\"fg-caption-title\">Danijela Dolenec (foto: Sandro Bura)<\/div><div class=\"fg-caption-desc\">Danijela Dolenec (foto: Sandro Bura)<\/div><\/div><\/figcaption><\/figure><div class=\"fg-loader\"><\/div><\/div><div class=\"fg-item fg-type-image fg-idle\"><figure class=\"fg-item-inner\"><a href=\"https:\/\/www.mojevrijeme.hr\/magazin\/wp-content\/uploads\/2022\/06\/otvaranje-stare-vlaske-19.jpg\" data-caption-title=\"foto: Sandro Bura\" data-caption-desc=\"foto: Sandro Bura\" data-attachment-id=\"60101\" data-type=\"image\" class=\"fg-thumb\"><span class=\"fg-image-wrap\"><img decoding=\"async\" title=\"foto: Sandro Bura\" width=\"250\" height=\"166\" class=\"skip-lazy fg-image\" data-src-fg=\"https:\/\/www.mojevrijeme.hr\/magazin\/wp-content\/uploads\/cache\/2022\/06\/otvaranje-stare-vlaske-19\/3154299332.jpg\" data-srcset-fg=\"https:\/\/www.mojevrijeme.hr\/magazin\/wp-content\/uploads\/cache\/2022\/06\/otvaranje-stare-vlaske-19\/236072080.jpg 3x\" src=\"data:image\/svg+xml,%3Csvg%20xmlns%3D%22http%3A%2F%2Fwww.w3.org%2F2000%2Fsvg%22%20width%3D%22250%22%20height%3D%22166%22%20viewBox%3D%220%200%20250%20166%22%3E%3C%2Fsvg%3E\" loading=\"eager\"><\/span><span class=\"fg-image-overlay\"><\/span><\/a><figcaption class=\"fg-caption\"><div class=\"fg-caption-inner\"><div class=\"fg-caption-title\">foto: Sandro Bura<\/div><div class=\"fg-caption-desc\">foto: Sandro Bura<\/div><\/div><\/figcaption><\/figure><div class=\"fg-loader\"><\/div><\/div><div class=\"fg-item fg-type-image fg-idle\"><figure class=\"fg-item-inner\"><a href=\"https:\/\/www.mojevrijeme.hr\/magazin\/wp-content\/uploads\/2022\/06\/otvaranje-stare-vlaske-17.jpg\" data-caption-title=\"foto: Sandro Bura\" data-caption-desc=\"foto: Sandro Bura\" data-attachment-id=\"60099\" data-type=\"image\" class=\"fg-thumb\"><span class=\"fg-image-wrap\"><img decoding=\"async\" title=\"foto: Sandro Bura\" width=\"250\" height=\"167\" class=\"skip-lazy fg-image\" data-src-fg=\"https:\/\/www.mojevrijeme.hr\/magazin\/wp-content\/uploads\/cache\/2022\/06\/otvaranje-stare-vlaske-17\/1871675776.jpg\" data-srcset-fg=\"https:\/\/www.mojevrijeme.hr\/magazin\/wp-content\/uploads\/cache\/2022\/06\/otvaranje-stare-vlaske-17\/3718210772.jpg 3x\" src=\"data:image\/svg+xml,%3Csvg%20xmlns%3D%22http%3A%2F%2Fwww.w3.org%2F2000%2Fsvg%22%20width%3D%22250%22%20height%3D%22167%22%20viewBox%3D%220%200%20250%20167%22%3E%3C%2Fsvg%3E\" loading=\"eager\"><\/span><span class=\"fg-image-overlay\"><\/span><\/a><figcaption class=\"fg-caption\"><div class=\"fg-caption-inner\"><div class=\"fg-caption-title\">foto: Sandro Bura<\/div><div class=\"fg-caption-desc\">foto: Sandro Bura<\/div><\/div><\/figcaption><\/figure><div class=\"fg-loader\"><\/div><\/div><div class=\"fg-item fg-type-image fg-idle\"><figure class=\"fg-item-inner\"><a href=\"https:\/\/www.mojevrijeme.hr\/magazin\/wp-content\/uploads\/2022\/06\/otvaranje-stare-vlaske-10.jpg\" data-caption-title=\"Danijela Dolenec i Ivana Kekin (foto: Sandro Bura)\" data-caption-desc=\"Danijela Dolenec i Ivana Kekin (foto: Sandro Bura)\" data-attachment-id=\"60121\" data-type=\"image\" class=\"fg-thumb\"><span class=\"fg-image-wrap\"><img decoding=\"async\" alt=\"Ivana Kekin objasnila za\u0161to su mirovine male.\" title=\"Danijela Dolenec i Ivana Kekin (foto: Sandro Bura)\" width=\"250\" height=\"167\" class=\"skip-lazy fg-image\" data-src-fg=\"https:\/\/www.mojevrijeme.hr\/magazin\/wp-content\/uploads\/cache\/2022\/06\/otvaranje-stare-vlaske-10\/664137152.jpg\" data-srcset-fg=\"https:\/\/www.mojevrijeme.hr\/magazin\/wp-content\/uploads\/cache\/2022\/06\/otvaranje-stare-vlaske-10\/2508523668.jpg 3x\" src=\"data:image\/svg+xml,%3Csvg%20xmlns%3D%22http%3A%2F%2Fwww.w3.org%2F2000%2Fsvg%22%20width%3D%22250%22%20height%3D%22167%22%20viewBox%3D%220%200%20250%20167%22%3E%3C%2Fsvg%3E\" loading=\"eager\"><\/span><span class=\"fg-image-overlay\"><\/span><\/a><figcaption class=\"fg-caption\"><div class=\"fg-caption-inner\"><div class=\"fg-caption-title\">Danijela Dolenec i Ivana Kekin (foto: Sandro Bura)<\/div><div class=\"fg-caption-desc\">Danijela Dolenec i Ivana Kekin (foto: Sandro Bura)<\/div><\/div><\/figcaption><\/figure><div class=\"fg-loader\"><\/div><\/div><\/div>\n<div id=\"mojev-4213612542\" class=\"mojev-kraj-teksta mojev-entity-placement\" style=\"margin-bottom: 20px;margin-left: auto;margin-right: auto;text-align: center;\"><div class=\"mojev-adlabel\">oglas<\/div><div style=\"height: 250px;\"><script async src=\"https:\/\/pagead2.googlesyndication.com\/pagead\/js\/adsbygoogle.js?client=ca-pub-8106111766207173\"\r\n     crossorigin=\"anonymous\"><\/script>\r\n<!-- Display-1 -->\r\n<ins class=\"adsbygoogle\"\r\n     style=\"display:block\"\r\n     data-ad-client=\"ca-pub-8106111766207173\"\r\n     data-ad-slot=\"1465712950\"\r\n     data-ad-format=\"auto\"\r\n     data-full-width-responsive=\"true\"><\/ins>\r\n<script>\r\n     (adsbygoogle = window.adsbygoogle || []).push({});\r\n<\/script><\/div><\/div>","protected":false},"excerpt":{"rendered":"<p>\u017dardinjere i klupe izra\u0111ene su od recikliranog betona pa i time ova pje\u0161a\u010dka zona ukazuje na zaokret Zagreba prema odr\u017eivosti i kru\u017enoj ekonomiji, ka\u017ee gradona\u010delnik Toma\u0161evi\u0107.<\/p>\n","protected":false},"author":2,"featured_media":60103,"comment_status":"closed","ping_status":"closed","sticky":false,"template":"","format":"gallery","meta":{"footnotes":""},"categories":[2],"tags":[3186,2670,39],"class_list":["post-60128","post","type-post","status-publish","format-gallery","has-post-thumbnail","hentry","category-mozaik","tag-pjesacke-zone","tag-tomislav-tomasevic","tag-zagreb","post_format-post-format-gallery"],"_links":{"self":[{"href":"https:\/\/www.mojevrijeme.hr\/magazin\/wp-json\/wp\/v2\/posts\/60128","targetHints":{"allow":["GET"]}}],"collection":[{"href":"https:\/\/www.mojevrijeme.hr\/magazin\/wp-json\/wp\/v2\/posts"}],"about":[{"href":"https:\/\/www.mojevrijeme.hr\/magazin\/wp-json\/wp\/v2\/types\/post"}],"author":[{"embeddable":true,"href":"https:\/\/www.mojevrijeme.hr\/magazin\/wp-json\/wp\/v2\/users\/2"}],"replies":[{"embeddable":true,"href":"https:\/\/www.mojevrijeme.hr\/magazin\/wp-json\/wp\/v2\/comments?post=60128"}],"version-history":[{"count":0,"href":"https:\/\/www.mojevrijeme.hr\/magazin\/wp-json\/wp\/v2\/posts\/60128\/revisions"}],"wp:featuredmedia":[{"embeddable":true,"href":"https:\/\/www.mojevrijeme.hr\/magazin\/wp-json\/wp\/v2\/media\/60103"}],"wp:attachment":[{"href":"https:\/\/www.mojevrijeme.hr\/magazin\/wp-json\/wp\/v2\/media?parent=60128"}],"wp:term":[{"taxonomy":"category","embeddable":true,"href":"https:\/\/www.mojevrijeme.hr\/magazin\/wp-json\/wp\/v2\/categories?post=60128"},{"taxonomy":"post_tag","embeddable":true,"href":"https:\/\/www.mojevrijeme.hr\/magazin\/wp-json\/wp\/v2\/tags?post=60128"}],"curies":[{"name":"wp","href":"https:\/\/api.w.org\/{rel}","templated":true}]}}