{"id":60142,"date":"2022-06-06T20:50:39","date_gmt":"2022-06-06T18:50:39","guid":{"rendered":"https:\/\/www.mojevrijeme.hr\/magazin\/?p=60142"},"modified":"2022-06-07T18:06:41","modified_gmt":"2022-06-07T16:06:41","slug":"prposan-profesor-hudec-72-trci-maratone-sadi-konoplju-radi-kreme-putuje-i-ljubi","status":"publish","type":"post","link":"https:\/\/www.mojevrijeme.hr\/magazin\/2022\/06\/prposan-profesor-hudec-72-trci-maratone-sadi-konoplju-radi-kreme-putuje-i-ljubi\/","title":{"rendered":"Prpo\u0161an profesor Hudec (72) tr\u010di maratone, sadi konoplju, radi kreme, putuje i &#8211; ljubi"},"content":{"rendered":"\n<p>Gospodin <strong>Goran Hudec<\/strong>, ro\u0111eni Zagrep\u010danin iz centra, ne mo\u017ee pro\u0107i gradom, a da ga svako malo s osmijehom na licu ne pozdravljaju prijatelji, znanci, sportski kolege, astronauti\u010dki fanovi poput njega, ali i biv\u0161i studenti. Ovaj diplomirani in\u017eenjer s FER-a je, naime, posljednjih 25 godina do mirovine radio kao sveu\u010dili\u0161tni profesor na Tekstilno-tehnolo\u0161kom fakultetu. <\/p>\n\n\n\n<p>&#8220;I, kakvi ste bili kao profesor, strah i trepet, ili&#8230;&#8221; upitam ga, a on odgovara da \u0107e skratiti pri\u010du i znakovito re\u0107i da je kod njega mogao polo\u017eiti svatko tko je htio. &#8220;To zna\u010di da je fakultet usmjeren ka tekstilu i dizajnu i nisam ih htio daviti s elektrotehnikom. Znalo se da se kod mene mo\u017ee polo\u017eiti, ali ne bez znanja&#8221;, govori profesor Hudec koji je na radnome mjestu ostao do 70. godine \u017eivota. Studenti ga danas, ka\u017ee, rado pozdravljaju gdje god ih sretne, a s nekima ima i poslovnu suradnju<\/p>\n\n\n\n<h3 class=\"wp-block-heading\">Proslavio se u kviz emisiji biv\u0161e Jugoslavije<\/h3>\n\n\n\n<p>On sam, bio je istaknut u\u010denik i student. Kao nadareni matemati\u010dar i fizi\u010dar bio je prva generacija \u0111aka u MIOC-u, jednoj&nbsp; od i danas najja\u010dih srednjih \u0161kola u Zagrebu. Na faksu je zbog silnog znanja o astronautici postao jo\u0161 i slavan, i to u \u010ditavoj biv\u0161oj Jugi! <\/p><div id=\"mojev-4097059697\" class=\"mojev-u-tekstu mojev-entity-placement\" style=\"margin-left: auto;margin-right: auto;text-align: center;\"><div class=\"mojev-adlabel\">oglas<\/div><div style=\"height: 250px;\"><script async src=\"https:\/\/pagead2.googlesyndication.com\/pagead\/js\/adsbygoogle.js?client=ca-pub-8106111766207173\"\r\n     crossorigin=\"anonymous\"><\/script>\r\n<!-- Prikazni 1 u tekstu -->\r\n<ins class=\"adsbygoogle\"\r\n     style=\"display:block\"\r\n     data-ad-client=\"ca-pub-8106111766207173\"\r\n     data-ad-slot=\"8535551207\"\r\n     data-ad-format=\"auto\"\r\n     data-full-width-responsive=\"true\"><\/ins>\r\n<script>\r\n     (adsbygoogle = window.adsbygoogle || []).push({});\r\n<\/script><\/div><\/div><br style=\"clear: both; display: block; float: none;\"\/>\n\n\n\n<p>&#8220;Oduvijek me zanimala astronautika, imao sam i ekipu s kojom sam \u010desto visio u zvjezdarnici. Onda sam vidio da je upravo to tema novog kviza nazvanog &#8216;Zna\u0161, znam&#8217; koji je kretao na nacionalnoj televiziji, pa sam se prijavio. Imao sam 19 godina, pro\u0161ao dvije runde selekcije i pobijedio izme\u0111u 250 kandidata. Bila je to tada udarna emisija, jako popularna, svi su to pratili. I tako sam ja kroz onih \u0161est emisija koliko smo ih snimili postao ono, ba\u0161 poznata faca. I \u0161to je najbolje od svega, zaradio sam tada u vrijednost u iznosu koliko su ko\u0161tala tri fi\u0107eka. A znamo da je tada fi\u0107ek itekako vrijedio&#8221;, ispri\u010dao je gospodin Hudec.<\/p>\n\n\n\n<h3 class=\"wp-block-heading\">Povratak sportu u kasnim tridesetima<\/h3>\n\n\n\n<p>I dok je zbog studija i kasnije poslovnih i obiteljskih obaveza zapustio svoju prvu sportsku ljubav \u2013 veslanje koje je trenirao u klubu te te se natjecao u disciplini \u010detverac bez kormilara \u2013 kako se pribli\u017eavao \u010detrdesetima opet se sve vi\u0161e okretao sportu.<\/p>\n\n\n\n<figure class=\"wp-block-image size-large\"><img loading=\"lazy\" decoding=\"async\" width=\"740\" height=\"444\" src=\"https:\/\/www.mojevrijeme.hr\/magazin\/wp-content\/uploads\/2022\/06\/hudec-na-moru-740x444.jpg\" alt=\"\" class=\"wp-image-60171\" srcset=\"https:\/\/www.mojevrijeme.hr\/magazin\/wp-content\/uploads\/2022\/06\/hudec-na-moru-740x444.jpg 740w, https:\/\/www.mojevrijeme.hr\/magazin\/wp-content\/uploads\/2022\/06\/hudec-na-moru-636x382.jpg 636w, https:\/\/www.mojevrijeme.hr\/magazin\/wp-content\/uploads\/2022\/06\/hudec-na-moru-768x461.jpg 768w, https:\/\/www.mojevrijeme.hr\/magazin\/wp-content\/uploads\/2022\/06\/hudec-na-moru-1536x922.jpg 1536w, https:\/\/www.mojevrijeme.hr\/magazin\/wp-content\/uploads\/2022\/06\/hudec-na-moru-1500x900.jpg 1500w, https:\/\/www.mojevrijeme.hr\/magazin\/wp-content\/uploads\/2022\/06\/hudec-na-moru-1600x960.jpg 1600w, https:\/\/www.mojevrijeme.hr\/magazin\/wp-content\/uploads\/2022\/06\/hudec-na-moru-590x354.jpg 590w, https:\/\/www.mojevrijeme.hr\/magazin\/wp-content\/uploads\/2022\/06\/hudec-na-moru-400x240.jpg 400w, https:\/\/www.mojevrijeme.hr\/magazin\/wp-content\/uploads\/2022\/06\/hudec-na-moru-1000x600.jpg 1000w, https:\/\/www.mojevrijeme.hr\/magazin\/wp-content\/uploads\/2022\/06\/hudec-na-moru-820x492.jpg 820w, https:\/\/www.mojevrijeme.hr\/magazin\/wp-content\/uploads\/2022\/06\/hudec-na-moru-1080x648.jpg 1080w, https:\/\/www.mojevrijeme.hr\/magazin\/wp-content\/uploads\/2022\/06\/hudec-na-moru.jpg 2000w\" sizes=\"auto, (max-width: 740px) 100vw, 740px\" \/><figcaption>Vesna \u0160oi\u0107 i Goran Hudec (foto: privatni album)<\/figcaption><\/figure>\n\n\n\n<p>&#8220;U 50. godini \u017eivota postao sam rekorder na 100 kilometara u tr\u010danju, utrci koja se tr\u010di 12 sati. Rekord sam dr\u017eao punih deset godina, dok me nije pre\u0161i\u0161ao Josip Dikon, moj sportski kolega kojemu stalno u \u0161ali govorim da mu to ne\u0107u oprostiti i da \u0107u ga opet nadma\u0161iti. Nakon toga, sa 62 godine, postao sam najstariji Ironman u Hrvata&nbsp; (utrka u kojoj se pliva, vozi bicikl i tr\u010di ukupno 225 kilometara, op.a.). I opet me onaj \u010detiri godine od mene mla\u0111i balavac od Dikona prestigao, on je to postigao sa 66 godina&#8221;, rekao je s prijete\u0107im prstom u zraku.<\/p>\n\n\n\n<p>Koliko je neumoran, govori i njegov ushit kad govori o sljede\u0107oj utrci. &#8220;Sutra tr\u010dim Traversu od Podsuseda do Zeline, 53 kilometra. Spreman sam jer redovito treniram ili na nasipu, ili u Maksimiru ili pak oko Jaruna&#8221;, govori. Jedan od velikih izazova za koji se ve\u0107 sada priprema je Svjetsko prvenstvo u plivanju u Japanu, koje \u0107e se odr\u017eati u jesen 2023. Zanimljivo je da su se prijavili i njegovi sinovi, 44-godi\u0161nji blizanci kojima je plivanje osnovni sport odmalena.<\/p>\n\n\n\n<h3 class=\"wp-block-heading\">Ljubav na pragu sedamdesete<\/h3>\n\n\n\n<p>Gospodin Hudec dugo je \u017eivio kao samac, a onda je prije tri godine preko prijatelja upoznao arhitekticu <strong>Vesnu \u0160oi\u0107<\/strong> s kojoj je danas u nje\u017enoj vezi. Formalno svatko i dalje \u017eivi na svojoj adresi, ali su ve\u0107inom ipak zajedno, ili kod njega, ili kod nje. &#8220;Kako se poslo\u017ei, i to nam savr\u0161eno odgovara&#8221;, rekao je na\u0161 sugovornik.<\/p>\n\n\n\n<h3 class=\"wp-block-heading\">Ima polje konoplje<\/h3>\n\n\n\n<p>Sa svojom Vesnom i usko sura\u0111uje na jednom za Hrvatsku vrlo neobi\u010dnom projektu. Naime, profesor Hudec je prije nekoliko godina u Donjoj Kup\u010dini u najam uzeo tri hektra zemlje, te zasadio industrijsku konoplju. Otvorio je OPG i bacio se na proizvodnju CBD ulja, sapuna, krema&#8230; Duhovit kakav je, svoje mi je proizvode pod brendom &#8220;Sjaj u travi&#8221; objasnio ovako: &#8220;Krema je za du\u0161u, gel za, kak bi Zagorci rekli, celo telo, sapun je za \u010distu savjest, a \u010daj za op\u0107e dobro.&#8221;<\/p>\n\n\n\n<p>No, uz svoju je arhitekticu do\u0161ao na jo\u0161 jednu zamisao \u2013 uz jo\u0161 petero suradnika u Zadruzi koju su osnovali, rade na slo\u017eenom projektu gradnje ku\u0107e od konoplje, koje su u Belgiji, Engleskoj, Francuskoj ve\u0107 uobi\u010dajena stvar. &#8220;Jo\u0161 razvijamo cijeli taj model, da to bude zaokru\u017eena pri\u010da, ali ve\u0107 znamo da \u0107e ku\u0107a biti malo odignuta od tla, imat \u0107e konstrukciju od drveta, a &#8216;cigle&#8217; \u0107e biti od konopljine sje\u010dke i vapna, \u0161to je vani ve\u0107 dugo prepoznato kao materijal ravnopravan svim uobi\u010dajenim gra\u0111evnim materijalima&#8221;, rekao je profesor s napomenom da za jednu ku\u0107u ve\u0107 imaju naru\u010ditelja. Te su ku\u0107e, ka\u017ee, zdrave, sav\u0161eno postojane, termoizolacijski bez premca, a cijena po kvadratu dose\u017ee im pribli\u017eno kao i kod klasi\u010dne gradnje.<\/p>\n\n\n\n<figure class=\"wp-block-image size-large\"><img loading=\"lazy\" decoding=\"async\" width=\"740\" height=\"444\" src=\"https:\/\/www.mojevrijeme.hr\/magazin\/wp-content\/uploads\/2022\/06\/hudec-konoplja-740x444.jpg\" alt=\"\" class=\"wp-image-60172\" srcset=\"https:\/\/www.mojevrijeme.hr\/magazin\/wp-content\/uploads\/2022\/06\/hudec-konoplja-740x444.jpg 740w, https:\/\/www.mojevrijeme.hr\/magazin\/wp-content\/uploads\/2022\/06\/hudec-konoplja-636x382.jpg 636w, https:\/\/www.mojevrijeme.hr\/magazin\/wp-content\/uploads\/2022\/06\/hudec-konoplja-768x461.jpg 768w, https:\/\/www.mojevrijeme.hr\/magazin\/wp-content\/uploads\/2022\/06\/hudec-konoplja-1536x922.jpg 1536w, https:\/\/www.mojevrijeme.hr\/magazin\/wp-content\/uploads\/2022\/06\/hudec-konoplja-1500x900.jpg 1500w, https:\/\/www.mojevrijeme.hr\/magazin\/wp-content\/uploads\/2022\/06\/hudec-konoplja-1600x960.jpg 1600w, https:\/\/www.mojevrijeme.hr\/magazin\/wp-content\/uploads\/2022\/06\/hudec-konoplja-590x354.jpg 590w, https:\/\/www.mojevrijeme.hr\/magazin\/wp-content\/uploads\/2022\/06\/hudec-konoplja-400x240.jpg 400w, https:\/\/www.mojevrijeme.hr\/magazin\/wp-content\/uploads\/2022\/06\/hudec-konoplja-1000x600.jpg 1000w, https:\/\/www.mojevrijeme.hr\/magazin\/wp-content\/uploads\/2022\/06\/hudec-konoplja-820x492.jpg 820w, https:\/\/www.mojevrijeme.hr\/magazin\/wp-content\/uploads\/2022\/06\/hudec-konoplja-1080x648.jpg 1080w, https:\/\/www.mojevrijeme.hr\/magazin\/wp-content\/uploads\/2022\/06\/hudec-konoplja.jpg 2000w\" sizes=\"auto, (max-width: 740px) 100vw, 740px\" \/><figcaption>U polju konoplje (foto: privatni album)<\/figcaption><\/figure>\n\n\n\n<h3 class=\"wp-block-heading\">Astronautika kao strast<\/h3>\n\n\n\n<p>Uz sve te aktivnosti, osim \u0161to svakodnevno pro\u010dita sve novosti iz svijeta astronautike, profesor Hudec pi\u0161e i blog na tu temu te ga objavljuje na jednoj skupnoj platformi. Televiziju gotovo i ne gleda, mo\u017eda tek &#8220;Potjeru&#8221; i &#8220;Teoriju velikog praska&#8221;.<\/p>\n\n\n\n<p>Kad je barem dio dana kod ku\u0107e, obavezno kuha, i to katkad budu i slo\u017eena jela poput fi\u0161 paprika\u0161a i raznih gula\u0161a, pa zna pozvati i prijatelje.<\/p>\n\n\n\n<p>Ah, od silnih njegovih aktivnosti, zamalo propustih re\u0107i i da na\u0161 profesor pi\u0161e kratke pri\u010de &#8211; me\u0111u najuspje\u0161nijima je pri\u010da &#8220;No\u0107 klad sam postao star&#8221; i na engleski prevedena <em>&#8220;The ring&#8221;<\/em>.<\/p>\n\n\n\n<h3 class=\"wp-block-heading\">Privla\u010de ga vulkani \u2013 obi\u0161ao ih je 17<\/h3>\n\n\n\n<p>Na mirovinu se ne \u017eali, a kad mu se uka\u017ee prilika, putuje u zemlje vulkana. &#8220;Nevjerojatno me privla\u010de vulkani, posjetio sam ih dosad ve\u0107 17. Neostvaren san mi je najvi\u0161i svjetski aktivni vulkan Ojos del Salado, koji se nalazi na granici izme\u0111u Argentine i \u010cilea. Ve\u0107 nekoliko godina tra\u017eim suputnika, nikoga ne mogu nagovoriti na to. Drugi vulkani koje bih jo\u0161 volio vidjeti su jo\u0161 vulkan u Papui Novoj Gvineji i jedan u Sjevernoj Americi. Od ovih koje sam video, odu\u0161evili su me posebno vulkan Elbrus na Kavkazu, Damavand u Aziji i Kilimanjaro u Africi.&#8221;<\/p>\n\n\n\n<figure class=\"wp-block-image size-large\"><img loading=\"lazy\" decoding=\"async\" width=\"740\" height=\"444\" src=\"https:\/\/www.mojevrijeme.hr\/magazin\/wp-content\/uploads\/2022\/06\/vulkani-740x444.jpg\" alt=\"\" class=\"wp-image-60173\" srcset=\"https:\/\/www.mojevrijeme.hr\/magazin\/wp-content\/uploads\/2022\/06\/vulkani-740x444.jpg 740w, https:\/\/www.mojevrijeme.hr\/magazin\/wp-content\/uploads\/2022\/06\/vulkani-636x382.jpg 636w, https:\/\/www.mojevrijeme.hr\/magazin\/wp-content\/uploads\/2022\/06\/vulkani-768x461.jpg 768w, https:\/\/www.mojevrijeme.hr\/magazin\/wp-content\/uploads\/2022\/06\/vulkani-1536x922.jpg 1536w, https:\/\/www.mojevrijeme.hr\/magazin\/wp-content\/uploads\/2022\/06\/vulkani-1500x900.jpg 1500w, https:\/\/www.mojevrijeme.hr\/magazin\/wp-content\/uploads\/2022\/06\/vulkani-1600x960.jpg 1600w, https:\/\/www.mojevrijeme.hr\/magazin\/wp-content\/uploads\/2022\/06\/vulkani-590x354.jpg 590w, https:\/\/www.mojevrijeme.hr\/magazin\/wp-content\/uploads\/2022\/06\/vulkani-400x240.jpg 400w, https:\/\/www.mojevrijeme.hr\/magazin\/wp-content\/uploads\/2022\/06\/vulkani-1000x600.jpg 1000w, https:\/\/www.mojevrijeme.hr\/magazin\/wp-content\/uploads\/2022\/06\/vulkani-820x492.jpg 820w, https:\/\/www.mojevrijeme.hr\/magazin\/wp-content\/uploads\/2022\/06\/vulkani-1080x648.jpg 1080w, https:\/\/www.mojevrijeme.hr\/magazin\/wp-content\/uploads\/2022\/06\/vulkani.jpg 2000w\" sizes=\"auto, (max-width: 740px) 100vw, 740px\" \/><figcaption>Vesna \u0160oi\u0107 i Goran Hudec (foto: privatni album)<\/figcaption><\/figure>\n\n\n\n<p>Na rastanku mu po\u017eeljeh uspje\u0161nu utrku &#8220;Traversu&#8221;, a on mi je obe\u0107ao da \u0107e \u010ditatelji portala MojeVrijeme.hr me\u0111u prvima imati prilike vidjeti fotografije prve hrvatske ku\u0107e od konoplje!<\/p>\n\n\n\n<div id=\"blokovi\">Ovaj prilog nastao je uz potporu Fonda za poticanje pluralizma i raznovrsnosti elektroni\u010dkih medija u okviru projekta \u201cS godinama bolji &#8211; Aktivno i zdravo starenje\u201d<\/div>\n<div id=\"mojev-576968080\" class=\"mojev-kraj-teksta mojev-entity-placement\" style=\"margin-bottom: 20px;margin-left: auto;margin-right: auto;text-align: center;\"><div class=\"mojev-adlabel\">oglas<\/div><div style=\"height: 250px;\"><script async src=\"https:\/\/pagead2.googlesyndication.com\/pagead\/js\/adsbygoogle.js?client=ca-pub-8106111766207173\"\r\n     crossorigin=\"anonymous\"><\/script>\r\n<!-- Display-1 -->\r\n<ins class=\"adsbygoogle\"\r\n     style=\"display:block\"\r\n     data-ad-client=\"ca-pub-8106111766207173\"\r\n     data-ad-slot=\"1465712950\"\r\n     data-ad-format=\"auto\"\r\n     data-full-width-responsive=\"true\"><\/ins>\r\n<script>\r\n     (adsbygoogle = window.adsbygoogle || []).push({});\r\n<\/script><\/div><\/div>","protected":false},"excerpt":{"rendered":"<p>Bilo je ne\u0161to prije sedam ujutro kad sam stigla na plivali\u0161te Mladost &#8211;  u tamo\u0161njem kafi\u0107u me, uz mali espresso, \u010dekao profesor Goran Hudec, 72-godi\u0161njak koji je ve\u0107 bio odradio svojih sat vremena plivanja. &#8216;Pa dobro, kad po\u010dinjete s plivanjem ujutro?&#8217;, upitam ga, a njemu je najprirodnija stvar na svijetu odgovoriti: &#8216;U \u0161est. Da idem kasnije, ode meni dan. A nemam vremena na bacanje&#8217;. I iako smo dogovorili da \u0107e mi pri\u010dati o svojim sportskim aktivnostima kojima se bavi i u osmom desetlje\u0107u \u017eivota, malo po malo otkrivala sam u njemu osobu nevjerojatne ne samo fizi\u010dke, ve\u0107 i mentalne snage. Ostvaren je na svim poljima \u2013 osobnom, poslovnom, ljubavnom, a stvarala\u010dkih mu ideja bome ne nedostaje. Radi ne nekoliko poduzetni\u010dkih projekata, pi\u0161e stru\u010dni blog, bavi se poljoprivredom, uz sve to tr\u010di maratone, pliva, biciklira, dru\u017ei se s prijateljima, a prije tri godine dogodila mu se i &#8211; ljubav.<\/p>\n","protected":false},"author":15,"featured_media":60169,"comment_status":"closed","ping_status":"closed","sticky":false,"template":"","format":"standard","meta":{"footnotes":""},"categories":[85,2853],"tags":[3221,3222,957,283],"class_list":["post-60142","post","type-post","status-publish","format-standard","has-post-thumbnail","hentry","category-aktivno-starenje","category-zivim-ucim-rastem","tag-goran-hudec","tag-konoplja","tag-mirovina","tag-sport"],"_links":{"self":[{"href":"https:\/\/www.mojevrijeme.hr\/magazin\/wp-json\/wp\/v2\/posts\/60142","targetHints":{"allow":["GET"]}}],"collection":[{"href":"https:\/\/www.mojevrijeme.hr\/magazin\/wp-json\/wp\/v2\/posts"}],"about":[{"href":"https:\/\/www.mojevrijeme.hr\/magazin\/wp-json\/wp\/v2\/types\/post"}],"author":[{"embeddable":true,"href":"https:\/\/www.mojevrijeme.hr\/magazin\/wp-json\/wp\/v2\/users\/15"}],"replies":[{"embeddable":true,"href":"https:\/\/www.mojevrijeme.hr\/magazin\/wp-json\/wp\/v2\/comments?post=60142"}],"version-history":[{"count":0,"href":"https:\/\/www.mojevrijeme.hr\/magazin\/wp-json\/wp\/v2\/posts\/60142\/revisions"}],"wp:featuredmedia":[{"embeddable":true,"href":"https:\/\/www.mojevrijeme.hr\/magazin\/wp-json\/wp\/v2\/media\/60169"}],"wp:attachment":[{"href":"https:\/\/www.mojevrijeme.hr\/magazin\/wp-json\/wp\/v2\/media?parent=60142"}],"wp:term":[{"taxonomy":"category","embeddable":true,"href":"https:\/\/www.mojevrijeme.hr\/magazin\/wp-json\/wp\/v2\/categories?post=60142"},{"taxonomy":"post_tag","embeddable":true,"href":"https:\/\/www.mojevrijeme.hr\/magazin\/wp-json\/wp\/v2\/tags?post=60142"}],"curies":[{"name":"wp","href":"https:\/\/api.w.org\/{rel}","templated":true}]}}