{"id":60307,"date":"2022-06-14T11:43:43","date_gmt":"2022-06-14T09:43:43","guid":{"rendered":"https:\/\/www.mojevrijeme.hr\/magazin\/?p=60307"},"modified":"2022-06-14T11:43:45","modified_gmt":"2022-06-14T09:43:45","slug":"gospoda-ivancica-u-mirovini-izraduje-predivne-rucnike-stolnjake-i-tepihe","status":"publish","type":"post","link":"https:\/\/www.mojevrijeme.hr\/magazin\/2022\/06\/gospoda-ivancica-u-mirovini-izraduje-predivne-rucnike-stolnjake-i-tepihe\/","title":{"rendered":"Gospo\u0111a Ivan\u010dica u mirovini izra\u0111uje predivne ru\u010dnike, stolnjake i tepihe"},"content":{"rendered":"\n<p>Dirljiva je pri\u010da o tome kako je zapo\u010dela tradicija tkanja u obitelji 75-godi\u0161nje gospo\u0111e <strong>Ivan\u010dice Turkovi\u0107<\/strong> iz Podravine. Naime, kad je njezina majka Marica sredinom tridesetih godina pro\u0161log stolje\u0107a napunila 13 godina, spremala se zima i trebale su joj nove cipele. U ono vrijeme to je za obitelji bio ozbiljan izdatak, pa je rekla roditeljima da joj za taj novac radije daju izraditi tkala\u010dki stan. Ostvarila joj se \u017eelja i ispod njezinih spretnih i strpljivih ruku idu\u0107ih su osam desetlje\u0107a izlazila prava mala umjetni\u010dka djela. <\/p>\n\n\n\n<p>&#8220;Mama je tkala sve do kraja \u017eivota, a do\u017eivjela je 93 godine. Uz nju sam i ja rano nau\u010dila tu vje\u0161tinu, od malih nogu sam joj pomagala. Podu\u010davala me cijelom postupku tradicijskog tkanja \u2013 od pripreme\u00a0(snovanje, navijanje) i tehnike tkanja na\u00a0prebore, do svih ostalih postupaka i terminologije u kajkavskom narje\u010dju vezanih uz tkanje. I moram re\u0107i da jo\u0161 uvijek radim na njezinom tkala\u010dkom stanu na kojem je urezana 1937. godina&#8221;, ispri\u010dala nam je pospo\u0111a Ivan\u010dica.<\/p>\n\n\n\n<h3 class=\"wp-block-heading\">Konkurencija gotovo nestala<\/h3>\n\n\n\n<p>Kad do\u0111e prodavati na sajmove, gospo\u0111a Ivan\u010dica gotovo da vi\u0161e i nema konkurenciju. &#8220;Donedavno je dolazila jo\u0161 jedna gospo\u0111a iz Vara\u017edina koja je prodavala sli\u010dne tkane komade, ali je vi\u0161e ne vi\u0111am. Naj\u010de\u0161\u0107e sam sama s ovakvom ponudom. Nema vi\u0161e puno tkalja&#8221;, rekla je.<\/p><div id=\"mojev-2486933384\" class=\"mojev-u-tekstu mojev-entity-placement\" style=\"margin-left: auto;margin-right: auto;text-align: center;\"><div class=\"mojev-adlabel\">oglas<\/div><div style=\"height: 250px;\"><script async src=\"https:\/\/pagead2.googlesyndication.com\/pagead\/js\/adsbygoogle.js?client=ca-pub-8106111766207173\"\r\n     crossorigin=\"anonymous\"><\/script>\r\n<!-- Prikazni 1 u tekstu -->\r\n<ins class=\"adsbygoogle\"\r\n     style=\"display:block\"\r\n     data-ad-client=\"ca-pub-8106111766207173\"\r\n     data-ad-slot=\"8535551207\"\r\n     data-ad-format=\"auto\"\r\n     data-full-width-responsive=\"true\"><\/ins>\r\n<script>\r\n     (adsbygoogle = window.adsbygoogle || []).push({});\r\n<\/script><\/div><\/div><br style=\"clear: both; display: block; float: none;\"\/>\n\n\n\n<p>Nema vi\u0161e, ka\u017ee, ni sirovina za njezin rad &#8211; do lana I konoplje je gotovo nemogu \u0107e do\u0107i, osim ako joj znanice ne donesu kakvo preostalo klupko s tavana. &#8220;Danas sam spala gotovo isklju\u010divo na pamu\u010dni konac koji nabavljam u Zagrebu u tvornici konca Unitas. Lana i konoplje se te\u0161ko domo\u0107i. Ah, tko jo\u0161 danas sije lan, sadi konoplju? Nekad se, znate, za nekoliko lanenih uporabnih komada za doma\u0107instvo radilo cijelu godinu. To su tada bili, primjerice, prekriva\u010di za konje, za kola, tepisi, kuhinjske krpe, ru\u010dnici, posteljina, vre\u0107e za \u017eito. Sje\u0107am se da su moji najprije sijali lan, uzgajali ga pomno, potom se to bralo, pa stavljalo na kola koja su konji vukli na vodu. To se onda mo\u010dilo po tri tjedna, da lanu strune kora. Potom se su\u0161ilo, pa tuklo po onoj vru\u0107ini usred ljeta. Nakon toga je sve valjalo o\u017emikati i ostaviti da se dobro osu\u0161iti, da bi se na kraju obradilo do kudelje. I onda se preko zime tkalo&#8221;, prisjetila se gospo\u0111a Turkovi\u0107 svog djetinjstva. Napomenula je i da su mladenke sve osnovno \u0161to treba imati u ku\u0107anstvu, ponijele od ku\u0107e pa se neumorno tkalo prije svadbi. <\/p>\n\n\n\n<p>Tko \u0107e se danas odva\u017eiti na ovaj mukotrpan cjelogodi\u0161nji posao, pitali smo se\u2026 &#8220;Zadnje \u0161to sam \u010dula je bilo prije jedno 10 godina, kad su se \u017eene u Ivancu organizirale i pokrenule proizvodnju od sijanja do prerade i tkanja lana. Jedna gospo\u0111a ih je reklamirala u Londonu pa su dobile narud\u017ebu za ru\u010dnike i to odradile. Ne znam jesu li jo\u0161 aktivne&#8221;, govori nam.<\/p>\n\n\n\n<h3 class=\"wp-block-heading\">Nitko vi\u0161e ne \u017eeli nau\u010diti tkati<\/h3>\n\n\n\n<p>I dok se nekad tkanje na tkala\u010dkom stanu u\u010dilo iz generacije u generaciju i za to je vladalo ogromno zanimanje mladih djevojaka, danas ni onih nekoliko \u017eena koje bi voljele nau\u010diti tkati, to nemaju gdje.<\/p>\n\n\n\n<p>&#8220;Pri\u0161le su mi na jednom sajmu dvije \u017eene i molile da ih ja nau\u010dim, rekle su da su se prijavile na te\u010daj tkanja, ali se prijavio premali broj \u017eena pa se odustalo od toga. Ponudila sam im da dolaze k meni, ali mislim da im je predaleko putovati u Virje pa su odustale. Za sada mi na obuku dolazi samo jedna gospo\u0111a iz Koprivnice, to je tu blizu&#8221;, povjerila nam je.<\/p>\n\n\n\n<h3 class=\"wp-block-heading\">Stariji kupuju stolnjake, a mla\u0111i &#8211; ruksake<\/h3>\n\n\n\n<p>&#8220;Me\u0111u mojim su kupcima prete\u017eito \u017eene, i to ne samo starije gospo\u0111e koje kupuju primjerice stolnjake, ru\u010dnike i tepihe, ve\u0107 i one mla\u0111e kojima se osobito svi\u0111aju na\u0161e torbe i ruksaci. Po\u010dela sam ih i raditi na nagovor mojih unuka, koje su u ranim tridesetima, i nisam po\u017ealila&#8221;, govori nam i dodaje da nije rijetkost da na njezinom \u0161tandu zastanu i mu\u0161karci.<\/p>\n\n\n\n<p>Mnogi, osobito stariji ljudi, budu sentimentalni kad vide poznate uzorke, ta nekad se u svakoj ku\u0107i moglo prona\u0107i barem ne\u0161to od tkanih predmeta. Prisjete se djetinjstva, mladena\u0161tva. &#8220;Mnogi samo do\u0111u ovdje na \u0161tand, rastvore ne\u0161to od izlo\u017eenog, opipaju malo, odu\u0161eve se \u0161to to jo\u0161 netko uop\u0107e radi, i odu&#8221;, govori nam gospo\u0111a Ivan\u010dica.<\/p>\n\n\n\n<p>Ispri\u010dala nam je potom i da ima jednog stalnog mu\u0161kog kupca srednje dobi, gospodina iz Kri\u017eevaca koji radi u Zagrebu i koji ju je zvao dan prije manifestacije na Ilici i pitao je ho\u0107e li biti ondje sa svojim \u0161alovima. &#8220;Rekao je da \u0107e samo zbog mojih \u0161alova za vikend ostati u Zagrebu. I doista, pojavio se na \u0161tandu prvi ujutro, i prije nego \u0161to sam sve raspakirala. Bio je sav sretan \u0161to si je na\u0161ao novi \u0161al, to je njemu sad ve\u0107 peti ili \u0161esti iz moje radinosti. Pitala sam \u017eene iz Kri\u017eevaca, koje ga poznaju, \u0161to li on radi s tim \u0161alovima, ve\u0107 sam bila uvjerena da ih preprodaje, mo\u017eda poklanja. No, rekle su mi da ga vi\u0111aju u mjestu i da on doista te moje \u0161alove i nosi. I to mi je ba\u0161 drago&#8221;, prepri\u010dava nam.<\/p>\n\n\n\n<p>I ne \u010dudi nas ta ljubav prema njezinim tkanim komadima, ima ljudi koji u moru kineske robe ipak prepoznaju umije\u0107e, trud i znoj osobe koja stoji iza njih, prepoznaju kvalitetu, cijene prirodne materijale, a naposljetku, njima mogu iskazati originalnost jer su to ve\u0107inom unikati.<\/p>\n\n\n\n<h3 class=\"wp-block-heading\">Prodaja na sajmovima i u suvenirnicama<\/h3>\n\n\n\n<p>Obje suvenirnice u sredi\u0161tu Zagreba s kojima je gospo\u0111a Ivan\u010dica sura\u0111ivala, zatvorile su svoja vrata. Sada radi samo jo\u0161 s dvije suvenirnice u Dubrovniku, svake im godine prije ljeta po\u0161alje dogovorenu robu koju oni dalje preprodaju. A \u0161to se pak ti\u010de prodaje na \u0161tandu na raznim manifestacijama, bilo je, ka\u017ee, boljih i lo\u0161ijih razdoblja, ali se nikad nije prodavalo tako malo kao u posljednje vrijeme. Primjerice, manifestacija na Ilici odr\u017eava se \u010detiri puta godi\u0161nje, a gospo\u0111a Turkovi\u0107 izlagala je robu i zimus. &#8220;Od ovog je posla I prije bilo nemogu\u0107e \u017eivjeti, ali sam si uz mirovinu znala barem ne\u0161to zaraditi i ipak sam bila zadovoljna. Ali sada mi se \u010dini da su ljudi op\u0107enito smanjili potro\u0161nju, za ovakve stvari osobito, i to ba\u0161 u zadnje vrijeme drasti\u010dno. Nikad nisam tako malo prodala&#8221;, po\u017ealila se.<\/p>\n\n\n\n<figure class=\"wp-block-image size-large\"><img loading=\"lazy\" decoding=\"async\" width=\"740\" height=\"444\" src=\"https:\/\/www.mojevrijeme.hr\/magazin\/wp-content\/uploads\/2022\/06\/ivancica-trukovic-kupac-740x444.jpg\" alt=\"\" class=\"wp-image-60341\" srcset=\"https:\/\/www.mojevrijeme.hr\/magazin\/wp-content\/uploads\/2022\/06\/ivancica-trukovic-kupac-740x444.jpg 740w, https:\/\/www.mojevrijeme.hr\/magazin\/wp-content\/uploads\/2022\/06\/ivancica-trukovic-kupac-636x382.jpg 636w, https:\/\/www.mojevrijeme.hr\/magazin\/wp-content\/uploads\/2022\/06\/ivancica-trukovic-kupac-768x461.jpg 768w, https:\/\/www.mojevrijeme.hr\/magazin\/wp-content\/uploads\/2022\/06\/ivancica-trukovic-kupac-1536x922.jpg 1536w, https:\/\/www.mojevrijeme.hr\/magazin\/wp-content\/uploads\/2022\/06\/ivancica-trukovic-kupac-1500x900.jpg 1500w, https:\/\/www.mojevrijeme.hr\/magazin\/wp-content\/uploads\/2022\/06\/ivancica-trukovic-kupac-1600x960.jpg 1600w, https:\/\/www.mojevrijeme.hr\/magazin\/wp-content\/uploads\/2022\/06\/ivancica-trukovic-kupac-590x354.jpg 590w, https:\/\/www.mojevrijeme.hr\/magazin\/wp-content\/uploads\/2022\/06\/ivancica-trukovic-kupac-400x240.jpg 400w, https:\/\/www.mojevrijeme.hr\/magazin\/wp-content\/uploads\/2022\/06\/ivancica-trukovic-kupac-1000x600.jpg 1000w, https:\/\/www.mojevrijeme.hr\/magazin\/wp-content\/uploads\/2022\/06\/ivancica-trukovic-kupac-820x492.jpg 820w, https:\/\/www.mojevrijeme.hr\/magazin\/wp-content\/uploads\/2022\/06\/ivancica-trukovic-kupac-1080x648.jpg 1080w, https:\/\/www.mojevrijeme.hr\/magazin\/wp-content\/uploads\/2022\/06\/ivancica-trukovic-kupac.jpg 2000w\" sizes=\"auto, (max-width: 740px) 100vw, 740px\" \/><figcaption>Ivan\u010dica Trukovi\u0107 i kupac (foto: Gordana Arh)<\/figcaption><\/figure>\n\n\n\n<p>Da ne gaji toliku ljubav prema tkanju, od prodaje bi, napominje dalje, ve\u0107 davno odustala. &#8220;I djeca i unuci mi znaju re\u0107i da se previ\u0161e namu\u010dim za ovako niske cijene. Mogu vam samo re\u0107i &#8211; kad bih cijene podigla, prodavala bi jo\u0161 manje ili \u010dak ne bih prodavala uop\u0107e. A doista, evo primjerice za samo metar tkane tkanine najprije sve moram postaviti i privezati po 500, 600 niti, puno je tu i matematike. Pa to mo\u017ee potrajati skoro cijeli dan, u tome mi poma\u017eu i susjeda i k\u0107i i unuka. Kad se jednom tako sve poslo\u017ei, tkati je onda lako, budem gotova za dva sata&#8221;, napominje na\u0161a tkalja.<\/p>\n\n\n\n<h3 class=\"wp-block-heading\">Unuke su drugdje potra\u017eile sre\u0107u<\/h3>\n\n\n\n<p>I dok mla\u0111a k\u0107i gospo\u0111e Ivan\u010dice \u017eivi i radi u Zagrebu, sin se nakon duge karijere u Zagrebu po\u017eelio vratiti na djedovinu, gdje ure\u0111uje staru klet. Kod ku\u0107e je ostala jedino starija k\u0107i Kristina, koja joj je podarila unuke Jelenu i Viktoriju. Iako ima stalan posao u Podravci, gospo\u0111a Kristina je pokazala volju za tkanjem u slobodno vrijeme. Pone\u0161to su od bake nau\u010dile i unuke, no jedna \u017eivi u Zagrebu, a druga se sprema u inozemstvo. &#8220;Jako sam ponosna na unuke, Jelena je upisala doktorat na Strojarskom fakultetu gdje i radi kao asistentica, a Viktorija je zavr\u0161ila veterinu i evo, ba\u0161 se sprema iz Virja odseliti u Nizozemsku. Nedostajat \u0107e mi njezina mladost u ku\u0107i, ali neka potra\u017ei svoju sre\u0107u&#8221;, rekla je baka Ivan\u010dica.<\/p>\n\n\n\n<h3 class=\"wp-block-heading\">Suprug je bio poznati slikar<\/h3>\n\n\n\n<p>Gospo\u0111a Ivan\u010dica ostala je udovica u tridesetim godinama \u017eivota. Njezin je suprug bio poznati slikar Josip Turkovi\u0107, \u010diju zbirku slika i danas njeguje i \u010duva, a ona je bila njegova desna ruka u poslu. Kad je preminuo u 47. godini \u017eivota, ostala je bez prihoda, u kreditu, s troje malodobne djece, u ku\u0107i koju je trebalo odr\u017eavati. Sin je tada imao svega devet mjeseci, jedna je k\u0107i i\u0161la u osnovnu, a druga u srednju \u0161kolu.<\/p>\n\n\n\n<p>&#8220;Morala sam se nekud okrenuti, pa sam se zaposlila u Zagreba\u010dkoj banci i ostala tu do mirovine. Za tkanje nije bilo puno vremena, ali sam zimi ipak dosta pomagala mami. Tek kad sam oti\u0161la u mirovinu, otvorila sam ku\u0107nu radinost za tradicionalno tkala\u010dko rukotvorje, po\u010dela vi\u0161e tkati i naposljetku i prodavati&#8221;, otkrila nam je gospo\u0111a Turkovi\u0107 \u010dija se registrirana ku\u0107na radinost zove &#8220;Mama i baka&#8221;.<\/p>\n\n\n\n<h3 class=\"wp-block-heading\">Bogat kulturni \u017eivot Virja<\/h3>\n\n\n\n<p>Virje, koje se nalazi u Koprivni\u010dko-kri\u017eeva\u010dkoj \u017eupaniji, bilo je poznato kao najve\u0107e selo u biv\u0161oj Jugoslaviji. Danas je to mjesta\u0161ce s oko 3000 stanovnika, no kake ka\u017ee na\u0161a sugovornica, i dalje imaju bogat kulturni \u017eivot . &#8220;Ponosni smo na \u010ditaonicu staru preko 120 godina, kao i na Hrvatsko pjeva\u010dko dru\u0161tvo Ferdo Rusan, osnovano jo\u0161 1884. godine. Imamo udrugu \u017eena koje peku kola\u010de, zatim svake godine imamo virovsku Prka\u010dijadu koja je jedini me\u0111unarodni festival tradicionalnih kola\u010da u Europi, a ime je dobila po suhim kola\u010di\u0107ima koje ovdje zovemo &#8216;prka\u010di&#8217;. Zatim imamo udrugu za promicanje zdravlja seoskih \u017eena koja dvaput tjedno u sportskoj dvorani organizira vje\u017ebanje. Cijelu nas je zimu aktivno \u010dak tridesetak, imamo i stru\u010dnu fizioterapeutkinju, odli\u010dno nam je to. Ljeti kad su vru\u0107ine prekidamo s vje\u017ebanjem, do jeseni&#8221;, ispri\u010dala nam je.<\/p>\n\n\n\n<p>U osmom desetlje\u0107u \u017eivota ona predano brine o ku\u0107anstvu, ima deset gredica vrta, odr\u017eava oku\u0107nicu, neumorna je u tkanju I jo\u0161 odlazi na manifestacije gdje po cijele dane prodaje svoje uratke. I iako ka\u017ee da joj cjelodnevni sajmovi s godinama postaju sve naporniji, mi se nadamo da \u0107emo je jo\u0161 dugo posvuda susretati.<\/p>\n\n\n\n<div id=\"blokovi\">Ovaj prilog nastao je uz potporu Fonda za poticanje pluralizma i raznovrsnosti elektroni\u010dkih medija u okviru projekta \u201cS godinama bolji &#8211; Aktivno i zdravo starenje\u201d<\/div>\n<div id=\"mojev-1230043392\" class=\"mojev-kraj-teksta mojev-entity-placement\" style=\"margin-bottom: 20px;margin-left: auto;margin-right: auto;text-align: center;\"><div class=\"mojev-adlabel\">oglas<\/div><div style=\"height: 250px;\"><script async src=\"https:\/\/pagead2.googlesyndication.com\/pagead\/js\/adsbygoogle.js?client=ca-pub-8106111766207173\"\r\n     crossorigin=\"anonymous\"><\/script>\r\n<!-- Display-1 -->\r\n<ins class=\"adsbygoogle\"\r\n     style=\"display:block\"\r\n     data-ad-client=\"ca-pub-8106111766207173\"\r\n     data-ad-slot=\"1465712950\"\r\n     data-ad-format=\"auto\"\r\n     data-full-width-responsive=\"true\"><\/ins>\r\n<script>\r\n     (adsbygoogle = window.adsbygoogle || []).push({});\r\n<\/script><\/div><\/div>","protected":false},"excerpt":{"rendered":"<p>Me\u0111u stotinama \u017eivopisnih \u0161tandova postavljenih protekle nedjelje na zagreba\u010dkoj Ilici, gdje se odr\u017eavala manifestacija &#8216;Projekt Ilica: Q\u2019art&#8217;, isticao se \u0161tand gospo\u0111e Ivan\u010dice Turkovi\u0107 (75) iz Virja. Njezino tkala\u010dko umije\u0107e zadivljuju\u0107e je &#8211; posve smo zaljubljeno gledali u stolnjake, ru\u010dnike, tepihe, torbe i ruksake koje je izradila od prirodnih materijala. I dok je brojnim znati\u017eeljnicima na \u0161tandu pokazivala svoje predivne radove, nama je ispri\u010dala da ju je vje\u0161tini tkanja jo\u0161 kao djevojku nau\u010dila majka, da je posao mukotrpan, ali ga voli iznad svega. Prodavati je po\u010dela tek nakon \u0161to je oti\u0161la u mirovinu, a kako je naglasila, \u017eao joj je \u0161to tkalja u Hrvatskoj ima sve manje, i manje\u2026<\/p>\n","protected":false},"author":15,"featured_media":60342,"comment_status":"closed","ping_status":"closed","sticky":false,"template":"","format":"standard","meta":{"footnotes":""},"categories":[85],"tags":[3226,3227,302,3228,39],"class_list":["post-60307","post","type-post","status-publish","format-standard","has-post-thumbnail","hentry","category-aktivno-starenje","tag-ilica","tag-ivancica-trukovic","tag-rukotvorine","tag-tkanje","tag-zagreb"],"_links":{"self":[{"href":"https:\/\/www.mojevrijeme.hr\/magazin\/wp-json\/wp\/v2\/posts\/60307","targetHints":{"allow":["GET"]}}],"collection":[{"href":"https:\/\/www.mojevrijeme.hr\/magazin\/wp-json\/wp\/v2\/posts"}],"about":[{"href":"https:\/\/www.mojevrijeme.hr\/magazin\/wp-json\/wp\/v2\/types\/post"}],"author":[{"embeddable":true,"href":"https:\/\/www.mojevrijeme.hr\/magazin\/wp-json\/wp\/v2\/users\/15"}],"replies":[{"embeddable":true,"href":"https:\/\/www.mojevrijeme.hr\/magazin\/wp-json\/wp\/v2\/comments?post=60307"}],"version-history":[{"count":0,"href":"https:\/\/www.mojevrijeme.hr\/magazin\/wp-json\/wp\/v2\/posts\/60307\/revisions"}],"wp:featuredmedia":[{"embeddable":true,"href":"https:\/\/www.mojevrijeme.hr\/magazin\/wp-json\/wp\/v2\/media\/60342"}],"wp:attachment":[{"href":"https:\/\/www.mojevrijeme.hr\/magazin\/wp-json\/wp\/v2\/media?parent=60307"}],"wp:term":[{"taxonomy":"category","embeddable":true,"href":"https:\/\/www.mojevrijeme.hr\/magazin\/wp-json\/wp\/v2\/categories?post=60307"},{"taxonomy":"post_tag","embeddable":true,"href":"https:\/\/www.mojevrijeme.hr\/magazin\/wp-json\/wp\/v2\/tags?post=60307"}],"curies":[{"name":"wp","href":"https:\/\/api.w.org\/{rel}","templated":true}]}}