{"id":60843,"date":"2022-07-04T08:26:58","date_gmt":"2022-07-04T06:26:58","guid":{"rendered":"https:\/\/www.mojevrijeme.hr\/magazin\/?p=60843"},"modified":"2022-07-04T08:29:16","modified_gmt":"2022-07-04T06:29:16","slug":"trebaju-li-muskarci-na-misu-dolaziti-u-kratkim-hlacama-neki-smatraju-da-je-to-nedopustivo","status":"publish","type":"post","link":"https:\/\/www.mojevrijeme.hr\/magazin\/2022\/07\/trebaju-li-muskarci-na-misu-dolaziti-u-kratkim-hlacama-neki-smatraju-da-je-to-nedopustivo\/","title":{"rendered":"Trebaju li mu\u0161karci na misu dolaziti u kratkim hla\u010dama? Neki smatraju da je to nedopustivo"},"content":{"rendered":"\n<p>Klimatske promjene dalekose\u017eno utje\u010du na \u017eivote svih nas pa i na navike vjernika. Naime, za ljetnih toplinskih valova sve je te\u017ee odr\u017eavati takozvani <em>dress code<\/em> propisan za pojedina radna mjesta, a i pri odlasku u bogomolje na molitvu gra\u0111ani odbacuju sve vi\u0161e odje\u0107e. Pristoji li se za mu\u0161karce dolaziti na misu u kratkim hla\u010dama? Pitanje je to s kojim se ovih dana na dru\u0161tvenim mre\u017eama bave hrvatski katolici. <\/p>\n\n\n\n<p>&#8220;Ba\u0161 sam neki dan pri\u010dala svom mu\u017e ,kako moj tata nije u Crkvu u\u0161ao bez odijela i kravate. Na\u017ealost, danas to samo jo\u0161 stariji po\u0161tivaju&#8221;, napisala je jedna komentatorica na Facebooku. &#8220;Ne ku\u017eim u \u010demu je problem ako mu\u0161karac obu\u010de kratke uredne hla\u010de na misu? Ja iskreno i ne obra\u0107am pa\u017enju kako je tko obu\u010den, jer niti je mjesto niti je vrijeme za to. Bitnije mi je da se ljudi urede i okupaju, jer ako stane\u0161 kraj nekoga tko ne vodi ra\u010duna o osobnoj higijeni tek onda ima\u0161 urednu pokoru za vrijeme mise&#8221;, odgovorio je drugi komentator. <\/p>\n\n\n\n<p>No ultrakonzervativna udruga Vigilare ovih je dana vjernike upozorila \u0161to je prili\u010dna odje\u0107a za posjet crkvi. &#8220;Mi nismo sredi\u0161te na svetoj misi, niti na\u0161i osje\u0107aji, a posebno je li hladno ili vru\u0107e. Sredi\u0161te svete mise je Isusova ponovna \u017ertva, tj smrt na kalvariji. Svaka sveta misa je najva\u017eniji trenutak i doga\u0111aj za taj dan i za cijelo \u010dovje\u010danstvo&#8221;, pi\u0161e Vigilare.<\/p><div id=\"mojev-2277156055\" class=\"mojev-u-tekstu mojev-entity-placement\" style=\"margin-left: auto;margin-right: auto;text-align: center;\"><div class=\"mojev-adlabel\">oglas<\/div><div style=\"height: 250px;\"><script async src=\"https:\/\/pagead2.googlesyndication.com\/pagead\/js\/adsbygoogle.js?client=ca-pub-8106111766207173\"\r\n     crossorigin=\"anonymous\"><\/script>\r\n<!-- Prikazni 1 u tekstu -->\r\n<ins class=\"adsbygoogle\"\r\n     style=\"display:block\"\r\n     data-ad-client=\"ca-pub-8106111766207173\"\r\n     data-ad-slot=\"8535551207\"\r\n     data-ad-format=\"auto\"\r\n     data-full-width-responsive=\"true\"><\/ins>\r\n<script>\r\n     (adsbygoogle = window.adsbygoogle || []).push({});\r\n<\/script><\/div><\/div><br style=\"clear: both; display: block; float: none;\"\/>\n\n\n\n<p>&#8220;Nema ni\u0161ta va\u017enije u ovom \u017eivotu, nego sudjelovanje na (ponovnoj) \u017ertvi na\u0161ega Boga, kralja i spasitelja Isusa Krista na svetoj misi. Da ste pozvani na susret s papom, kardinalom, kraljicom Elizabetom II. ili \u010dak\u00a0s<strong> <\/strong>na\u0161im predsjednikom\u00a0ili nekim ministrom biste li i\u0161li u kratkim hla\u010dama na takav susret?&#8221;<\/p>\n\n\n\n<p>&#8220;Za Krista moramo dati najbolje od sebe, prvenstveno duhovno, ali i na\u010din kako izgledamo, da poka\u017eemo da idemo negdje gdje je va\u017eno. Odjeni duge hla\u010de i ko\u0161ulju (ili mo\u017eda \u010dak i kravatu nedjeljom) iako je 30 stupnjeva i prika\u017ei kao pravi katoli\u010dki mu\u017e jednu malu \u017ertvu, mrtvljenje za Krista. Poka\u017ei da tamo gdje idemo je najva\u017enije mjesto i susret na ovoj planeti&#8221;, zaklju\u010duje.<\/p>\n<div id=\"mojev-1431832916\" class=\"mojev-kraj-teksta mojev-entity-placement\" style=\"margin-bottom: 20px;margin-left: auto;margin-right: auto;text-align: center;\"><div class=\"mojev-adlabel\">oglas<\/div><div style=\"height: 250px;\"><script async src=\"https:\/\/pagead2.googlesyndication.com\/pagead\/js\/adsbygoogle.js?client=ca-pub-8106111766207173\"\r\n     crossorigin=\"anonymous\"><\/script>\r\n<!-- Display-1 -->\r\n<ins class=\"adsbygoogle\"\r\n     style=\"display:block\"\r\n     data-ad-client=\"ca-pub-8106111766207173\"\r\n     data-ad-slot=\"1465712950\"\r\n     data-ad-format=\"auto\"\r\n     data-full-width-responsive=\"true\"><\/ins>\r\n<script>\r\n     (adsbygoogle = window.adsbygoogle || []).push({});\r\n<\/script><\/div><\/div>","protected":false},"excerpt":{"rendered":"<p>Vigilare napominje da u vremenima kada su ljudi bili puno siroma\u0161niji  &#8211; i seljaci i gra\u0111ani su imali odje\u0107u za nedjelju, za misu. <\/p>\n","protected":false},"author":1,"featured_media":60848,"comment_status":"closed","ping_status":"closed","sticky":false,"template":"","format":"standard","meta":{"footnotes":""},"categories":[2],"tags":[739,1070,276,374,303],"class_list":["post-60843","post","type-post","status-publish","format-standard","has-post-thumbnail","hentry","category-mozaik","tag-crkva","tag-katolici","tag-moda","tag-odjeca","tag-religija"],"_links":{"self":[{"href":"https:\/\/www.mojevrijeme.hr\/magazin\/wp-json\/wp\/v2\/posts\/60843","targetHints":{"allow":["GET"]}}],"collection":[{"href":"https:\/\/www.mojevrijeme.hr\/magazin\/wp-json\/wp\/v2\/posts"}],"about":[{"href":"https:\/\/www.mojevrijeme.hr\/magazin\/wp-json\/wp\/v2\/types\/post"}],"author":[{"embeddable":true,"href":"https:\/\/www.mojevrijeme.hr\/magazin\/wp-json\/wp\/v2\/users\/1"}],"replies":[{"embeddable":true,"href":"https:\/\/www.mojevrijeme.hr\/magazin\/wp-json\/wp\/v2\/comments?post=60843"}],"version-history":[{"count":0,"href":"https:\/\/www.mojevrijeme.hr\/magazin\/wp-json\/wp\/v2\/posts\/60843\/revisions"}],"wp:featuredmedia":[{"embeddable":true,"href":"https:\/\/www.mojevrijeme.hr\/magazin\/wp-json\/wp\/v2\/media\/60848"}],"wp:attachment":[{"href":"https:\/\/www.mojevrijeme.hr\/magazin\/wp-json\/wp\/v2\/media?parent=60843"}],"wp:term":[{"taxonomy":"category","embeddable":true,"href":"https:\/\/www.mojevrijeme.hr\/magazin\/wp-json\/wp\/v2\/categories?post=60843"},{"taxonomy":"post_tag","embeddable":true,"href":"https:\/\/www.mojevrijeme.hr\/magazin\/wp-json\/wp\/v2\/tags?post=60843"}],"curies":[{"name":"wp","href":"https:\/\/api.w.org\/{rel}","templated":true}]}}