{"id":60939,"date":"2022-07-06T14:47:07","date_gmt":"2022-07-06T12:47:07","guid":{"rendered":"https:\/\/www.mojevrijeme.hr\/magazin\/?p=60939"},"modified":"2022-07-06T14:47:07","modified_gmt":"2022-07-06T12:47:07","slug":"milanovicevi-savjetnici-predlazu-plenkovicu-da-odrijesi-kesu-i-pomogne-umirovljenicima","status":"publish","type":"post","link":"https:\/\/www.mojevrijeme.hr\/magazin\/2022\/07\/milanovicevi-savjetnici-predlazu-plenkovicu-da-odrijesi-kesu-i-pomogne-umirovljenicima\/","title":{"rendered":"Milanovi\u0107evi savjetnici predla\u017eu Plenkovi\u0107u da odrije\u0161i kesu i pomogne umirovljenicima"},"content":{"rendered":"\n<p>Predsjednik <strong>Zoran Milanovi\u0107<\/strong> sastao se s Ekonomskim savjetom a tema razgovora sa savjetnicima bila je inflacija. Sa sastanka je iza\u0161la prijedlog mjere kojeg \u0107e Milanovi\u0107 uputiti Vladi i premijeru Andreju Plenkovi\u0107u. <\/p>\n\n\n\n<p>Kako bi se ciljano za\u0161titili gra\u0111ani, objasnio je to predsjednikov posebni savjetnik za ekonomiju <strong>Velibor Ma\u010dki\u0107,<\/strong> predla\u017ee se Vladi da najugro\u017eenijim gra\u0111anima isplati pomo\u0107. <\/p>\n\n\n\n<p>&#8220;Izdvojili smo \u010detiri skupine, to su prije svega korisnici nacionalne naknade za starije osobe, korisnici zajam\u010dene minimalne naknade, korisnici dje\u010djeg doplatka i primatelji niskih mirovina. Ta bi se vrsta pomo\u0107i, koja bi bila ciljana zbog porasta cijena hrane i energije, odnosila na 785.000 ljudi. Ako bi se i\u0161lo s pra\u0107enjem upravo rasta tih kategorija, uz pretpostavku da bi taj porast bio pet posto, dolazimo do izdataka od 25 milijuna kuna do 30 milijuna kuna na mjese\u010dnoj razini&#8221;, kazao je Ma\u010dki\u0107.<\/p><div id=\"mojev-2797573958\" class=\"mojev-u-tekstu mojev-entity-placement\" style=\"margin-left: auto;margin-right: auto;text-align: center;\"><div class=\"mojev-adlabel\">oglas<\/div><div style=\"height: 250px;\"><script async src=\"https:\/\/pagead2.googlesyndication.com\/pagead\/js\/adsbygoogle.js?client=ca-pub-8106111766207173\"\r\n     crossorigin=\"anonymous\"><\/script>\r\n<!-- Prikazni 1 u tekstu -->\r\n<ins class=\"adsbygoogle\"\r\n     style=\"display:block\"\r\n     data-ad-client=\"ca-pub-8106111766207173\"\r\n     data-ad-slot=\"8535551207\"\r\n     data-ad-format=\"auto\"\r\n     data-full-width-responsive=\"true\"><\/ins>\r\n<script>\r\n     (adsbygoogle = window.adsbygoogle || []).push({});\r\n<\/script><\/div><\/div><br style=\"clear: both; display: block; float: none;\"\/>\n\n\n\n<p>Obja\u0161njava da su svi ti korisnici ve\u0107 identificirani te da treba samo odabrati modalitet isplate sredstava, po mogu\u0107nosti, direktnom uplatom na ra\u010dun. <\/p>\n<div id=\"mojev-1107864437\" class=\"mojev-kraj-teksta mojev-entity-placement\" style=\"margin-bottom: 20px;margin-left: auto;margin-right: auto;text-align: center;\"><div class=\"mojev-adlabel\">oglas<\/div><div style=\"height: 250px;\"><script async src=\"https:\/\/pagead2.googlesyndication.com\/pagead\/js\/adsbygoogle.js?client=ca-pub-8106111766207173\"\r\n     crossorigin=\"anonymous\"><\/script>\r\n<!-- Display-1 -->\r\n<ins class=\"adsbygoogle\"\r\n     style=\"display:block\"\r\n     data-ad-client=\"ca-pub-8106111766207173\"\r\n     data-ad-slot=\"1465712950\"\r\n     data-ad-format=\"auto\"\r\n     data-full-width-responsive=\"true\"><\/ins>\r\n<script>\r\n     (adsbygoogle = window.adsbygoogle || []).push({});\r\n<\/script><\/div><\/div>","protected":false},"excerpt":{"rendered":"<p>Velibor Ma\u010dki\u0107 obja\u0161njava da su svi ti korisnici ve\u0107 identificirani te da treba samo odabrati modalitet isplate sredstava, po mogu\u0107nosti, direktnom uplatom na ra\u010dun. <\/p>\n","protected":false},"author":1,"featured_media":34498,"comment_status":"closed","ping_status":"closed","sticky":false,"template":"","format":"standard","meta":{"footnotes":""},"categories":[9],"tags":[3232,17,113,237,2115,300],"class_list":["post-60939","post","type-post","status-publish","format-standard","has-post-thumbnail","hentry","category-vijesti","tag-inflacija","tag-novac","tag-novcana-pomoc","tag-siromastvo","tag-velibor-mackic","tag-zoran-milanovic"],"_links":{"self":[{"href":"https:\/\/www.mojevrijeme.hr\/magazin\/wp-json\/wp\/v2\/posts\/60939","targetHints":{"allow":["GET"]}}],"collection":[{"href":"https:\/\/www.mojevrijeme.hr\/magazin\/wp-json\/wp\/v2\/posts"}],"about":[{"href":"https:\/\/www.mojevrijeme.hr\/magazin\/wp-json\/wp\/v2\/types\/post"}],"author":[{"embeddable":true,"href":"https:\/\/www.mojevrijeme.hr\/magazin\/wp-json\/wp\/v2\/users\/1"}],"replies":[{"embeddable":true,"href":"https:\/\/www.mojevrijeme.hr\/magazin\/wp-json\/wp\/v2\/comments?post=60939"}],"version-history":[{"count":0,"href":"https:\/\/www.mojevrijeme.hr\/magazin\/wp-json\/wp\/v2\/posts\/60939\/revisions"}],"wp:featuredmedia":[{"embeddable":true,"href":"https:\/\/www.mojevrijeme.hr\/magazin\/wp-json\/wp\/v2\/media\/34498"}],"wp:attachment":[{"href":"https:\/\/www.mojevrijeme.hr\/magazin\/wp-json\/wp\/v2\/media?parent=60939"}],"wp:term":[{"taxonomy":"category","embeddable":true,"href":"https:\/\/www.mojevrijeme.hr\/magazin\/wp-json\/wp\/v2\/categories?post=60939"},{"taxonomy":"post_tag","embeddable":true,"href":"https:\/\/www.mojevrijeme.hr\/magazin\/wp-json\/wp\/v2\/tags?post=60939"}],"curies":[{"name":"wp","href":"https:\/\/api.w.org\/{rel}","templated":true}]}}