{"id":61237,"date":"2022-07-15T13:02:42","date_gmt":"2022-07-15T11:02:42","guid":{"rendered":"https:\/\/www.mojevrijeme.hr\/magazin\/?p=61237"},"modified":"2022-07-15T13:03:28","modified_gmt":"2022-07-15T11:03:28","slug":"rasema-je-opet-sama-prolila-sam-puno-suza-nije-mi-dao-ni-ljubav-ni-paznju","status":"publish","type":"post","link":"https:\/\/www.mojevrijeme.hr\/magazin\/2022\/07\/rasema-je-opet-sama-prolila-sam-puno-suza-nije-mi-dao-ni-ljubav-ni-paznju\/","title":{"rendered":"Rasema je opet sama: Prolila sam puno suza, nije mi dao ni ljubav ni pa\u017enju"},"content":{"rendered":"\n<p>Iako ljubav me\u0111u kandidatima emisije &#8220;Ljubav je na selu&#8221; farmerica <strong>Rasema Vladeti\u0107<\/strong> (66) nije na\u0161la, krajem godine prona\u0161la je mu\u0161karca s kojim se dogodio &#8220;klik&#8221;. Naime, jedan od gledatelja emisije zaljubio se u nju preko ekrana.<\/p>\n\n\n\n<p>\u201cDogovorili smo se da \u0107e do\u0107i po mene da vidim gdje \u017eivi, je li to sve zaista onako kako je ispri\u010dao. On se jako obradovao \u0161to sam se javila i do\u0161ao po mene. Ja nisam ni\u0161ta ponijela sa sobom, a na kraju sam ostala kod njega!\u201d uzbu\u0111eno je prepri\u010davala svoju romanti\u010dnu pri\u010du.&nbsp; \u201cTo je bilo 12. prosinca na najsretniji dan\u201d, kazala je tada farmerica iz Donjeg Lapca koja se zbog ljubavi preselila u Li\u010dki Osik.<\/p>\n\n\n\n<p>No ljubav nije pre\u017eivjela prepreke pa Rasema vi\u0161e nije s Petrom (66). &#8220;Njega nikad nema u ku\u0107i, a o\u010dekuje od mene da sam stalno u ku\u0107i. Jedva da popijem kavu zajedno i onda ode; ne znam ni gdje je ni \u0161ta je, nema ga, kad za ve\u010deru do\u0111e, pojede, i u krevet se svali, nema razgovora uop\u0107e. Ka\u017ee ja sam tebe doveo da pazi\u0161 na ku\u0107u. Ne ide to tako. Jesmo se mi zaljubili i voljeli, bio je prema meni fer i dobar i svi su bili prema meni odli\u010dni, ali ne ide to ovako i gotovo. Nema vremena za mene, koliko sam suza samo prolila&#8230; Do\u0111e u ku\u0107u kao da nisi u ku\u0107i, upali TV ili mobitel&#8221;, po\u017ealila se Rasema za <a rel=\"noreferrer noopener\" href=\"https:\/\/www.rtl.hr\/show\/tv-zvijezde\/pukla-ljubav-rasema-iz-ljubav-je-na-selu-ponovno-je-solo-sve-bi-mi-dao-samo-ljubav-i-paznju-ne-moze-dati-0917f3f8-040a-11ed-a003-56c585dca0e2\" target=\"_blank\">RTL.hr<\/a>. <\/p><div id=\"mojev-845253702\" class=\"mojev-u-tekstu mojev-entity-placement\" style=\"margin-left: auto;margin-right: auto;text-align: center;\"><div class=\"mojev-adlabel\">oglas<\/div><div style=\"height: 250px;\"><script async src=\"https:\/\/pagead2.googlesyndication.com\/pagead\/js\/adsbygoogle.js?client=ca-pub-8106111766207173\"\r\n     crossorigin=\"anonymous\"><\/script>\r\n<!-- Prikazni 1 u tekstu -->\r\n<ins class=\"adsbygoogle\"\r\n     style=\"display:block\"\r\n     data-ad-client=\"ca-pub-8106111766207173\"\r\n     data-ad-slot=\"8535551207\"\r\n     data-ad-format=\"auto\"\r\n     data-full-width-responsive=\"true\"><\/ins>\r\n<script>\r\n     (adsbygoogle = window.adsbygoogle || []).push({});\r\n<\/script><\/div><\/div><br style=\"clear: both; display: block; float: none;\"\/>\n\n\n\n<p>I dalje ga voli i po\u0161tuje, no ka\u017ee, te\u0161ko da postoji \u0161ansa za pomirenjem. Imao je, ka\u017ee, dosad prilika da se popravi i pru\u017ei joj ono \u0161to joj najvi\u0161e treba &#8211; ljubav i pa\u017enja.<\/p>\n\n\n\n<p>&#8220;Prvi put sam u \u017eivotu nai\u0161la na \u010dovjeka koji nije \u0161krt, sve bi mi dao, samo ljubav i pa\u017enju ne mo\u017ee dati. Osje\u0107ala sam se kao uljez. Gleda\u0161 iz kuhinje kroz prozor kako trava raste. Kida mi se srce, ali kad do\u0111e granica da ne mogu vi\u0161e, kad mi pukne film, nema vi\u0161e povratka, mo\u017ee mi tu do\u0107i plakati i moliti i sve mu d\u017eabe. Trpim koliko god mogu, ali kad pukne, gotovo.&nbsp;&#8220;<\/p>\n\n\n\n<p>Popularna farmerica vratila se svojoj ku\u0107i u Donjem Lapcu. &#8220;Okre\u010dila sam, pokosila sve, namjestila \u0161parhet, \u010dekam da mi do\u0111u drva&#8230; Do nedjelje \u0107u odmarati, dotjerati se malo i do\u0107i k sebi od ovolikog posla&#8221;, ka\u017ee Rasema za <a href=\"https:\/\/www.rtl.hr\/show\/tv-zvijezde\/pukla-ljubav-rasema-iz-ljubav-je-na-selu-ponovno-je-solo-sve-bi-mi-dao-samo-ljubav-i-paznju-ne-moze-dati-0917f3f8-040a-11ed-a003-56c585dca0e2\" target=\"_blank\" rel=\"noreferrer noopener\">RTL<\/a>.<\/p>\n\n\n\n<p>Ka\u017ee, i\u0161la bi na more, no financije joj to ne dopu\u0161taju. &#8220;Nemam vi\u0161e novaca, potro\u0161ila sam na kre\u010denja, moram drva platiti, nemam za more. Imam mnogo ponuda za smje\u0161taj, imam i prijateljice na moru, nije to problem, nego nemam za put&#8221;, ka\u017ee tu\u017eno Rasema, no smislit \u0107e ona ve\u0107 ne\u0161to. Sada prvo mora izlije\u010diti slomljeno srce&#8230;<\/p>\n<div id=\"mojev-2470141165\" class=\"mojev-kraj-teksta mojev-entity-placement\" style=\"margin-bottom: 20px;margin-left: auto;margin-right: auto;text-align: center;\"><div class=\"mojev-adlabel\">oglas<\/div><div style=\"height: 250px;\"><script async src=\"https:\/\/pagead2.googlesyndication.com\/pagead\/js\/adsbygoogle.js?client=ca-pub-8106111766207173\"\r\n     crossorigin=\"anonymous\"><\/script>\r\n<!-- Display-1 -->\r\n<ins class=\"adsbygoogle\"\r\n     style=\"display:block\"\r\n     data-ad-client=\"ca-pub-8106111766207173\"\r\n     data-ad-slot=\"1465712950\"\r\n     data-ad-format=\"auto\"\r\n     data-full-width-responsive=\"true\"><\/ins>\r\n<script>\r\n     (adsbygoogle = window.adsbygoogle || []).push({});\r\n<\/script><\/div><\/div>","protected":false},"excerpt":{"rendered":"<p>Rasema Vladeti\u0107 (66)\u00a0nekoliko se puta oku\u0161ala u emisiji\u00a0&#8216;Ljubav je na selu&#8217; kako bi prona\u0161la srodnu du\u0161u i s nekim do\u010dekala starost. Rije\u010d je o upornoj i vrijednoj \u017eeni koja je sama vlastitim rukama izgradila svoju ku\u0107u i podigla dvoje djece. <\/p>\n","protected":false},"author":1,"featured_media":56593,"comment_status":"closed","ping_status":"closed","sticky":false,"template":"","format":"standard","meta":{"footnotes":""},"categories":[10],"tags":[3054,3053],"class_list":["post-61237","post","type-post","status-publish","format-standard","has-post-thumbnail","hentry","category-ljubav","tag-ljubav-je-na-selu","tag-rasema-vladetic"],"_links":{"self":[{"href":"https:\/\/www.mojevrijeme.hr\/magazin\/wp-json\/wp\/v2\/posts\/61237","targetHints":{"allow":["GET"]}}],"collection":[{"href":"https:\/\/www.mojevrijeme.hr\/magazin\/wp-json\/wp\/v2\/posts"}],"about":[{"href":"https:\/\/www.mojevrijeme.hr\/magazin\/wp-json\/wp\/v2\/types\/post"}],"author":[{"embeddable":true,"href":"https:\/\/www.mojevrijeme.hr\/magazin\/wp-json\/wp\/v2\/users\/1"}],"replies":[{"embeddable":true,"href":"https:\/\/www.mojevrijeme.hr\/magazin\/wp-json\/wp\/v2\/comments?post=61237"}],"version-history":[{"count":0,"href":"https:\/\/www.mojevrijeme.hr\/magazin\/wp-json\/wp\/v2\/posts\/61237\/revisions"}],"wp:featuredmedia":[{"embeddable":true,"href":"https:\/\/www.mojevrijeme.hr\/magazin\/wp-json\/wp\/v2\/media\/56593"}],"wp:attachment":[{"href":"https:\/\/www.mojevrijeme.hr\/magazin\/wp-json\/wp\/v2\/media?parent=61237"}],"wp:term":[{"taxonomy":"category","embeddable":true,"href":"https:\/\/www.mojevrijeme.hr\/magazin\/wp-json\/wp\/v2\/categories?post=61237"},{"taxonomy":"post_tag","embeddable":true,"href":"https:\/\/www.mojevrijeme.hr\/magazin\/wp-json\/wp\/v2\/tags?post=61237"}],"curies":[{"name":"wp","href":"https:\/\/api.w.org\/{rel}","templated":true}]}}