{"id":61707,"date":"2022-08-03T22:48:00","date_gmt":"2022-08-03T20:48:00","guid":{"rendered":"https:\/\/www.mojevrijeme.hr\/magazin\/?p=61707"},"modified":"2022-08-04T22:49:55","modified_gmt":"2022-08-04T20:49:55","slug":"korona-je-u-hrvatskoj-kosila-starije-od-60-sto-donosi-jesen","status":"publish","type":"post","link":"https:\/\/www.mojevrijeme.hr\/magazin\/2022\/08\/korona-je-u-hrvatskoj-kosila-starije-od-60-sto-donosi-jesen\/","title":{"rendered":"Korona je u Hrvatskoj kosila starije od 60. \u0160to donosi jesen?"},"content":{"rendered":"\n<p>Ovih je dana Op\u0107insko dr\u017eavno odvjetni\u0161tvo u Virovitici donijelo rje\u0161enje o provo\u0111enju istrage protiv 42-godi\u0161njeg mu\u0161karca zbog osnovane sumnje da je svjesno zarazio svog tasta koronom koji je kasnije preminuo u bolnici. Naime, kako navodi DORH, mu\u0161karca istra\u017euju zbog osnovane sumnje na po\u010dinjenje te\u0161kog kaznenog djela protiv zdravlja ljudi iz \u010dlanka 192. stavka 3. u vezi sa stavkom 1. istoga \u010dlanka i \u010dlanka 180. stavka 2. Kaznenog zakona.<\/p>\n\n\n\n<p>Ukratko, osumnji\u010deni mu\u0161karac u studenom pro\u0161le godine nije po\u0161tovao propisanu mjeru izolacije, iako je znao da je zara\u017een koronavirusom. \u0160tovi\u0161e, iako je znao da mu je tast te\u0161ko bolestan, neposredno je kontaktirao s uku\u0107anima pa \u010dak i tastom koji se na taj na\u010din razbolio da bi potom 26. studenog 2021. godine preminuo u respiracijskom centru KBC-a Osijek.<\/p>\n\n\n\n<h3 class=\"wp-block-heading\">Jesmo li otpisali stare i siroma\u0161ne?<\/h3>\n\n\n\n<p>Ovo je samo jedan od brojnih slu\u010dajeva koji pokazuju neugodnu istinu o odnosu dru\u0161tva prema starijim gra\u0111anima. No ne samo prema starijima ve\u0107 i prema siroma\u0161nima kojima globalno nije pru\u017eena zadovoljavaju\u0107a skrb. Svjetska zdravstvena organizacija tako navodi da je globalni vi\u0161ak smrtnosti zabilje\u017een tijekom pandemije uglavnom otpadao na srednje bogate i siroma\u0161ne zemlje \u2013 \u010dak 85 posto. Prevedeno, radi se o \u010dak 12,7 milijuna smrti, \u0161to govori da u tim zemljama \u017ertve koronavirusa uglavnom nisu kao takve ni evidentirane.<\/p><div id=\"mojev-487949923\" class=\"mojev-u-tekstu mojev-entity-placement\" style=\"margin-left: auto;margin-right: auto;text-align: center;\"><div class=\"mojev-adlabel\">oglas<\/div><div style=\"height: 250px;\"><script async src=\"https:\/\/pagead2.googlesyndication.com\/pagead\/js\/adsbygoogle.js?client=ca-pub-8106111766207173\"\r\n     crossorigin=\"anonymous\"><\/script>\r\n<!-- Prikazni 1 u tekstu -->\r\n<ins class=\"adsbygoogle\"\r\n     style=\"display:block\"\r\n     data-ad-client=\"ca-pub-8106111766207173\"\r\n     data-ad-slot=\"8535551207\"\r\n     data-ad-format=\"auto\"\r\n     data-full-width-responsive=\"true\"><\/ins>\r\n<script>\r\n     (adsbygoogle = window.adsbygoogle || []).push({});\r\n<\/script><\/div><\/div><br style=\"clear: both; display: block; float: none;\"\/>\n\n\n\n<p>Me\u0111u tim umrlima \u010dak je 83 posto starijih ljudi za koje su neki znanstvenici odba\u010deni od znanstvene zajednice govorili da &#8220;moraju od ne\u010dega umrijeti&#8221;. Situacija se nije bitno razlikovala ni u na\u0161oj zemlji koja je tako\u0111er zabilje\u017eila vi\u0161ak smrti. Stariji gra\u0111ani u Hrvatskoj imali su se pravo uvrijediti jer su od velikog dijela dru\u0161tva do\u017eivjeli da ih se promatra kao vi\u0161ak, teret ili ne\u0161to \u0161to se mo\u017ee jednostavno odbaciti.<\/p>\n\n\n\n<p>Usprkos mantrama koronaskeptika, \u010dinjenica je da ti ljudi ne bi &#8220;ionako umrli zato \u0161to su stari i bolesni&#8221;. Jer vi\u0161ak smrti zapravo mjeri broj smrti iznad o\u010dekivanog broja smrti u nepandemijsko vrijeme. Mnogi od tih ljudi bi, da nisu zara\u017eeni koronavirusom, po\u017eivjeli jo\u0161 pet, deset, mo\u017eda i dvadeset godina, kroni\u010dnim bolestima unato\u010d. Jer zadatak medicine jest omogu\u0107iti nam da \u017eivimo, \u010dak i kad smo bolesni.<\/p>\n\n\n\n<p>Jedno istra\u017eivanje objavljeno u znanstvenoj publikaciji <em>British Journal of Medicine<\/em> pokazuje da je pandemija 2020. godine u 31 dr\u017eavi odnijela dodatnih 28 milijuna godina \u017eivota i to ve\u0107inom me\u0111u starijom populaciju. Ove brojke samo potvr\u0111uju ono \u0161to se znalo od samog izbijanja pandemije \u2013 stariji su posebno skloni komplikacijama i umiranju od posljedica infekcije koronavirusom.<\/p>\n\n\n\n<h3 class=\"wp-block-heading\">Kakva je situacija u Hrvatskoj?<\/h3>\n\n\n\n<p>Iako je u ovom trenutku broj slu\u017ebenih korona\u017ertvi prema\u0161io 16 tisu\u0107a, razmjere pomora umirovljenika od koronavirusa u Hrvatskoj mo\u017eda najbolje opisuje brojka mirovina koje su se prestale ispla\u0107ivati. Naime, prije epidemije u Hrvatskoj je godi\u0161nje umiralo izme\u0111u 48 i 49 tisu\u0107a korisnika mirovine. No taj broj je u dvogodi\u0161njem razdoblju podebljan sa oko 18.000 smrti, pokazali su to podaci Hrvatskog zavoda za mirovinsko osiguranje objavljeni u sije\u010dnju 2022. godine.<\/p>\n\n\n\n<h3 class=\"wp-block-heading\">\u0160to pokazuju slu\u017ebeno registrirane smrti?<\/h3>\n\n\n\n<p>Koliko je koronavirus opasan za starije osobe jasno pokazuju podaci Hrvatskog zavoda za javno zdravstvo za period od po\u010detka izbijanja epidemije do 24. srpnja 2022. godine. Naime, do tada je ukupno umrla 16.251 osoba. Umrle je HZJZ stratificirao po dobnim skupinama iz \u010dega je jasno vidljivo da se rizik za smrtni ishod vi\u0161estruko pove\u0107ava nakon 50. ro\u0111endana. Me\u0111u umrlima, dobna skupina od 50 do 59 godina \u010dini 0,54 posto. 2,17 posto su \u017ertve u dobi od 60 do 69 godina. 7,74 posto \u017ertava bilo je staro od 70 do 79 godina. Dekada od 80 do 89 godina \u010dini 19.85 posto \u017ertava, a vi\u0161e od 30 posto \u017ertava bile su osobe starije od 90 godina.<\/p>\n\n\n\n<h3 class=\"wp-block-heading\">Sudar koronakrize i energetske krize?<\/h3>\n\n\n\n<p>Zdravstveni sustavi zemalja europske unije pripremaju se za o\u010dekivane jesenske i zimske valove koronavirusa koji \u0107e hrvatske umirovljenike zate\u0107i izmorene inflacijom i poskupljenjem energenata. Kako stvari stoje, za sada ne mogu ra\u010dunati na financijsku pomo\u0107 dr\u017eave u vidu ranije ispla\u0107enog COVID dodatka.<\/p>\n\n\n\n<p>&#8220;Te\u0161ko je o\u010dekivati da \u0107e EU, zbog energetske krize i inflacije, ovu zimu biti u stanju osigurati zna\u010dajna sredstva za kompenzacije zbog bolesti COVID-19. Mi \u0107emo se vi\u0161e orijentirati na promid\u017ebu preporuka koje su dobro poznate s obzirom na to da pandemija traje ve\u0107 dvije godine. Ono \u0161to je sigurno je da \u0107e se maksimalno poku\u0161ati za\u0161titi starije osobe i one s kroni\u010dnim bolestima. U tome bi cijepljenje, kao i pridr\u017eavanje temeljnih epidemiolo\u0161kih mjera trebalo imati najve\u0107i potencijal&#8221;, izjavio je <strong>Davor Bo\u017einovi\u0107<\/strong>, potpredsjednik Vlade RH i prvi \u010dovjek Sto\u017eera civilne za\u0161tite.<\/p>\n\n\n\n<p>Da Hrvatska trenutno stoji dobro u usporedbi sa Slovenijom, Austrijom i Njema\u010dkom, potvrdio je ministar zdravstva <strong>Vili Bero\u0161<\/strong> koji upozorava na nove podvarijante omikrona BA.4 i BA.5 zbog kojih treba biti na oprezu.<\/p>\n\n\n\n<h3 class=\"wp-block-heading\">Bero\u0161: Stariji, docijepite se!<\/h3>\n\n\n\n<p>&#8220;Imamo i nove podvarijante za koje jo\u0161 ne znamo kakvo \u0107e biti njihovo klini\u010dko pona\u0161anje iako je ve\u0107 sada jasno da vrijedi zaklju\u010dak kako su manje opasne, ali zaraznije. Kod nas raste broj hospitaliziranih. U samo jednom danu imamo \u0161est osoba vi\u0161e na respiratorima. No kada kompariramo brojeve hospitaliziranih i umrlih s ukupnim brojem novozara\u017eenih na dnevnoj bazi, situacija je povoljnija&#8221;, izvijestio je ministar prije tjedan dana na konferenciji za medije.<\/p>\n\n\n\n<p>Bero\u0161 smatra da nije dobra \u010dinjenica da &#8220;nam umire od COVID-a ili s COVID-om prosje\u010dno 11 osoba u posljednjih tjedan dana&#8221;. Pozvao je starije ljude da prime sada svoju dozu cjepiva protiv COVID-19 unato\u010d tome, kako je kazao, \u0161to se uskoro o\u010dekuju nova cjepiva. &#8220;Sada postoje\u0107a cjepiva brane od novih varijanti u odre\u0111enoj mjeri \u2013 sprje\u010davaju te\u017ee oblike bolesti i smrt&#8221;, kazao je.<\/p>\n\n\n\n<figure class=\"wp-block-image size-large\"><img loading=\"lazy\" decoding=\"async\" width=\"740\" height=\"444\" src=\"https:\/\/www.mojevrijeme.hr\/magazin\/wp-content\/uploads\/2021\/03\/beros-cijepljen-740x444.jpg\" alt=\"\" class=\"wp-image-46050\" srcset=\"https:\/\/www.mojevrijeme.hr\/magazin\/wp-content\/uploads\/2021\/03\/beros-cijepljen-740x444.jpg 740w, https:\/\/www.mojevrijeme.hr\/magazin\/wp-content\/uploads\/2021\/03\/beros-cijepljen-636x382.jpg 636w, https:\/\/www.mojevrijeme.hr\/magazin\/wp-content\/uploads\/2021\/03\/beros-cijepljen-768x461.jpg 768w, https:\/\/www.mojevrijeme.hr\/magazin\/wp-content\/uploads\/2021\/03\/beros-cijepljen-1536x922.jpg 1536w, https:\/\/www.mojevrijeme.hr\/magazin\/wp-content\/uploads\/2021\/03\/beros-cijepljen-1500x900.jpg 1500w, https:\/\/www.mojevrijeme.hr\/magazin\/wp-content\/uploads\/2021\/03\/beros-cijepljen-1600x960.jpg 1600w, https:\/\/www.mojevrijeme.hr\/magazin\/wp-content\/uploads\/2021\/03\/beros-cijepljen-590x354.jpg 590w, https:\/\/www.mojevrijeme.hr\/magazin\/wp-content\/uploads\/2021\/03\/beros-cijepljen-400x240.jpg 400w, https:\/\/www.mojevrijeme.hr\/magazin\/wp-content\/uploads\/2021\/03\/beros-cijepljen-1000x600.jpg 1000w, https:\/\/www.mojevrijeme.hr\/magazin\/wp-content\/uploads\/2021\/03\/beros-cijepljen-820x492.jpg 820w, https:\/\/www.mojevrijeme.hr\/magazin\/wp-content\/uploads\/2021\/03\/beros-cijepljen-1080x648.jpg 1080w, https:\/\/www.mojevrijeme.hr\/magazin\/wp-content\/uploads\/2021\/03\/beros-cijepljen.jpg 2000w\" sizes=\"auto, (max-width: 740px) 100vw, 740px\" \/><figcaption>Vili Bero\u0161 (screenshot: HTV)<\/figcaption><\/figure>\n\n\n\n<div id=\"sivo\"><\/p>\n\n\n\n<h3 class=\"wp-block-heading\">\u0160to jo\u0161 preporu\u010diti starijim osobama?<\/h3>\n\n\n\n<p><strong>Ministarstvo rada, mirovinskog sustava, obitelji i socijalne politike<\/strong> sastavilo je upute za starije osobe koje bi im trebale pomo\u0107i pre\u017eivjeti nove valove koronavirusa. Preporuke su, kako je istaknuo ministar Bo\u017einovi\u0107, dobro poznate svima.<\/p>\n\n\n\n<h3 class=\"wp-block-heading\">Perite ruke<\/h3>\n\n\n\n<p>Pranje ruku prva je i najva\u017enija mjera koju mo\u017eete u\u010diniti za za\u0161titu svojeg zdravlja. Redovito perite ruke sapunom i vodom ili ih dezinficirajte, posebno prilikom svakog povratka u ku\u0107u izvana.<\/p>\n\n\n\n<h3 class=\"wp-block-heading\">Nosite maske<\/h3>\n\n\n\n<p>Nosite vlastite maske u javnom prijevozu (a to uklju\u010duje i taksi prijevoz, ako ga koristite), prilikom posjeta trgovinama, institucijama zdravstvene skrbi, ljekarnama, domovima za starije osobe i drugim javnim prostorima. Ukratko: nosite masku prilikom svakog ulaska u zatvoren javni prostor ili prilikom boravka u ve\u0107oj grupi ljudi. Maska \u0161titi Vas, a \u0161titi i druge. Ako svi nosimo maske, zna\u010dajno se smanjuje rizik zaraze. Da bi bile u\u010dinkovite, maske je va\u017eno nositi pravilno &#8211; maske moraju pokrivati nos i usta.<\/p>\n\n\n\n<h3 class=\"wp-block-heading\">Zadr\u017eite fizi\u010dku udaljenost<\/h3>\n\n\n\n<p>Kad god je to mogu\u0107e, dr\u017eite fizi\u010dku udaljenost od 1,5 metra prema drugim osobama. Bliski kontakt &nbsp;zna\u010dajno pove\u0107ava rizik od zaraze. Bliski kontakt je svaki kontakt na udaljenosti manjoj od 1,5 metra licem u lice tijekom vi\u0161e od 15 minuta te bilo koje fizi\u010dko dodirivanje druge osobe s kojim niste u zajedni\u010dkom ku\u0107anstvu. To uklju\u010duje i rukovanje, grljenje, dodirivanje, tap\u0161anje.<\/p>\n\n\n\n<h3 class=\"wp-block-heading\">Izbjegavajte velika okupljanja<\/h3>\n\n\n\n<p>U velikim skupinama ljudi te\u0161ko je i gotovo nemogu\u0107e odr\u017eati fizi\u010dku udaljenost. Izbjegavajte gu\u017eve i u zatvorenom i na otvorenom prostoru. U ve\u0107im skupinama ljudi virus se brzo i lako \u0161iri, stoga je najbolja prevencija jednostavno izbjegavati ve\u0107a okupljanja i ve\u0107e skupine ljudi.<\/p>\n\n\n\n<h3 class=\"wp-block-heading\">Dezinficirajte povr\u0161ine<\/h3>\n\n\n\n<p>Redovito \u010distite i dezinficirajte povr\u0161ine koje \u010desto dodirujete, poput kvaka i radnih povr\u0161ina.<\/p>\n\n\n\n<h3 class=\"wp-block-heading\">Budite opremljeni<\/h3>\n\n\n\n<p>Samostalno ili uz pomo\u0107 obitelji poku\u0161ajte dr\u017eati kod ku\u0107e dovoljne koli\u010dine hrane, pi\u0107a, higijenskih i drugih potrep\u0161tina koje \u0107e Vam omogu\u0107iti da ne morate \u010desto odlaziti u trgovinu. To je va\u017eno radi izbjegavanja kontakata i ve\u0107ih skupina ljudi. Ako rje\u0111e odlazite u trgovinu, manje su \u0161anse da se izlo\u017eite potencijalnoj zarazi.<\/p>\n\n\n\n<h3 class=\"wp-block-heading\">\u010ce\u0161\u0107e prozra\u010dujte<\/h3>\n\n\n\n<p>Prozra\u010dujte prostore u kojima boravite najmanje 3 puta dnevno. Otvarajte prozore i pu\u0161tajte u prostorije svje\u017e zrak.<\/p>\n\n\n\n<h3 class=\"wp-block-heading\">\u0160etajte<\/h3>\n\n\n\n<p>Uz sva ova ograni\u010denja, va\u017eno je ne zaboraviti na kretanje i fizi\u010dku aktivnost. Stoga, \u0161etajte. \u0160etnja je dobra za Va\u0161e fizi\u010dko i psihi\u010dko zdravlje.<\/p>\n\n\n\n<h3 class=\"wp-block-heading\">Ostanite povezani<\/h3>\n\n\n\n<p>Za Va\u0161e zdravlje je sada va\u017eno da smanjite fizi\u010dke kontakte, ali ostanite povezani s obitelji i &nbsp;prijateljima. Pove\u017eite se s njima na daljinu &#8211; kada god je to mogu\u0107e, koristite telefon i modernu tehnologiju da zadr\u017eite kontakt s djecom i unucima. Razgovarajte, dijelite svoja iskustva i svoju svakodnevicu.<\/p>\n\n\n\n<h3 class=\"wp-block-heading\">Potra\u017eite pomo\u0107<\/h3>\n\n\n\n<p>Ako osjetite fizi\u010dke simptome koji Vas brinu, kontaktirajte svojeg lije\u010dnika. Ako Vam je potrebna pomo\u0107 u svakodnevici, zatra\u017eite je od obitelji, susjeda, prijatelja, centra za socijalnu skrb prema mjestu prebivali\u0161ta ili nazovite besplatni broj za pru\u017eanje informacija vezano uz sprje\u010davanje i suzbijanje epidemije COVID-19: 0800 5223. Uputite osobe koje Vam poma\u017eu i koje Vas posje\u0107uju da se pridr\u017eavaju za\u0161titnih mjera prevencije (odr\u017eavanje fizi\u010dke udaljenosti, no\u0161enje maski, redovito pranje ili dezinfekcija ruku i prostora).<\/p>\n\n\n\n<p><\/div>\n\n\n\n<div id=\"blokovi\"><img decoding=\"async\" src=\"https:\/\/www.mojevrijeme.hr\/magazin\/wp-content\/uploads\/2020\/09\/esf-lenta.jpg\">\nOvaj prilog objavljen je u sklopu projekta \u201cNovo vrijeme\u201d. Projekt je sufinancirala\nEuropska unija sredstvima Europskog socijalnog fonda. Sadr\u017eaj priloga isklju\u010diva\nje odgovornost Udruge Ho\u0107u stranicu.<\/div>\n<div id=\"mojev-3997801318\" class=\"mojev-kraj-teksta mojev-entity-placement\" style=\"margin-bottom: 20px;margin-left: auto;margin-right: auto;text-align: center;\"><div class=\"mojev-adlabel\">oglas<\/div><div style=\"height: 250px;\"><script async src=\"https:\/\/pagead2.googlesyndication.com\/pagead\/js\/adsbygoogle.js?client=ca-pub-8106111766207173\"\r\n     crossorigin=\"anonymous\"><\/script>\r\n<!-- Display-1 -->\r\n<ins class=\"adsbygoogle\"\r\n     style=\"display:block\"\r\n     data-ad-client=\"ca-pub-8106111766207173\"\r\n     data-ad-slot=\"1465712950\"\r\n     data-ad-format=\"auto\"\r\n     data-full-width-responsive=\"true\"><\/ins>\r\n<script>\r\n     (adsbygoogle = window.adsbygoogle || []).push({});\r\n<\/script><\/div><\/div>","protected":false},"excerpt":{"rendered":"<p>Sve dostupne statistike pokazuju da su umirovljenici najugro\u017eenija skupina kada se radi o COVID smrtima, ali i to da nije dovoljno u\u010dinjeno u njihovoj za\u0161titi. Pos festum, ovih je dana pokrenuta istraga protiv mu\u0161karca koji je svjesno zarazio starijeg uku\u0107ana. A istraga bi se mogla pretvoriti u jasno upozorenje da je vrijeme za odgovornost i prestanak igranja s tu\u0111im \u017eivotima. <\/p>\n","protected":false},"author":10,"featured_media":42361,"comment_status":"closed","ping_status":"closed","sticky":false,"template":"","format":"standard","meta":{"footnotes":""},"categories":[3],"tags":[2046,2339,2499],"class_list":["post-61707","post","type-post","status-publish","format-standard","has-post-thumbnail","hentry","category-zdravlje","tag-korona-virus","tag-novo-vrijeme","tag-pandemija"],"_links":{"self":[{"href":"https:\/\/www.mojevrijeme.hr\/magazin\/wp-json\/wp\/v2\/posts\/61707","targetHints":{"allow":["GET"]}}],"collection":[{"href":"https:\/\/www.mojevrijeme.hr\/magazin\/wp-json\/wp\/v2\/posts"}],"about":[{"href":"https:\/\/www.mojevrijeme.hr\/magazin\/wp-json\/wp\/v2\/types\/post"}],"author":[{"embeddable":true,"href":"https:\/\/www.mojevrijeme.hr\/magazin\/wp-json\/wp\/v2\/users\/10"}],"replies":[{"embeddable":true,"href":"https:\/\/www.mojevrijeme.hr\/magazin\/wp-json\/wp\/v2\/comments?post=61707"}],"version-history":[{"count":0,"href":"https:\/\/www.mojevrijeme.hr\/magazin\/wp-json\/wp\/v2\/posts\/61707\/revisions"}],"wp:featuredmedia":[{"embeddable":true,"href":"https:\/\/www.mojevrijeme.hr\/magazin\/wp-json\/wp\/v2\/media\/42361"}],"wp:attachment":[{"href":"https:\/\/www.mojevrijeme.hr\/magazin\/wp-json\/wp\/v2\/media?parent=61707"}],"wp:term":[{"taxonomy":"category","embeddable":true,"href":"https:\/\/www.mojevrijeme.hr\/magazin\/wp-json\/wp\/v2\/categories?post=61707"},{"taxonomy":"post_tag","embeddable":true,"href":"https:\/\/www.mojevrijeme.hr\/magazin\/wp-json\/wp\/v2\/tags?post=61707"}],"curies":[{"name":"wp","href":"https:\/\/api.w.org\/{rel}","templated":true}]}}