{"id":61785,"date":"2022-08-08T20:04:41","date_gmt":"2022-08-08T18:04:41","guid":{"rendered":"https:\/\/www.mojevrijeme.hr\/magazin\/?p=61785"},"modified":"2022-08-08T20:06:48","modified_gmt":"2022-08-08T18:06:48","slug":"gerontodomacice-su-vazne-hrvatskim-starcima-no-posao-im-je-slabo-placen-i-nesiguran","status":"publish","type":"post","link":"https:\/\/www.mojevrijeme.hr\/magazin\/2022\/08\/gerontodomacice-su-vazne-hrvatskim-starcima-no-posao-im-je-slabo-placen-i-nesiguran\/","title":{"rendered":"Gerontodoma\u0107ice su va\u017ene hrvatskim starcima, no posao im je slabo pla\u0107en i nesiguran"},"content":{"rendered":"\n<p>U uvjetima sve manje ro\u0111enih, sve vi\u0161e iseljenih i sve du\u017eeg \u017eivotnog vijeka, stanovni\u0161tvo stari. Ve\u0107ina europskih zemalja susre\u0107e se s ovim problemom pa ni Hrvatska nije izuzeta iz modela prema kojem broj stanovnika opada, a sve je ve\u0107a potreba za asistencijom i njegom u starim godinama \u017eivota.<\/p>\n\n\n\n<p>Tko \u0107e se brinuti o starcima? Pogotovo onima koji \u017eive u sama\u010dkim doma\u0107instvima? Pogotovo o onima koji \u017eive socijalno izolirani u ruralnim podru\u010djima? Ovaj je problem Hrvatska prepoznala i prije pet godina krenula u njegovo ubla\u017eavanje kroz program Za\u017eeli. Dapa\u010de, njime je odlu\u010dila rije\u0161iti dva problema; onaj te\u0161ko zapo\u0161ljivih \u017eena i onaj po\u010detni \u2013 nedostatnu skrb za starije \u010dlanova dru\u0161tva. Formula je naizgled jednostavna i efikasna: Te\u0161ko zapo\u0161ljive \u017eene zaposlit \u0107e se kao gerontodoma\u0107ice, a sve \u0107e platiti Europska unija iz Europskog socijalnog fonda. Na terenu se ovo rje\u0161enje pokazalo punim pogotkom, no problema je i dalje bezbroj.<\/p>\n\n\n\n<h3 class=\"wp-block-heading\">Tko je gerontodoma\u0107ica ili gerontodoma\u0107in?<\/h3>\n\n\n\n<p>Gerontodoma\u0107ice su osobe profesionalno posve\u0107ene skrbi za starije osobe. Izme\u0111u ostalog, gerontodoma\u0107ice odr\u017eavaju higijenu stana, nabavljaju namirnice, pripremaju obroke, pla\u0107anju ra\u010dune, vode ra\u010duna o pranju rublja. Tako\u0111er, poma\u017eu nemo\u0107nima u odr\u017eavanju osobne higijene, a nerijetko vode \u0161ti\u0107enike lije\u010dniku, frizeru, pedikeru, do banke, groblja\u2026 No ono \u0161to su korisnici usluga gerontodoma\u0107ica s kojima smo razgovarali u protekle dvije godine isticali kao najve\u0107u vrijednost je sama njihova prisutnost. Naime, gerontodoma\u0107ice su nerijetko jedine osobe s kojima usamljeni starci razgovaraju i koje su ih spremne saslu\u0161ati.<\/p><div id=\"mojev-693940256\" class=\"mojev-u-tekstu mojev-entity-placement\" style=\"margin-left: auto;margin-right: auto;text-align: center;\"><div class=\"mojev-adlabel\">oglas<\/div><div style=\"height: 250px;\"><script async src=\"https:\/\/pagead2.googlesyndication.com\/pagead\/js\/adsbygoogle.js?client=ca-pub-8106111766207173\"\r\n     crossorigin=\"anonymous\"><\/script>\r\n<!-- Prikazni 1 u tekstu -->\r\n<ins class=\"adsbygoogle\"\r\n     style=\"display:block\"\r\n     data-ad-client=\"ca-pub-8106111766207173\"\r\n     data-ad-slot=\"8535551207\"\r\n     data-ad-format=\"auto\"\r\n     data-full-width-responsive=\"true\"><\/ins>\r\n<script>\r\n     (adsbygoogle = window.adsbygoogle || []).push({});\r\n<\/script><\/div><\/div><br style=\"clear: both; display: block; float: none;\"\/>\n\n\n\n<div id=\"sivo\"><\/p>\n\n\n\n<p><em>&#8220;Nata\u0161a mi dosta pomogne. Kad do\u0111e, po\u010disti mi, donese drva. A najva\u017enije ako imam neke papire za rije\u0161it, jedva \u010dekam da dojde. Tol\u2019ko sam se na nju oslonila da s nekim stvarima \u010dekam nju, jer znam da bude mi to napravila.&#8221; (Marija Hlad, 84)<\/em><\/p>\n\n\n\n<p><\/div>\n\n\n\n<h3 class=\"wp-block-heading\">Kako i kada je sve po\u010delo?<\/h3>\n\n\n\n<p>Sredinom 2017. godine tada\u0161nji ministar rada i mirovinskoga sustava Marko Pavi\u0107 predstavio je program \u201eZa\u017eeli\u201c &#8211; program zapo\u0161ljavanja \u017eena. Po\u010detna vrijednost tog programa bila je oko 400 milijuna kuna, a hvalili su ga ministrica regionalnoga razvoja i fondova EU Gabrijela \u017dalac, ministrica za demografiju, obitelj, mlade i socijalnu politiku Nada Murgani\u0107, ministar za\u0161tite okoli\u0161a i energetike Tomislav \u0106ori\u0107; sve odreda biv\u0161e ministrice i ministar.<\/p>\n\n\n\n<p>U prvoj prezentaciji Pavi\u0107 je istaknuo da namjerava zaposliti preko 3.000 \u017eena na poslovima skrbi za starije i potrebite osobe \u010dime \u0107e biti obuhva\u0107eno oko 12.000 korisnika u te\u0161ko dostupnim podru\u010djima kao \u0161to su ruralna podru\u010dja i otoci, te u onim podru\u010djima u kojima je stopa nezaposlenosti vi\u0161a od hrvatskog prosjeka.<\/p>\n\n\n\n<p>Javnosti je prezentirano da su tako uskla\u0111ene europske i nacionalne preporuke o unaprje\u0111enju polo\u017eaja \u017eena na tr\u017ei\u0161tu rada i za\u0161tite prava \u017eena, i to sve na teret Operativnog programa U\u010dinkoviti ljudski potencijali 2014.-2020. iz sredstava Europskog socijalnog fonda. U\u010dinci su vi\u0161estruko korisni, jer \u0107e sudionice ovih aktivnosti uklju\u010divati \u017eene koje su u nepovoljnom polo\u017eaju na tr\u017ei\u0161tu rada, a koje \u0107e skrbiti o starijim osobama i osobama u nepovoljnom polo\u017eaju.<\/p>\n\n\n\n<p>Najavljeno je i raspisivanje natje\u010daja na koje \u0107e se za spomenuti novac natjecati jedinice lokalne uprave i samouprave te udruge, dok je maksimalno trajanje aktivnosti propisano na 30 mjeseci. Kandidatkinje koje su se mogle zaposliti na odobrenim projektima morale su imati vi\u0161e od 50 godina, nisu smjele imati obrazovanje ve\u0107e od srednjo\u0161kolskog, a u obzir su dolazile i \u017eene \u017ertve trgovanja ljudima, lije\u010dene ovisnice, \u017eene \u017ertve obiteljskog nasilja, besku\u0107nice. Obavezni partneri u projektima morali su biti regionalni i podru\u010dni uredi Hrvatskog zavoda za zapo\u0161ljavanje i Centri za socijalnu skrb.<\/p>\n\n\n\n<div id=\"sivo\"><\/p>\n\n\n\n<p><em>&#8220;Treba i popri\u010dati, biti psiholog. Mislim da nam je to nekako prvo na popisu \u0161to smo sve kao gerontodoma\u0107ice. Pomo\u0107 u ku\u0107i, a onda i razgovor, savjeti ako trebaju ljudi ne\u0161to rije\u0161iti, ili ih samo utje\u0161iti i re\u0107i da \u0107e sve biti dobro.&#8221; (Nata\u0161a Radi\u0107 Na\u0111, gerontodoma\u0107ica)<\/em><\/p>\n\n\n\n<p><\/div>\n\n\n\n<h3 class=\"wp-block-heading\">Nije i\u0161lo sve glatko<\/h3>\n\n\n\n<p>Obilaskom terena u protekle dvije godine uvjerili smo se u va\u017enost financiranja gerontodoma\u0107ica pa je pozitivna \u010dinjenica da program i danas \u017eivi te da je u svibnju 2022. godine raspisana i takozvana tre\u0107a faza na koju su se mogli prijaviti projekti u trajanju od samo \u0161est mjeseci. To je ujedno i najbolja ilustracija nesigurnosti samog modela financiranja programa. Glavne zamjerke koje su stru\u010dnjaci upu\u0107ivali programu Za\u017eeli je njegova neodr\u017eivost. Prevedeno: trajat \u0107e dok ga je Europska unija spremna financirati. <\/p>\n\n\n\n<p>\u0160to se samih gerontodoma\u0107ica ti\u010de, one su u prekarnom polo\u017eaju, rade te\u017eak posao za mali novac. Pla\u0107a gerontodoma\u0107ica propisana je u iznosu minimalca. Trenutno je to 4.687,50 kuna <strong>bruto<\/strong> uz neoporezive primitke (500 kuna bo\u017ei\u0107nice, uskrsnice i 1.500 regres za godi\u0161nji odmor), te putne tro\u0161kove od 627 kuna mjese\u010dno.<\/p>\n\n\n\n<p>Uz to, zabilje\u017eena su i ka\u0161njenja u isplati. Tako je 2019. godine portal Telegram prenio izjavu na\u010delnika Op\u0107ine \u010ceminac Zlatka Pinjuha, koji je najavio da \u0107e zbog drasti\u010dnog ka\u0161njenja novca iz dr\u017eavne blagajne morati otpustiti 42 \u017eene koje su sudjelovale u projektu jer ve\u0107 sedam mjeseci \u010dekaju nadoknadu sredstava iz Ministarstva rada, a novca u op\u0107inskoj blagajni vi\u0161e nema. Ministarstvo im je, prema Pinjuhovim rije\u010dima, dugovalo gotovo 900.000 kuna. Sli\u010dna situacija se dogodila i u Beli\u0161\u0107u, gdje je grad tako\u0111er usko\u010dio s vlastitim sredstvima i tako privremeno rije\u0161io problem jer bi ina\u010de 30 \u017eena ostalo bez posla.<\/p>\n\n\n\n<div id=\"sivo\"><\/p>\n\n\n\n<p><em>&#8220;Nata\u0161a do\u0111e dvaput tjedno, ponedjeljkom i srijedom. Evo, donese mi drva, po\u010disti, opere. Puno mi to zna\u010di. \u017divim sam. Svi su pomrli. Do\u0111e mi jo\u0161 ovaj sused tu preko. U dvori\u0161tu je kod mene imal svinje, po\u010del je travu kositi, ali onda je strgal kosu. I sad ga vi\u0161e nema.&#8221; (Ivan Petrak, 65)<\/em><\/p>\n\n\n\n<p><\/div>\n\n\n\n<h3 class=\"wp-block-heading\">Program za samopopromociju?<\/h3>\n\n\n\n<p>No u ljeto 2022. potro\u0161eni su svi europski novci koje Vlada za ovu namjenu imala na raspolaganju pa se mjesecima ranije po\u010delo preispitivati raspada li se ionako krhki sustav koji je od neprocjenjivog zna\u010daja za zapostavljene hrvatske starce. Vlada je, ipak, odlu\u010dila osigurati potreban novac za kontinuitet provedbe dok se ne otvori nova financijska omotnica.<\/p>\n\n\n\n<p>Krajem srpnja 2022. godine premijer Andrej Plenkovi\u0107 je podsjetio da je do tog trenutka oko 15.000 \u017eena na\u0161lo posao kroz program &#8220;Za\u017eeli&#8221; \u010dime je osigurana skrb za vi\u0161e od 50.000 starijih i nemo\u0107nih te da je alocirano 1,8 milijardi kuna. Ministar rada, mirovinskoga sustava, obitelji i socijalne politike Marin Pileti\u0107 dodao je da je vladinom odlukom u svibnju osigurano dodatnih 200 milijuna kuna za tre\u0107u fazu programa &#8220;Za\u017eeli&#8221; te da se o\u010dekuje Europski socijalni fond plus gdje je predvi\u0111eno 130 milijuna eura. Vlada je, ka\u017ee, morala intervenirati da bi program mogao funkcionirati na podru\u010dju cijele dr\u017eave. \u201eProgram \u0107e trajati \u0161est mjeseci dok ne upogonimo Europski socijalni fond i Program u\u010dinkovitih ljudskih potencijala do 2027. kako bismo po\u010deli koristiti sredstva iz idu\u0107e financijske omotnice\u201c, pojasnio je Pileti\u0107.<\/p>\n\n\n\n<div id=\"sivo\"><\/p>\n\n\n\n<p><em>&#8220;Mi smo, na\u017ealost, nekim ljudima jedini koji im dolaze u goste. Znaju da dolazimo uvijek u odre\u0111eno doba i oni nas \u010dekaju. Neki put je dovoljno samo to \u0161to ste do\u0161li i da ih malo saslu\u0161ate. To \u010desto vrijedi vi\u0161e od bilo \u010dega drugog. Ljudi nam se povjeravaju. \u017dene pogotovo. Ima tu svakakvih pri\u010da, pa i onih ljubavnih. Sva\u0161ta mi \u010dujemo. Na\u0161i korisnici znaju da nam mogu vjerovati, pa nam sve ka\u017eu. Ima svakakvih situacija, i lijepih i tu\u017enih. I nasmijemo se, ali ponekad i zapla\u010demo.&#8221; (Sanja Krsnik, gerontodoma\u0107ica)<\/em><\/p>\n\n\n\n<p><\/div>\n\n\n\n<h3 class=\"wp-block-heading\">Tko \u0107e biti gerontodoma\u0107ice u Fazi III?<\/h3>\n\n\n\n<p>U srpnju su uru\u010dena 62 ugovora vrijednih vi\u0161e od 60 milijuna kuna u okviru Poziva &#8220;Za\u017eeli \u2013 program zapo\u0161ljavanja \u017eena \u2013 faza III\u201c. Prema propozicijama javnog poziva, gerontoma\u0107ice u &#8220;tre\u0107em krugu&#8221; mogu biti nezaposlene \u017eene s najvi\u0161e zavr\u0161enim srednjo\u0161kolskim obrazovanjem koje su prijavljene u evidenciju nezaposlenih HZZ-a, u okviru kojih je prijavitelj ili partner du\u017ean dati prednost te\u017ee zapo\u0161ljivim ili ranjivim skupinama u lokalnoj zajednici. <\/p>\n\n\n\n<p>Pri tome su ranjive skupine s ote\u017eanim pristupom tr\u017ei\u0161tu rada: \u017eene od 50 godina i vi\u0161e, \u017eene s invaliditetom, \u017ertve trgovanja ljudima, \u017ertve obiteljskog nasilja, azilantice, \u017eene koje su iza\u0161le iz sustava skrbi (domova za djecu) i udomiteljskih obitelji, odgojnih zavoda i sl., lije\u010dene ovisnice, povratnice s odslu\u017eenja zatvorske kazne unazad 6 mjeseci, pripadnice romske nacionalne manjine i besku\u0107nice. Uz navedene, prijavitelj ili partner mo\u017ee uklju\u010diti i druge ranjive skupine.<\/p>\n\n\n\n<p>Koji projekti su dobili financiranje u Fazi III?<br><\/p>\n\n\n\n<ol class=\"wp-block-list\"><li>ZvoniMir, projekt \u201eZa\u017eeli joj zapo\u0161ljavanje III\u201c<\/li><li>Op\u0107ina Ervenik, projekt \u201eZa\u017eeli za bolji Ervenik\u201c<\/li><li>Op\u0107ina Une\u0161i\u0107, projekt \u201eZapo\u0161ljavanjem \u017eena pomognimo Zagori \u2013 III faza\u201c<\/li><li>Grad Metkovi\u0107, projekt \u201eZa\u017eeli i ostvari 2\u201c<\/li><li>LOKALNA AKCIJSKA GRUPA \u201eZELENI TROKUT\u201c, projekt \u201eRUKE KOJE MOGU SVE II\u201c<\/li><li>Op\u0107ina Nedeli\u0161\u0107e, projekt \u201eZAposlene \u017dEne NedeLI\u0161\u0107a (za) SRE\u0106U\u201c<\/li><li>UDRUGA TIGAR 90\/91 RAKITJE, projekt \u201eZapo\u0161ljavanjem \u017eena do boljitka u lokalnoj zajednici 2\u201c<\/li><li>Op\u0107ina Vuka, projekt \u201eZa\u017eeli bolji \u017eivot u Op\u0107ini Vuka \u2013 Faza III\u201c<\/li><li>Grad \u0110ur\u0111evac, projekt \u201eSnaga pomo\u0107i 3\u201c<\/li><li>Udruga Ivana Perkovca \u2013 za o\u010duvanje kajkavske ikavice i promicanje zavi\u010dajne kulturne&nbsp;ba\u0161tine, projekt \u201eZa\u017eeli bolji \u017eivot\u201c<\/li><li>Otvorena ra\u010dunalna radionica \u201eSVI SMO PROTIV\u201c, projekt \u201ePodr\u0161kom do sre\u0107e\u201c<\/li><li>Op\u0107ina Vrsi, projekt \u201eVeliko srce Vrsi i Poljica\u201c<\/li><li>Obnova, projekt \u201eZa\u017eeli dobro bli\u017enjemu 2\u201c<\/li><li>Dru\u0161tvo distrofi\u010dara, invalida cerebralne i dje\u010dje paralize i ostalih tjelesnih invalida Grada&nbsp;Vara\u017edina, projekt \u201eZa\u017eeli za OSI II\u201c<\/li><li>Grad Na\u0161ice, projekt \u201eZA\u017dELI, UKLJU\u010cI SE, OSTVARI SE \u2013 VA\u017dNA SI! \u2013 FAZA III\u201c<\/li><li>Op\u0107ina Kon\u010danica, projekt \u201eZa\u017eeli bolje sutra \u2013 faza III\u201c<\/li><li>Op\u0107ina Sveti Filip i Jakov, projekt \u201eZa\u017eeli \u2013 Sveti Filip i Jakov \u2013 Faza III\u201c<\/li><li>Op\u0107ina Orle, projekt \u201eZa\u017eeli za Op\u0107inu Orle\u201c<\/li><li>LOKALNA AKCIJSKA GRUPA KARA\u0160ICA, projekt \u201eU\u010dim, radim, poma\u017eem Slavoniji III.\u201c<\/li><li>Grad Po\u017eega, projekt \u201ePUK 31\u201c<\/li><li>Hrvatski savez udruga za mlade i studente s invaliditetom SUMSI, projekt \u201eUvijek pri ruci \u2013 Faza III\u201c<\/li><li>Op\u0107ina Vi\u0161kovo, projekt \u201eRuke poma\u017eu \u2013 faza 2\u201c<\/li><li>Hrvatski Crveni kri\u017e Gradsko dru\u0161tvo Crvenog kri\u017ea Duga Resa, projekt \u201eSpas u zadnji&nbsp;\u010das \u2013 ZA\u017dELI faza III\u201c<\/li><li>UDRUGA UMIROVLJENIKA GRADA KNINA, projekt \u201eUMIROVLJENICI ZA UMIROVLJENIKE\u201c<\/li><li>UDRUGA OSOBA S INVALIDITETOM GRADA PO\u017dEGE I \u017dUPANIJE PO\u017dE\u0160KO-SLAVONSKE, projekt \u201eZa\u017eeli posao \u2013 \u010cini dobro 2022\u201c<\/li><li>Grad Prelog, projekt \u201ePomozi, Zaposli, Usre\u0107i III\u201c<\/li><li>Op\u0107ina Antunovac, projekt \u201eSnaga \u017eena \u2013 skrbim za druge, brinem za sebe III\u201c<\/li><li>Dru\u0161tvo osoba s tjelesnim invaliditetom Me\u0111imurske \u017eupanije, projekt \u201e\u017delim \u2013 pomo\u0107 dijelim III\u201c<\/li><li>Hrvatski Crveni kri\u017e Gradsko dru\u0161tvo Crvenog kri\u017ea Karlovac, projekt \u201ePoma\u017eem&nbsp;drugima \u2013 poma\u017eem sebi III\u201c<\/li><li>Udruga osoba s invaliditetom \u201eVuka\u201c Vukovar, projekt \u201eUklju\u010divanje i zapo\u0161ljavanje \u2013 faza III\u201c<\/li><li>UDRU\u017dENJE \u201eBARANJA\u201c, projekt \u201eBARANJKA POMA\u017dE SUSJEDIMA\u201c<\/li><li>Centar za odr\u017eivi razvoj, projekt \u201eZa\u017eeli \u2013 aktivna u zajednici II\u201c<\/li><li>Op\u0107ina Lovre\u0107 , projekt \u201eZa\u017eeli njegu, za\u017eeli posao \u2013 faza III\u201c&nbsp;<\/li><li>Udruga djece oboljele od dijabetesa i njihovih roditelja \u010cakovec Me\u0111imurski slatki\u0161i,&nbsp;projekt \u201eZa\u017eeli pravu stvar II\u201c<\/li><li>Op\u0107ina \u0160titar, projekt \u201eAktivne u zajednici \u2013 faza III\u201c<\/li><li>Grad Vukovar, projekt \u201ePokloni mi osmijeh III\u201c<\/li><li>Op\u0107ina \u0160tefanje, projekt \u201eZA\u017dELI \u0160TEFANJE \u2013 IVANSKA\u201c<\/li><li>Udruga za obrazovanje i znanost \u201eScientia populo\u201c Knin, projekt \u201ePodr\u0161kom do zajedni\u0161tva III\u201c<\/li><li>Op\u0107ina Luka, projekt \u201eZa\u017eeli u Op\u0107ini Luka II\u201c<\/li><li>Udruga mladih \u201eMladi u Europskoj uniji\u201c, projekt \u201ePomo\u0107 u ku\u0107i \u2013 \u017eivot u sre\u0107i 3\u201c<\/li><li>Hrvatski Crveni kri\u017e Gradsko dru\u0161tvo Crvenog kri\u017ea Dugo Selo, projekt \u201eNOVA 50+ \u2013 program zapo\u0161ljavanja \u017eena II\u201c<\/li><li>Op\u0107ina Podstrana, projekt \u201ePonovno za\u017eelimo zajedno\u201c<\/li><li>Op\u0107ina Semeljci, projekt \u201ePomozi i razveseli \u2013 Ostavi trag!\u201c<\/li><li>Op\u0107ina Kravarsko, projekt \u201eZA\u017dELI-PROGRAM ZAPO\u0160LJAVANJA \u017dENA OP\u0106INE KRAVARSKO \u2013 faza III\u201c<\/li><li>Patria Sinj, projekt \u201ePomo\u0107 u ku\u0107i za nemo\u0107ne\u201c<\/li><li>UDRUGA ZA PROMICANJE ZNANOSTI LUKA ZA SRE\u0106U, projekt \u201eBrinemo za najbli\u017ee\u201c<\/li><li>UDRUGA BUDI DOBAR ZA RAZVOJ I POPULARIZACIJU KLJU\u010cNIH AKTIVNOSTI&nbsp;DRU\u0160TVA, projekt \u201eBolji \u017eivot\u201c<\/li><li>UDRUGA ASERTIVNO DJELOVANJE ZA RAZVOJ I POPULARIZACIJU KLJU\u010cNIH&nbsp;AKTIVNOSTI DRU\u0160TVA, projekt \u201eBriga o ranjivoj skupini\u201c<\/li><li>Centar za karijere mladih Dubrovnik, projekt \u201eZa njihovu dobrobit\u201c<\/li><li>Op\u0107ina Stari Mikanovci, projekt \u201eUKLJU\u010cIVANJE \u017dENA U NEPOVOLJNOM POLO\u017dAJU&nbsp;NA TR\u017dI\u0160TE RADA III\u201c<\/li><li>DRU\u0160TVO MULTIPLE SKLEROZE KOPRIVNI\u010cKO-KRI\u017dEVA\u010cKE \u017dUPANIJE, projekt&nbsp;\u201e\u017dELIM DOBAR \u017dIVOT\u201c<\/li><li>Grad Slatina, projekt \u201eSlatino, za\u017eeli II!\u201c<\/li><li>Udruga za razvoj programa cjelo\u017eivotnog u\u010denja, projekt \u201eProgram uklju\u010divanja ranjivih&nbsp;skupina \u2013 Za\u017eeli III.\u201c&nbsp;<\/li><li>UDRUGA (NA)GLUHIH OSOBA \u201eVIDEATUR\u201c, projekt \u201eInovativni i inkluzivni na\u010dini&nbsp;socijalnog uklju\u010divanja\u201c<\/li><li>Sportska udruga za osobe s intelektualnim pote\u0161ko\u0107ama \u201eVeliko srce\u201c Koprivnica, projekt&nbsp;\u201eDostojanstveno stariti\u201c<\/li><li>CARITAS SISA\u010cKE BISKUPIJE, projekt \u201eZA\u017dELI u Caritasu Sisa\u010dke biskupije \u2013 faza III\u201c<\/li><li>PRVI KLASTER \u017dENA PODUZETNICA RH \u201eKOLO-KAKO OSNA\u017dITI LOKALNO&nbsp;OKRU\u017dENJE\u201c, projekt \u201eBit \u0107u ti prijatelj \u2013 Zajedno kroz \u017eivot\u201c<\/li><li>HUMANITARNA UDRUGA LJUDI ZA LJUDE, projekt \u201eZa\u017eeli bolji \u017eivot\u201c<\/li><li>MALONOGOMETNI KLUB ZAGREB GIMKA, projekt \u201ePomo\u0107 starijima Grada Zagreba\u201c<\/li><li>Op\u0107ina Staro Petrovo Selo, projekt \u201ePove\u0107anje kvalitete \u017eivota osoba u nepovoljnom&nbsp;polo\u017eaju u lokalnoj zajednici \u2013 faza III\u201c<\/li><li>Op\u0107ina Gradac, projekt \u201eRuka ruci \u2013 faza II\u201c<\/li><li>Grad Plo\u010de, projekt \u201eZA\u017dELI danas za bolje sutra III-Grad Plo\u010de\u201c<\/li><\/ol>\n\n\n\n<div id=\"blokovi\"><img decoding=\"async\" src=\"https:\/\/www.mojevrijeme.hr\/magazin\/wp-content\/uploads\/2020\/09\/esf-lenta.jpg\">\nOvaj prilog objavljen je u sklopu projekta \u201cNovo vrijeme\u201d. Projekt je sufinancirala\nEuropska unija sredstvima Europskog socijalnog fonda. Sadr\u017eaj priloga isklju\u010diva\nje odgovornost Udruge Ho\u0107u stranicu.<\/div>\n<div id=\"mojev-1108272444\" class=\"mojev-kraj-teksta mojev-entity-placement\" style=\"margin-bottom: 20px;margin-left: auto;margin-right: auto;text-align: center;\"><div class=\"mojev-adlabel\">oglas<\/div><div style=\"height: 250px;\"><script async src=\"https:\/\/pagead2.googlesyndication.com\/pagead\/js\/adsbygoogle.js?client=ca-pub-8106111766207173\"\r\n     crossorigin=\"anonymous\"><\/script>\r\n<!-- Display-1 -->\r\n<ins class=\"adsbygoogle\"\r\n     style=\"display:block\"\r\n     data-ad-client=\"ca-pub-8106111766207173\"\r\n     data-ad-slot=\"1465712950\"\r\n     data-ad-format=\"auto\"\r\n     data-full-width-responsive=\"true\"><\/ins>\r\n<script>\r\n     (adsbygoogle = window.adsbygoogle || []).push({});\r\n<\/script><\/div><\/div>","protected":false},"excerpt":{"rendered":"<p>la\u0107a gerontodoma\u0107ica propisana je u iznosu minimalca. Trenutno je to 4.687,50 kuna bruto, kao i neoporezive primitke (500 kuna bo\u017ei\u0107nice, uskrsnice i 1.500 regres za godi\u0161nji odmor), te putne tro\u0161kove od 627 kuna mjese\u010dno.<\/p>\n","protected":false},"author":10,"featured_media":42928,"comment_status":"closed","ping_status":"closed","sticky":false,"template":"","format":"standard","meta":{"footnotes":""},"categories":[9],"tags":[1501,2339,2711],"class_list":["post-61785","post","type-post","status-publish","format-standard","has-post-thumbnail","hentry","category-vijesti","tag-gerontodomacice","tag-novo-vrijeme","tag-zazeli"],"_links":{"self":[{"href":"https:\/\/www.mojevrijeme.hr\/magazin\/wp-json\/wp\/v2\/posts\/61785","targetHints":{"allow":["GET"]}}],"collection":[{"href":"https:\/\/www.mojevrijeme.hr\/magazin\/wp-json\/wp\/v2\/posts"}],"about":[{"href":"https:\/\/www.mojevrijeme.hr\/magazin\/wp-json\/wp\/v2\/types\/post"}],"author":[{"embeddable":true,"href":"https:\/\/www.mojevrijeme.hr\/magazin\/wp-json\/wp\/v2\/users\/10"}],"replies":[{"embeddable":true,"href":"https:\/\/www.mojevrijeme.hr\/magazin\/wp-json\/wp\/v2\/comments?post=61785"}],"version-history":[{"count":0,"href":"https:\/\/www.mojevrijeme.hr\/magazin\/wp-json\/wp\/v2\/posts\/61785\/revisions"}],"wp:featuredmedia":[{"embeddable":true,"href":"https:\/\/www.mojevrijeme.hr\/magazin\/wp-json\/wp\/v2\/media\/42928"}],"wp:attachment":[{"href":"https:\/\/www.mojevrijeme.hr\/magazin\/wp-json\/wp\/v2\/media?parent=61785"}],"wp:term":[{"taxonomy":"category","embeddable":true,"href":"https:\/\/www.mojevrijeme.hr\/magazin\/wp-json\/wp\/v2\/categories?post=61785"},{"taxonomy":"post_tag","embeddable":true,"href":"https:\/\/www.mojevrijeme.hr\/magazin\/wp-json\/wp\/v2\/tags?post=61785"}],"curies":[{"name":"wp","href":"https:\/\/api.w.org\/{rel}","templated":true}]}}