{"id":61962,"date":"2022-08-14T12:05:08","date_gmt":"2022-08-14T10:05:08","guid":{"rendered":"https:\/\/www.mojevrijeme.hr\/magazin\/?p=61962"},"modified":"2022-08-14T12:05:37","modified_gmt":"2022-08-14T10:05:37","slug":"mrsic-bez-hospitalizacije-matijanic-nije-imas-sanse-robujemo-telefonskoj-medicini","status":"publish","type":"post","link":"https:\/\/www.mojevrijeme.hr\/magazin\/2022\/08\/mrsic-bez-hospitalizacije-matijanic-nije-imas-sanse-robujemo-telefonskoj-medicini\/","title":{"rendered":"Mrsi\u0107: Bez hospitalizacije Matijani\u0107 nije imao \u0161anse, robujemo telefonskoj medicini"},"content":{"rendered":"\n<p>Biv\u0161i ministar rada, hematolog Mirando Mrsi\u0107, komentirao komentirao je za N1 televiziju slu\u010daj Matijani\u0107. Podsjetimo, novinar Vladimir Matijani\u0107 je imao upalu plu\u0107a i upalu sr\u010danog mi\u0161i\u0107a nakon infekcije koronavirusom. Usprkos bezbrojnim pozivima KBC-u Split i Hitnoj pomo\u0107i, zdravstvo ga je ostavilo da se ugu\u0161i doma. <\/p>\n\n\n\n<p>&#8220;Te se upale javljaju nakon infekcije koronom i zahtijevaju bolni\u010dku skrb \u2013 agresivnu, da se spasi \u017eivot. On bez hospitalizacije nije imao \u0161anse da savlada koronu. \u0160anse bi u bolnici imao, ali ne mo\u017ee se gatati kolike. Ovako \u0161anse nije imao. Da je Hitna koja je do\u0161la u ku\u0107nu posjetu odvela Matijani\u0107a u Hitni prijem, snimili bi EKG, plu\u0107a\u2026 Ovako je bilo nemogu\u0107e dijagnosticirati promjene koje su se doga\u0111ale. Da se slu\u0161ao pacijent, znalo bi se da on ne tolerira nikakav napor, pacijenta bi se moralo hospitalizirati i poku\u0161ati mu spasiti \u017eivot&#8221;, kazao je&nbsp;Mirando Mrsi\u0107.<\/p>\n\n\n\n<p>\u201cEpizoda s gu\u0161enjem i nedostatkom zraka koja je pro\u0161la bila je alarm da ga treba \u0161to prije dopremiti u neku medicinsku ordinaciju. Po\u010deli smo robovati telefonskoj medicini, a preko telefona ne mo\u017eete vidjeti stanje. Pacijent nije broj, nije netko s druge strane slu\u0161alice. Trebalo je druga\u010dije postupiti. Odvesti ga na hitni prijem, pregledati. Danak moderne medicine je da smo po\u010deli robovati slikama, strojevima, nalazima, a ne pacijentima. Pacijent je prvi, u fokusu lije\u010dnika, kako bi se \u0161to prije dijagnosticiralo i izlije\u010dilo. \u0160tamparov model u kojem je pacijent na prvom mjestu razru\u0161ava se od devedesetih, ali se ipak i dalje odr\u017eava\u201d, kazao je Mrsi\u0107.<\/p><div id=\"mojev-1636718504\" class=\"mojev-u-tekstu mojev-entity-placement\" style=\"margin-left: auto;margin-right: auto;text-align: center;\"><div class=\"mojev-adlabel\">oglas<\/div><div style=\"height: 250px;\"><script async src=\"https:\/\/pagead2.googlesyndication.com\/pagead\/js\/adsbygoogle.js?client=ca-pub-8106111766207173\"\r\n     crossorigin=\"anonymous\"><\/script>\r\n<!-- Prikazni 1 u tekstu -->\r\n<ins class=\"adsbygoogle\"\r\n     style=\"display:block\"\r\n     data-ad-client=\"ca-pub-8106111766207173\"\r\n     data-ad-slot=\"8535551207\"\r\n     data-ad-format=\"auto\"\r\n     data-full-width-responsive=\"true\"><\/ins>\r\n<script>\r\n     (adsbygoogle = window.adsbygoogle || []).push({});\r\n<\/script><\/div><\/div><br style=\"clear: both; display: block; float: none;\"\/>\n<div id=\"mojev-701482577\" class=\"mojev-kraj-teksta mojev-entity-placement\" style=\"margin-bottom: 20px;margin-left: auto;margin-right: auto;text-align: center;\"><div class=\"mojev-adlabel\">oglas<\/div><div style=\"height: 250px;\"><script async src=\"https:\/\/pagead2.googlesyndication.com\/pagead\/js\/adsbygoogle.js?client=ca-pub-8106111766207173\"\r\n     crossorigin=\"anonymous\"><\/script>\r\n<!-- Display-1 -->\r\n<ins class=\"adsbygoogle\"\r\n     style=\"display:block\"\r\n     data-ad-client=\"ca-pub-8106111766207173\"\r\n     data-ad-slot=\"1465712950\"\r\n     data-ad-format=\"auto\"\r\n     data-full-width-responsive=\"true\"><\/ins>\r\n<script>\r\n     (adsbygoogle = window.adsbygoogle || []).push({});\r\n<\/script><\/div><\/div>","protected":false},"excerpt":{"rendered":"<p>&#8216;Pacijent nije broj, nije netko s druge strane slu\u0161alice. Trebalo je druga\u010dije postupiti. Odvesti ga na hitni prijem, pregledati&#8217;, ka\u017ee biv\u0161i ministar rada. <\/p>\n","protected":false},"author":1,"featured_media":61720,"comment_status":"closed","ping_status":"closed","sticky":false,"template":"","format":"standard","meta":{"footnotes":""},"categories":[9],"tags":[2046,623,3253],"class_list":["post-61962","post","type-post","status-publish","format-standard","has-post-thumbnail","hentry","category-vijesti","tag-korona-virus","tag-mirando-mrsic","tag-vladimir-matijanic"],"_links":{"self":[{"href":"https:\/\/www.mojevrijeme.hr\/magazin\/wp-json\/wp\/v2\/posts\/61962","targetHints":{"allow":["GET"]}}],"collection":[{"href":"https:\/\/www.mojevrijeme.hr\/magazin\/wp-json\/wp\/v2\/posts"}],"about":[{"href":"https:\/\/www.mojevrijeme.hr\/magazin\/wp-json\/wp\/v2\/types\/post"}],"author":[{"embeddable":true,"href":"https:\/\/www.mojevrijeme.hr\/magazin\/wp-json\/wp\/v2\/users\/1"}],"replies":[{"embeddable":true,"href":"https:\/\/www.mojevrijeme.hr\/magazin\/wp-json\/wp\/v2\/comments?post=61962"}],"version-history":[{"count":0,"href":"https:\/\/www.mojevrijeme.hr\/magazin\/wp-json\/wp\/v2\/posts\/61962\/revisions"}],"wp:featuredmedia":[{"embeddable":true,"href":"https:\/\/www.mojevrijeme.hr\/magazin\/wp-json\/wp\/v2\/media\/61720"}],"wp:attachment":[{"href":"https:\/\/www.mojevrijeme.hr\/magazin\/wp-json\/wp\/v2\/media?parent=61962"}],"wp:term":[{"taxonomy":"category","embeddable":true,"href":"https:\/\/www.mojevrijeme.hr\/magazin\/wp-json\/wp\/v2\/categories?post=61962"},{"taxonomy":"post_tag","embeddable":true,"href":"https:\/\/www.mojevrijeme.hr\/magazin\/wp-json\/wp\/v2\/tags?post=61962"}],"curies":[{"name":"wp","href":"https:\/\/api.w.org\/{rel}","templated":true}]}}