{"id":62009,"date":"2022-08-16T13:42:59","date_gmt":"2022-08-16T11:42:59","guid":{"rendered":"https:\/\/www.mojevrijeme.hr\/magazin\/?p=62009"},"modified":"2022-08-16T13:43:33","modified_gmt":"2022-08-16T11:43:33","slug":"tomasevic-objavio-kad-ce-se-moci-kupiti-vrecice-za-mijesani-otpad-pocelo-je-izdavanje-dozvola-za-boksove","status":"publish","type":"post","link":"https:\/\/www.mojevrijeme.hr\/magazin\/2022\/08\/tomasevic-objavio-kad-ce-se-moci-kupiti-vrecice-za-mijesani-otpad-pocelo-je-izdavanje-dozvola-za-boksove\/","title":{"rendered":"Toma\u0161evi\u0107 objavio kad \u0107e se mo\u0107i kupiti vre\u0107ice za mije\u0161ani otpad, po\u010delo je izdavanje dozvola za boksove"},"content":{"rendered":"\n<p>Zagreba\u010dki gradona\u010delnik Tomislav Toma\u0161evi\u0107 (Mo\u017eemo) objavio je danas da se svaki tjedna odr\u017eavaju koordinacije za uvo\u0111enje novog sustava naplate odvoza mije\u0161anog komunalnog otpada. Potpisani su ugovori sa svim trgova\u010dkim centrima koji su se javili na javni poziv \u010cisto\u0107e, a u kojima \u0107e se mo\u0107i kupiti vre\u0107ice za otpad. <\/p>\n\n\n\n<p>Prva isporuka vre\u0107ica \u0107e biti po\u010detkom rujna i 15. rujna bi vre\u0107ice trebale biti dostupne u trgovinama, dva tjedna prije nego novi sustav stupi na snagu.<\/p>\n\n\n\n<p>&#8220;\u0160to se ti\u010de nadzemnih boksova, jo\u0161 jednom pozivam gra\u0111ane da postave zahtjev i da se provjeri ima li kapaciteta u vi\u0161estambenim zgradama ili na zemlji\u0161tu vi\u0161estambenih zgrada za postavljanje spremnika za otpad. Ukoliko to ne postoji i mora se na javnu povr\u0161inu postaviti boks, mora biti tipizirani boks. Gra\u0111ani su po\u010deli tra\u017eiti dozvole za boksove, grad ih je po\u010deo izdavati, isto tako su po\u010deli naru\u010divati od privatnih poduze\u0107a izradu boksova jer je propisano kako tipizirani boks treba izgledati. Kako ne bi bila centralizirana javna nabava od strane grada pa bi se \u010dekalo svaki boks da jedna firma to napravi, ovako mo\u017ee stotinjak firmi napraviti boksove&#8221;, naveo je Toma\u0161evi\u0107.<\/p><div id=\"mojev-3518227373\" class=\"mojev-u-tekstu mojev-entity-placement\" style=\"margin-left: auto;margin-right: auto;text-align: center;\"><div class=\"mojev-adlabel\">oglas<\/div><div style=\"height: 250px;\"><script async src=\"https:\/\/pagead2.googlesyndication.com\/pagead\/js\/adsbygoogle.js?client=ca-pub-8106111766207173\"\r\n     crossorigin=\"anonymous\"><\/script>\r\n<!-- Prikazni 1 u tekstu -->\r\n<ins class=\"adsbygoogle\"\r\n     style=\"display:block\"\r\n     data-ad-client=\"ca-pub-8106111766207173\"\r\n     data-ad-slot=\"8535551207\"\r\n     data-ad-format=\"auto\"\r\n     data-full-width-responsive=\"true\"><\/ins>\r\n<script>\r\n     (adsbygoogle = window.adsbygoogle || []).push({});\r\n<\/script><\/div><\/div><br style=\"clear: both; display: block; float: none;\"\/>\n\n\n\n<p>&#8220;Da olak\u0161amo gra\u0111anima s Obrtni\u010dkom komorom i Gospodarskom komorom smo napravili poziv zainteresiranim privatnim subjektima koji mogu napraviti boksove kako bi ih predstavnici stanara mogli kontaktirati jer ih moraju iz pri\u010duve platiti. To je zadnja varijanta, prva je da budu smje\u0161teni unutar zgrada, a druga da budu na zemlji\u0161tu u vlasni\u0161tvu vi\u0161estambene zgrade&#8221;, rekao je&nbsp;Toma\u0161evi\u0107 dodaju\u0107i kako&nbsp;nije lako na\u0107i mjesta za podzemne spremnike u povijesnoj jezgri grada.<\/p>\n\n\n\n<p>&#8220;\u0160to se ti\u010de podzemnih spremnika, to je proces koji \u0107e trajati neko vrijeme s obzirom na sve podzemne instalacije u Zagrebu. Nije lako na\u0107i lokacije u povijesnoj jezgri grada za postavljanje stotinjak podzemnih spremnika. Imat \u0107emo nekoliko njih postavljenih prije 1. listopada, to \u0107e biti proces koji \u0107e trajati i podzemni spremnik mo\u017ee raditi jedna firma, javna nabava je u tijeku&#8221;, naglasio je.<\/p>\n<div id=\"mojev-1171798289\" class=\"mojev-kraj-teksta mojev-entity-placement\" style=\"margin-bottom: 20px;margin-left: auto;margin-right: auto;text-align: center;\"><div class=\"mojev-adlabel\">oglas<\/div><div style=\"height: 250px;\"><script async src=\"https:\/\/pagead2.googlesyndication.com\/pagead\/js\/adsbygoogle.js?client=ca-pub-8106111766207173\"\r\n     crossorigin=\"anonymous\"><\/script>\r\n<!-- Display-1 -->\r\n<ins class=\"adsbygoogle\"\r\n     style=\"display:block\"\r\n     data-ad-client=\"ca-pub-8106111766207173\"\r\n     data-ad-slot=\"1465712950\"\r\n     data-ad-format=\"auto\"\r\n     data-full-width-responsive=\"true\"><\/ins>\r\n<script>\r\n     (adsbygoogle = window.adsbygoogle || []).push({});\r\n<\/script><\/div><\/div>","protected":false},"excerpt":{"rendered":"<p>Nije lako na\u0107i lokacije u povijesnoj jezgri grada za postavljanje stotinjak podzemnih spremnika. Imat \u0107emo nekoliko njih postavljenih prije 1. listopada, to \u0107e biti proces koji \u0107e trajati i podzemni spremnik mo\u017ee raditi jedna firma, javna nabava je u tijeku, kazao je gradona\u010delnik. <\/p>\n","protected":false},"author":1,"featured_media":60127,"comment_status":"closed","ping_status":"closed","sticky":false,"template":"","format":"standard","meta":{"footnotes":""},"categories":[9],"tags":[605,2670,39],"class_list":["post-62009","post","type-post","status-publish","format-standard","has-post-thumbnail","hentry","category-vijesti","tag-otpad","tag-tomislav-tomasevic","tag-zagreb"],"_links":{"self":[{"href":"https:\/\/www.mojevrijeme.hr\/magazin\/wp-json\/wp\/v2\/posts\/62009","targetHints":{"allow":["GET"]}}],"collection":[{"href":"https:\/\/www.mojevrijeme.hr\/magazin\/wp-json\/wp\/v2\/posts"}],"about":[{"href":"https:\/\/www.mojevrijeme.hr\/magazin\/wp-json\/wp\/v2\/types\/post"}],"author":[{"embeddable":true,"href":"https:\/\/www.mojevrijeme.hr\/magazin\/wp-json\/wp\/v2\/users\/1"}],"replies":[{"embeddable":true,"href":"https:\/\/www.mojevrijeme.hr\/magazin\/wp-json\/wp\/v2\/comments?post=62009"}],"version-history":[{"count":0,"href":"https:\/\/www.mojevrijeme.hr\/magazin\/wp-json\/wp\/v2\/posts\/62009\/revisions"}],"wp:featuredmedia":[{"embeddable":true,"href":"https:\/\/www.mojevrijeme.hr\/magazin\/wp-json\/wp\/v2\/media\/60127"}],"wp:attachment":[{"href":"https:\/\/www.mojevrijeme.hr\/magazin\/wp-json\/wp\/v2\/media?parent=62009"}],"wp:term":[{"taxonomy":"category","embeddable":true,"href":"https:\/\/www.mojevrijeme.hr\/magazin\/wp-json\/wp\/v2\/categories?post=62009"},{"taxonomy":"post_tag","embeddable":true,"href":"https:\/\/www.mojevrijeme.hr\/magazin\/wp-json\/wp\/v2\/tags?post=62009"}],"curies":[{"name":"wp","href":"https:\/\/api.w.org\/{rel}","templated":true}]}}