{"id":62113,"date":"2022-08-19T18:27:48","date_gmt":"2022-08-19T16:27:48","guid":{"rendered":"https:\/\/www.mojevrijeme.hr\/magazin\/?p=62113"},"modified":"2022-08-19T18:27:49","modified_gmt":"2022-08-19T16:27:49","slug":"moze-li-samo-jedan-vitamin-sprijeciti-demenciju","status":"publish","type":"post","link":"https:\/\/www.mojevrijeme.hr\/magazin\/2022\/08\/moze-li-samo-jedan-vitamin-sprijeciti-demenciju\/","title":{"rendered":"Mo\u017ee li samo jedan vitamin sprije\u010diti demenciju?"},"content":{"rendered":"\n<p>Demencija je jedan od \u010de\u0161\u0107ih uzroka smrti \u0161irom svijeta. Adekvatan unos vitamina D mo\u017ee biti klju\u010dno i jeftino rje\u0161enje za sprje\u010davanje te bolesti, glasi zaklju\u010dak jedne nove studije, pi\u0161e <a href=\"https:\/\/www.dw.com\/hr\/povezanost-nedostatka-vitamina-d-i-demencije\/a-62836272\" target=\"_blank\" rel=\"noreferrer noopener\">Deutsche Welle<\/a>.<\/p>\n\n\n\n<p>Oko 17 posto slu\u010dajeva demencije moglo bi se sprije\u010diti ako bi ljudi uzimali dovoljne koli\u010dine vitamina D. Prvu svjetsku studiju koja je ovo dokazala provelo je Sveu\u010dili\u0161te Ju\u017ene Australije. Znanstvenici su otkrili direktnu vezu izme\u0111u demencije i nedostatka vitamina D &#8211; a time i va\u017ean i jeftin pristup preventivi.<\/p>\n\n\n\n<p>Demencija je kroni\u010dni ili progresivni sindrom koji s godinama dovodi do pogor\u0161anja kognitivnih funkcija, razmi\u0161ljanja i pam\u0107enja. Vi\u0161e od 55 milijuna ljudi \u0161irom svijeta pati od demencije, a svake godine se dijagnosticira 10 milijuna novih slu\u010dajeva.<\/p><div id=\"mojev-1488873613\" class=\"mojev-u-tekstu mojev-entity-placement\" style=\"margin-left: auto;margin-right: auto;text-align: center;\"><div class=\"mojev-adlabel\">oglas<\/div><div style=\"height: 250px;\"><script async src=\"https:\/\/pagead2.googlesyndication.com\/pagead\/js\/adsbygoogle.js?client=ca-pub-8106111766207173\"\r\n     crossorigin=\"anonymous\"><\/script>\r\n<!-- Prikazni 1 u tekstu -->\r\n<ins class=\"adsbygoogle\"\r\n     style=\"display:block\"\r\n     data-ad-client=\"ca-pub-8106111766207173\"\r\n     data-ad-slot=\"8535551207\"\r\n     data-ad-format=\"auto\"\r\n     data-full-width-responsive=\"true\"><\/ins>\r\n<script>\r\n     (adsbygoogle = window.adsbygoogle || []).push({});\r\n<\/script><\/div><\/div><br style=\"clear: both; display: block; float: none;\"\/>\n\n\n\n<h3 class=\"wp-block-heading\">Kako nedostatak vitamina D utje\u010de na mozak<\/h3>\n\n\n\n<p>Studija, koju je podr\u017ealo Britansko nacionalno vije\u0107e za zdravstvo i medicinska istra\u017eivanja, analizirala je podatke 294.514 sudionika iz Velike Britanije, a cilj joj je bio ispitivanje utjecaja vitamina D na zdravlje mozga &#8211; odnosno rizik od demencije i mo\u017edanog udara. Ve\u0107ina ispitanika u studiji su bile \u017eene u dobi od 60 do 73 godine, bijelci i bez kroni\u010dnih bolesti.<\/p>\n\n\n\n<p>Pokazalo se da kroni\u010dni nedostatak vitamina D (ispod 25 nmol\/L) nije povezan s manjim volumenom mozga, ali donekle pove\u0107ava rizik od mo\u017edanog udara. Najva\u017enije otkri\u0107e je da je analizom prona\u0111ena uzro\u010dno-posljedi\u010dna veza izme\u0111u nedostatka vitamina D i nastanka demencije.<\/p>\n\n\n\n<p>Kompletni rezultati studije su nedavno objavljeni u \u010dasopisu <em>The American Journal of Clinical Nutrition<\/em>. Za voditeljicu studije profesoricu <strong>Elinu Hypp\u00f6nen<\/strong> rezultati pokazuju koliko je vitamin D va\u017ean u prevenciji demencije te da postoji apsolutna potreba za suzbijanje njegovog nedostatka koji jo\u0161 uvijek postoji u mnogim dijelovima svijeta.<\/p>\n\n\n\n<p>&#8220;Zaista, primijetili smo u britanskoj populaciji da se do 17 posto slu\u010dajeva demencije moglo izbje\u0107i da je razina vitamina D podignuta na normalu &#8211; 50 nmol\/L&#8221;, obja\u0161njava ova znanstvenica.<\/p>\n\n\n\n<h3 class=\"wp-block-heading\">Sve bolje razumijevanje uloge vitamina D<\/h3>\n\n\n\n<p>Koliko je vitamin D va\u017ean za mentalno i fizi\u010dko zdravlje, pokazuje svaka nova studija, nagla\u0161ava Hypp\u00f6nen. &#8220;Vitamin D je hormon prekursor za koji se utvr\u0111uje sve \u0161iri spektar pozitivnih efekata, uklju\u010duju\u0107i i zdravlje mozga.&#8221;<\/p>\n\n\n\n<p>&#8220;Demencija je progresivna i iscrpljuju\u0107a bolest koja mo\u017ee biti razorna i za pojedince i za obitelji. Dakle, moramo se pobrinuti da nitko na svijetu ne pati od ozbiljnog nedostatka vitamina D&#8221;, zaklju\u010duje Hypp\u00f6nen i dodaje: &#8220;Ve\u0107ina nas je vjerojatno ok, ali za svakoga tko iz bilo kojeg razloga mo\u017eda ne dobiva dovoljno vitamina D izlaganjem suncu, prilago\u0111avanje ishrane mo\u017eda nije dovoljno i vjerojatno je potrebno uzimati suplemente.&#8221;<\/p>\n\n\n\n<p>Koriste\u0107i ovu opse\u017enu analizu, ona i njen tim mogli su jo\u0161 jednom pokazati da ne\u0161to tako jeftino i lako dostupno kao vitamin D-preparat &#8211; mo\u017ee imati ogroman utjecaj na svjetsko zdravlje.<\/p>\n\n\n\n<h3 class=\"wp-block-heading\">Njema\u010dka: mnogo vi\u0161e dementnih nego \u0161to se mislilo<\/h3>\n\n\n\n<p>Prema novim brojkama, u Njema\u010dkoj trenutno s demencijom \u017eivi oko 1,8 milijuna ljudi. Ve\u0107ina njih boluje od Alzheimerove bolesti.<\/p>\n\n\n\n<p>Prema njema\u010dkom Alzheimerovom dru\u0161tvu, pro\u0161le godine je dijagnozu demencije dobilo oko 440.000 ljudi, a ra\u010dunalo se s mnogo manje &#8211; oko 300.000 novih slu\u010dajeva. Razlog za\u0161to je ovaj broj znatno ve\u0107i nego u ranijim publikacijama je prije svega to \u0161to je dijagnostika posljednjih godina zna\u010dajno pobolj\u0161ana.<\/p>\n\n\n\n<p>Osim toga, ima znatno vi\u0161e oboljelih mla\u0111ih od 65 godina nego \u0161to se ranije mislilo, trenutno vi\u0161e od 100.000 ljudi.<\/p>\n<div id=\"mojev-1047098509\" class=\"mojev-kraj-teksta mojev-entity-placement\" style=\"margin-bottom: 20px;margin-left: auto;margin-right: auto;text-align: center;\"><div class=\"mojev-adlabel\">oglas<\/div><div style=\"height: 250px;\"><script async src=\"https:\/\/pagead2.googlesyndication.com\/pagead\/js\/adsbygoogle.js?client=ca-pub-8106111766207173\"\r\n     crossorigin=\"anonymous\"><\/script>\r\n<!-- Display-1 -->\r\n<ins class=\"adsbygoogle\"\r\n     style=\"display:block\"\r\n     data-ad-client=\"ca-pub-8106111766207173\"\r\n     data-ad-slot=\"1465712950\"\r\n     data-ad-format=\"auto\"\r\n     data-full-width-responsive=\"true\"><\/ins>\r\n<script>\r\n     (adsbygoogle = window.adsbygoogle || []).push({});\r\n<\/script><\/div><\/div>","protected":false},"excerpt":{"rendered":"<p>Demencija je progresivna i iscrpljuju\u0107a bolest koja mo\u017ee biti razorna i za pojedince i za obitelji. Dakle, moramo se pobrinuti da nitko na svijetu ne pati od ozbiljnog nedostatka vitamina, ka\u017ee znanstvenica.<\/p>\n","protected":false},"author":1,"featured_media":51051,"comment_status":"closed","ping_status":"closed","sticky":false,"template":"","format":"standard","meta":{"footnotes":""},"categories":[3],"tags":[34,601],"class_list":["post-62113","post","type-post","status-publish","format-standard","has-post-thumbnail","hentry","category-zdravlje","tag-demencija","tag-vitamin-d"],"_links":{"self":[{"href":"https:\/\/www.mojevrijeme.hr\/magazin\/wp-json\/wp\/v2\/posts\/62113","targetHints":{"allow":["GET"]}}],"collection":[{"href":"https:\/\/www.mojevrijeme.hr\/magazin\/wp-json\/wp\/v2\/posts"}],"about":[{"href":"https:\/\/www.mojevrijeme.hr\/magazin\/wp-json\/wp\/v2\/types\/post"}],"author":[{"embeddable":true,"href":"https:\/\/www.mojevrijeme.hr\/magazin\/wp-json\/wp\/v2\/users\/1"}],"replies":[{"embeddable":true,"href":"https:\/\/www.mojevrijeme.hr\/magazin\/wp-json\/wp\/v2\/comments?post=62113"}],"version-history":[{"count":0,"href":"https:\/\/www.mojevrijeme.hr\/magazin\/wp-json\/wp\/v2\/posts\/62113\/revisions"}],"wp:featuredmedia":[{"embeddable":true,"href":"https:\/\/www.mojevrijeme.hr\/magazin\/wp-json\/wp\/v2\/media\/51051"}],"wp:attachment":[{"href":"https:\/\/www.mojevrijeme.hr\/magazin\/wp-json\/wp\/v2\/media?parent=62113"}],"wp:term":[{"taxonomy":"category","embeddable":true,"href":"https:\/\/www.mojevrijeme.hr\/magazin\/wp-json\/wp\/v2\/categories?post=62113"},{"taxonomy":"post_tag","embeddable":true,"href":"https:\/\/www.mojevrijeme.hr\/magazin\/wp-json\/wp\/v2\/tags?post=62113"}],"curies":[{"name":"wp","href":"https:\/\/api.w.org\/{rel}","templated":true}]}}