{"id":62232,"date":"2022-08-24T22:04:13","date_gmt":"2022-08-24T20:04:13","guid":{"rendered":"https:\/\/www.mojevrijeme.hr\/magazin\/?p=62232"},"modified":"2022-08-25T08:31:11","modified_gmt":"2022-08-25T06:31:11","slug":"senzacionalnom-odjevnom-kombinacijom-kolinda-grabar-kitarovic-odala-pocast-ukrajini","status":"publish","type":"post","link":"https:\/\/www.mojevrijeme.hr\/magazin\/2022\/08\/senzacionalnom-odjevnom-kombinacijom-kolinda-grabar-kitarovic-odala-pocast-ukrajini\/","title":{"rendered":"Senzacionalnom odjevnom kombinacijom Kolinda Grabar-Kitarovi\u0107 podr\u017eala Ukrajinu"},"content":{"rendered":"\n<p>Biv\u0161a hrvatska predsjednica <strong>Kolinda Grabar-Kitarovi\u0107<\/strong> cijeloga ljeta izaziva pozornost javnosti svojim objavama na dru\u0161tvenim mre\u017eama. Mediji su proteklih mjeseci hvalili njenu spontanost i nikad vitkiju liniju, no sada je odlu\u010dila modnim odabirom poslati podr\u0161ku napadnutoj Ukrajini. <\/p>\n\n\n\n<p>Grabar-Kitarovi\u0107 je tako objavila dvije fotografije snimljene pred zagreba\u010dkom katedralom, a na kojima pozira s ukrajinskim nacionalnim cvijetom &#8211; suncokretom, odjevena u boje Ukrajine. &#8220;S Ukrajinom u srcu&#8221;, napisala je povodom Dana neovisnosti Ukrajine.<\/p>\n\n\n\n<p>&#8220;Damski i s mjerom. Uz tebe smo u\u017eivali po\u0161tovanje, zajedni\u0161tvo, sigurnost i domoljublje&#8221;, napisala je obo\u017eavateljica Ivan\u010dica. &#8220;Bravo, za mene ste bili i ostali hrvatska kraljica&#8221;, dodao je Zoran.<\/p><div id=\"mojev-3316348074\" class=\"mojev-u-tekstu mojev-entity-placement\" style=\"margin-left: auto;margin-right: auto;text-align: center;\"><div class=\"mojev-adlabel\">oglas<\/div><div style=\"height: 250px;\"><script async src=\"https:\/\/pagead2.googlesyndication.com\/pagead\/js\/adsbygoogle.js?client=ca-pub-8106111766207173\"\r\n     crossorigin=\"anonymous\"><\/script>\r\n<!-- Prikazni 1 u tekstu -->\r\n<ins class=\"adsbygoogle\"\r\n     style=\"display:block\"\r\n     data-ad-client=\"ca-pub-8106111766207173\"\r\n     data-ad-slot=\"8535551207\"\r\n     data-ad-format=\"auto\"\r\n     data-full-width-responsive=\"true\"><\/ins>\r\n<script>\r\n     (adsbygoogle = window.adsbygoogle || []).push({});\r\n<\/script><\/div><\/div><br style=\"clear: both; display: block; float: none;\"\/>\n\n\n<div class=\"wp-block-image\">\n<figure class=\"aligncenter size-large\"><img loading=\"lazy\" decoding=\"async\" width=\"510\" height=\"740\" src=\"https:\/\/www.mojevrijeme.hr\/magazin\/wp-content\/uploads\/2022\/08\/kolinda-ukrajina-510x740.jpg\" alt=\"\" class=\"wp-image-62234\" srcset=\"https:\/\/www.mojevrijeme.hr\/magazin\/wp-content\/uploads\/2022\/08\/kolinda-ukrajina-510x740.jpg 510w, https:\/\/www.mojevrijeme.hr\/magazin\/wp-content\/uploads\/2022\/08\/kolinda-ukrajina-439x636.jpg 439w, https:\/\/www.mojevrijeme.hr\/magazin\/wp-content\/uploads\/2022\/08\/kolinda-ukrajina.jpg 662w\" sizes=\"auto, (max-width: 510px) 100vw, 510px\" \/><figcaption>Kolinda Grabar-Kitarovi\u0107 (foto: Facebook)<\/figcaption><\/figure>\n<\/div>\n\n<div class=\"wp-block-image\">\n<figure class=\"aligncenter size-large\"><img loading=\"lazy\" decoding=\"async\" width=\"555\" height=\"740\" src=\"https:\/\/www.mojevrijeme.hr\/magazin\/wp-content\/uploads\/2022\/08\/kolinda-ukrajina-2-555x740.jpg\" alt=\"\" class=\"wp-image-62235\" srcset=\"https:\/\/www.mojevrijeme.hr\/magazin\/wp-content\/uploads\/2022\/08\/kolinda-ukrajina-2-555x740.jpg 555w, https:\/\/www.mojevrijeme.hr\/magazin\/wp-content\/uploads\/2022\/08\/kolinda-ukrajina-2-477x636.jpg 477w, https:\/\/www.mojevrijeme.hr\/magazin\/wp-content\/uploads\/2022\/08\/kolinda-ukrajina-2.jpg 720w\" sizes=\"auto, (max-width: 555px) 100vw, 555px\" \/><figcaption>Kolinda Grabar-Kitarovi\u0107 (foto: Facebook)<\/figcaption><\/figure>\n<\/div><div id=\"mojev-3381618161\" class=\"mojev-kraj-teksta mojev-entity-placement\" style=\"margin-bottom: 20px;margin-left: auto;margin-right: auto;text-align: center;\"><div class=\"mojev-adlabel\">oglas<\/div><div style=\"height: 250px;\"><script async src=\"https:\/\/pagead2.googlesyndication.com\/pagead\/js\/adsbygoogle.js?client=ca-pub-8106111766207173\"\r\n     crossorigin=\"anonymous\"><\/script>\r\n<!-- Display-1 -->\r\n<ins class=\"adsbygoogle\"\r\n     style=\"display:block\"\r\n     data-ad-client=\"ca-pub-8106111766207173\"\r\n     data-ad-slot=\"1465712950\"\r\n     data-ad-format=\"auto\"\r\n     data-full-width-responsive=\"true\"><\/ins>\r\n<script>\r\n     (adsbygoogle = window.adsbygoogle || []).push({});\r\n<\/script><\/div><\/div>","protected":false},"excerpt":{"rendered":"<p>Prelijepa, sve joj stoji, ne boji se imati stav, ljepotica, na\u0161 ponos&#8230; To su samo neki od komentara obo\u017eavatelja na stranici biv\u0161e predsjednice. <\/p>\n","protected":false},"author":1,"featured_media":26915,"comment_status":"closed","ping_status":"closed","sticky":false,"template":"","format":"standard","meta":{"footnotes":""},"categories":[84,9],"tags":[359,276,1942],"class_list":["post-62232","post","type-post","status-publish","format-standard","has-post-thumbnail","hentry","category-show","category-vijesti","tag-kolinda","tag-moda","tag-ukrajina"],"_links":{"self":[{"href":"https:\/\/www.mojevrijeme.hr\/magazin\/wp-json\/wp\/v2\/posts\/62232","targetHints":{"allow":["GET"]}}],"collection":[{"href":"https:\/\/www.mojevrijeme.hr\/magazin\/wp-json\/wp\/v2\/posts"}],"about":[{"href":"https:\/\/www.mojevrijeme.hr\/magazin\/wp-json\/wp\/v2\/types\/post"}],"author":[{"embeddable":true,"href":"https:\/\/www.mojevrijeme.hr\/magazin\/wp-json\/wp\/v2\/users\/1"}],"replies":[{"embeddable":true,"href":"https:\/\/www.mojevrijeme.hr\/magazin\/wp-json\/wp\/v2\/comments?post=62232"}],"version-history":[{"count":0,"href":"https:\/\/www.mojevrijeme.hr\/magazin\/wp-json\/wp\/v2\/posts\/62232\/revisions"}],"wp:featuredmedia":[{"embeddable":true,"href":"https:\/\/www.mojevrijeme.hr\/magazin\/wp-json\/wp\/v2\/media\/26915"}],"wp:attachment":[{"href":"https:\/\/www.mojevrijeme.hr\/magazin\/wp-json\/wp\/v2\/media?parent=62232"}],"wp:term":[{"taxonomy":"category","embeddable":true,"href":"https:\/\/www.mojevrijeme.hr\/magazin\/wp-json\/wp\/v2\/categories?post=62232"},{"taxonomy":"post_tag","embeddable":true,"href":"https:\/\/www.mojevrijeme.hr\/magazin\/wp-json\/wp\/v2\/tags?post=62232"}],"curies":[{"name":"wp","href":"https:\/\/api.w.org\/{rel}","templated":true}]}}