{"id":62366,"date":"2022-08-29T13:59:16","date_gmt":"2022-08-29T11:59:16","guid":{"rendered":"https:\/\/www.mojevrijeme.hr\/magazin\/?p=62366"},"modified":"2022-08-29T14:01:55","modified_gmt":"2022-08-29T12:01:55","slug":"stogodisnjakinja-ruzica-brzo-je-proslo-ali-ja-bih-jos-koju-godinicu","status":"publish","type":"post","link":"https:\/\/www.mojevrijeme.hr\/magazin\/2022\/08\/stogodisnjakinja-ruzica-brzo-je-proslo-ali-ja-bih-jos-koju-godinicu\/","title":{"rendered":"Stogodi\u0161njakinja Ru\u017eica: &#8216;Brzo je pro\u0161lo, ali ja bih jo\u0161 koju godinicu po\u017eivjela&#8217;"},"content":{"rendered":"\n<p>Zagreba\u010dka umirovljenica <strong>Ru\u017eica Vru\u0107ina<\/strong> proslavila je pro\u0161li \u010detvrtak 100. ro\u0111endan.\u00a0Iako\u00a0mnogi tvrde da je te\u0161ko uskladiti obitelj i karijeru ona je u svemu tome uspjela. Bila je prva hrvatska kravatarka, uspje\u0161na vlasnica trgovine i radione, ali i majka dvojice sinova. Na posebnoj se fe\u0161ti okupilo pet generacija njezine obitelji, javlja<a href=\"https:\/\/www.rtl.hr\/vijesti\/zanimljivosti\/ruzica-danas-slavi-stoti-rodendan-za-rtl-je-odgovorila-na-pitanje-koja-je-tajna-njezine-dugovjecnosti-514bd424-24a2-11ed-b4e4-fafc4f6bf2c0\" target=\"_blank\" rel=\"noreferrer noopener\"> RTL<\/a>.<\/p>\n\n\n\n<p>Ako&nbsp;se pita slavljenicu Ru\u017eicu, Bijelo dugme pjeva gluposti. Nikakva gnjava\u017ea u \u017eivotu nije do\u017eivjeti stotu. Ma ona bi ka\u017ee jo\u0161 koju godinicu.  Jo\u0161 \u010detiri ili pet bi joj bilo taman. Posljednjih sedam godina je u domu i&nbsp;jako&nbsp;je, ka\u017ee, zadovoljna. &#8220;\u0160to je najva\u017enije, zdrava sam, spavati mogu, imam i dobar apetit za jesti&#8221;, ka\u017ee Ru\u017eica.<\/p>\n\n\n\n<p>Na pitanje koja je tajna njene dugovje\u010dnosti ka\u017ee: &#8220;To do\u0111e samo po sebi, nisam se posebno \u010duvala. Koliko smo god mogli smo zdravo jeli. Ja sam doma kuhala.&#8221; Danas ka\u017ee voli jesti, a najvi\u0161e slatko, saftove, torte tako\u0111er. Na ro\u0111endanskoj proslavi pojela je \u010dak dva komada slavljeni\u010dke torte. &#8220;Odli\u010dna je&#8221;, ka\u017ee. Na televiziji najvi\u0161e voli pogledati vijesti i glazbu.  <\/p><div id=\"mojev-2038221893\" class=\"mojev-u-tekstu mojev-entity-placement\" style=\"margin-left: auto;margin-right: auto;text-align: center;\"><div class=\"mojev-adlabel\">oglas<\/div><div style=\"height: 250px;\"><script async src=\"https:\/\/pagead2.googlesyndication.com\/pagead\/js\/adsbygoogle.js?client=ca-pub-8106111766207173\"\r\n     crossorigin=\"anonymous\"><\/script>\r\n<!-- Prikazni 1 u tekstu -->\r\n<ins class=\"adsbygoogle\"\r\n     style=\"display:block\"\r\n     data-ad-client=\"ca-pub-8106111766207173\"\r\n     data-ad-slot=\"8535551207\"\r\n     data-ad-format=\"auto\"\r\n     data-full-width-responsive=\"true\"><\/ins>\r\n<script>\r\n     (adsbygoogle = window.adsbygoogle || []).push({});\r\n<\/script><\/div><\/div><br style=\"clear: both; display: block; float: none;\"\/>\n\n\n\n<p>&#8220;Godine tako brzu pro\u0111u i do\u0111e 100. ro\u0111endan da se ni ne zna. Ni ne znam kad sam pre\u017eivjela sto godina. Brzo je pro\u0161lo&#8221;, zaklju\u010duje. <\/p>\n<div id=\"mojev-1208367277\" class=\"mojev-kraj-teksta mojev-entity-placement\" style=\"margin-bottom: 20px;margin-left: auto;margin-right: auto;text-align: center;\"><div class=\"mojev-adlabel\">oglas<\/div><div style=\"height: 250px;\"><script async src=\"https:\/\/pagead2.googlesyndication.com\/pagead\/js\/adsbygoogle.js?client=ca-pub-8106111766207173\"\r\n     crossorigin=\"anonymous\"><\/script>\r\n<!-- Display-1 -->\r\n<ins class=\"adsbygoogle\"\r\n     style=\"display:block\"\r\n     data-ad-client=\"ca-pub-8106111766207173\"\r\n     data-ad-slot=\"1465712950\"\r\n     data-ad-format=\"auto\"\r\n     data-full-width-responsive=\"true\"><\/ins>\r\n<script>\r\n     (adsbygoogle = window.adsbygoogle || []).push({});\r\n<\/script><\/div><\/div>","protected":false},"excerpt":{"rendered":"<p>&#8216;Godine tako brzu pro\u0111u i do\u0111e 100. ro\u0111endan da se ni ne zna. Ni ne znam kad sam pre\u017eivjela sto godina. Brzo je pro\u0161lo.&#8217;<\/p>\n","protected":false},"author":1,"featured_media":62370,"comment_status":"closed","ping_status":"closed","sticky":false,"template":"","format":"standard","meta":{"footnotes":""},"categories":[2],"tags":[64,3275,39],"class_list":["post-62366","post","type-post","status-publish","format-standard","has-post-thumbnail","hentry","category-mozaik","tag-dugovjecnost","tag-ruzica-vrucina","tag-zagreb"],"_links":{"self":[{"href":"https:\/\/www.mojevrijeme.hr\/magazin\/wp-json\/wp\/v2\/posts\/62366","targetHints":{"allow":["GET"]}}],"collection":[{"href":"https:\/\/www.mojevrijeme.hr\/magazin\/wp-json\/wp\/v2\/posts"}],"about":[{"href":"https:\/\/www.mojevrijeme.hr\/magazin\/wp-json\/wp\/v2\/types\/post"}],"author":[{"embeddable":true,"href":"https:\/\/www.mojevrijeme.hr\/magazin\/wp-json\/wp\/v2\/users\/1"}],"replies":[{"embeddable":true,"href":"https:\/\/www.mojevrijeme.hr\/magazin\/wp-json\/wp\/v2\/comments?post=62366"}],"version-history":[{"count":0,"href":"https:\/\/www.mojevrijeme.hr\/magazin\/wp-json\/wp\/v2\/posts\/62366\/revisions"}],"wp:featuredmedia":[{"embeddable":true,"href":"https:\/\/www.mojevrijeme.hr\/magazin\/wp-json\/wp\/v2\/media\/62370"}],"wp:attachment":[{"href":"https:\/\/www.mojevrijeme.hr\/magazin\/wp-json\/wp\/v2\/media?parent=62366"}],"wp:term":[{"taxonomy":"category","embeddable":true,"href":"https:\/\/www.mojevrijeme.hr\/magazin\/wp-json\/wp\/v2\/categories?post=62366"},{"taxonomy":"post_tag","embeddable":true,"href":"https:\/\/www.mojevrijeme.hr\/magazin\/wp-json\/wp\/v2\/tags?post=62366"}],"curies":[{"name":"wp","href":"https:\/\/api.w.org\/{rel}","templated":true}]}}