{"id":62380,"date":"2022-05-31T17:58:00","date_gmt":"2022-05-31T15:58:00","guid":{"rendered":"https:\/\/www.mojevrijeme.hr\/magazin\/?p=62380"},"modified":"2022-08-29T18:06:25","modified_gmt":"2022-08-29T16:06:25","slug":"zlostavljanje-u-domovima-umirovljenika-sve-je-veci-problem-a-zene-su-posebno-ugrozene","status":"publish","type":"post","link":"https:\/\/www.mojevrijeme.hr\/magazin\/2022\/05\/zlostavljanje-u-domovima-umirovljenika-sve-je-veci-problem-a-zene-su-posebno-ugrozene\/","title":{"rendered":"Zlostavljanje u domovima umirovljenika sve je ve\u0107i problem, a \u017eene su posebno ugro\u017eene"},"content":{"rendered":"\n<p>Zlostavljanje \u0161ti\u0107enika u domovima umirovljenika tema je koja u hrvatske medije dospije tek kada stanje u pojedinoj ustanovi eskalira ili kada na njega upozori pu\u010dka pravobraniteljica. Problem postoji na globalnoj razini i valja ga osvijestiti, ali i detaljnije istra\u017eiti, poru\u010duju stru\u010dnjaci.<\/p>\n\n\n\n<p>Naime, Svjetska zdravstvena organizacija (WHO) upozorava da nema dovoljno znanstvenih istra\u017eivanja na temu zlostavljanja u domovima za stare i nemo\u0107ne, a ona malobrojna otkrila su da je ve\u0107a vjerojatnost da \u0107e \u017eene pro\u0107i kroz neki oblik zlostavljanja dok su u instituciji.<\/p>\n\n\n\n<h3 class=\"wp-block-heading\">\u017drtve ne prijavljuju zlostavlja\u010de<\/h3>\n\n\n\n<p>Ova tema postaje sve va\u017enija u zapadnim, sve starijim dru\u0161tvima, a dostupna istra\u017eivanja sla\u017eu se u jednom \u2013 tek je mali dio takvog zlostavljanja prijavljen. Neke studije ka\u017eu da je rije\u010d o jednom od deset slu\u010dajeva, dok druge ka\u017eu da je ta stopa jo\u0161 i manja, \u010dak jedan od 13 slu\u010dajeva.<\/p><div id=\"mojev-4084524095\" class=\"mojev-u-tekstu mojev-entity-placement\" style=\"margin-left: auto;margin-right: auto;text-align: center;\"><div class=\"mojev-adlabel\">oglas<\/div><div style=\"height: 250px;\"><script async src=\"https:\/\/pagead2.googlesyndication.com\/pagead\/js\/adsbygoogle.js?client=ca-pub-8106111766207173\"\r\n     crossorigin=\"anonymous\"><\/script>\r\n<!-- Prikazni 1 u tekstu -->\r\n<ins class=\"adsbygoogle\"\r\n     style=\"display:block\"\r\n     data-ad-client=\"ca-pub-8106111766207173\"\r\n     data-ad-slot=\"8535551207\"\r\n     data-ad-format=\"auto\"\r\n     data-full-width-responsive=\"true\"><\/ins>\r\n<script>\r\n     (adsbygoogle = window.adsbygoogle || []).push({});\r\n<\/script><\/div><\/div><br style=\"clear: both; display: block; float: none;\"\/>\n\n\n\n<p>Uz to, odre\u0111ene podzastupljene demografske skupine ranjivije su na zlostavljanje od drugih i va\u017eno je razmotriti \u010dimbenike koji pridonose njihovom zlostavljanju. Primjerice, \u017eene koje pate od demencije jo\u0161 su ja\u010de izlo\u017eene zlostavljanju u ustanovama za skrb o starima i nemo\u0107nima.<\/p>\n\n\n\n<h3 class=\"wp-block-heading\">Zlostavlja\u010d je u najbli\u017eem krugu<\/h3>\n\n\n\n<p>Ve\u0107 smo ranije pisali da su naj\u010de\u0161\u0107i po\u010dinitelji zlostavljanja starijih osoba mu\u0161karci koji su zlostavljanoj osobi bliski, naj\u010de\u0161\u0107e je to supru\u017enik ili \u010dlan obitelji. Sli\u010dno, najvjerojatniji po\u010dinitelj zlostavljanja u domovima za starije osobe bio je mu\u0161ki zaposlenik doma, pokazuju podaci za ameri\u010dkog Centra za sprje\u010davanje zlostavljanja u domovima za stare i nemo\u0107ne. &nbsp;<\/p>\n\n\n\n<p>Zna\u010dajan \u010dimbenik rizika za \u017eene jednostavno je o\u010dekivani \u017eivotni vijek. \u017dene koje su 2016. napunile 65 godina imale su o\u010dekivani prosje\u010dni \u017eivotni vijek od 86,6 godina. Mu\u0161karci koji su 2016. navr\u0161ili 65 godina imali su o\u010dekivani \u017eivotni vijek od 84,3 godine. Iako se ovo mo\u017ee \u010diniti kao mala razlika, jednostavna je \u010dinjenica da \u017eene dulje \u017eive i stoga je vjerojatnije da \u0107e im trebati usluge stara\u010dkog doma u kasnijim fazama \u017eivota.<\/p>\n\n\n\n<p>\u017dene do\u017eivljavaju iste vrste zlostavljanja u stara\u010dkim domovima s kojima se susre\u0107u mu\u0161karci, uklju\u010duju\u0107i: zanemarivanje, fizi\u010dko zlostavljanje, emocionalno, verbalno ili psihi\u010dko zlostavljanje, seksualno zlostavljanje, financijsko zlostavljanje i samozanemarivanje.<\/p>\n\n\n\n<h3 class=\"wp-block-heading\">Za\u0161to \u017eene ne prijavljuju zlostavljanja u institucijama za skrb?<\/h3>\n\n\n\n<p>Provedene kvalitativne studije pokazuju da su razlozi za\u0161to \u017eene rijetko prijavljuju zlostavljanje vanjske i unutarnje barijere. Uglavnom su ispunjene strahom, bezna\u0111em i osje\u0107ajem odba\u010denosti. Treba znati da ni mu\u0161karci nisu skloni prijavljivati zlostavljanja, ali njihovi razlozi su sasma druge prirode.<\/p>\n\n\n\n<p><strong>Vanjske barijere<\/strong><\/p>\n\n\n\n<p>\u017dene prvenstveno strahuju da \u0107e, ako prijave zlostavlja\u010da, prijava samo pogor\u0161ati odnos koji su prisiljene s njim odr\u017eavati i nakon prijave. Tako\u0111er, \u010desto se brinu da im se ne\u0107e vjerovati. Osim toga, ne znaju kakve su procedure i kome mogu prijaviti da su zlostavljane ili ne osje\u0107aju da postoji odgovaraju\u0107a podr\u0161ka koja bi im pomogla. Uz to, \u017eene \u010desto ne vjeruju onima koji bi ih trebali za\u0161titi. Ne vjeruju da \u0107e isti djelovati u njihovom interesu ili da \u0107e im uop\u0107e pomo\u0107i. \u017dene se boje i da \u0107e ih prijavljivanje zlostavljanja udaljiti od njihove obitelji. Zlostavljane \u017eene prijavile su zahladnjenje odnosa s ro\u0111enom djecom koja su iz prve ruke svjedo\u010dila njihovom zlostavljanju.<\/p>\n\n\n\n<p><strong>Unutarnje barijere<\/strong><\/p>\n\n\n\n<p>Zlostavljane \u017eene osje\u0107aju bezna\u0111e, \u010desto misle da su same krive za zlostavljanje, govore o osje\u0107aju zarobljenosti, srama pa \u017eele zlostavljanje zadr\u017eati u tajnosti. Ljute se same na sebe jer smatraju da same nisu dovoljno sposobne da bi promijenile situaciju. Tako\u0111er se boje da \u0107e ih obitelj napustiti. Zabrinute su da bi prijavljivanje zlostavljanja pokidalo postoje\u0107e obiteljske veze, uklju\u010duju\u0107i veze sa zlostavlja\u010dem. Neke \u017eene osje\u0107aju potrebu da daju prednost svojoj financijskoj sigurnosti ispred svoje fizi\u010dke i mentalne sigurnosti. Paradoksalno, \u010desto se boje da bi zlostavlja\u010d mogao biti ka\u017enjen ili ostati bez posla. Bliski odnos sa zlostavlja\u010dem tjera zlostavljanu \u017eenu da se boji posljedica s kojima bi se zlostavlja\u010d mogao suo\u010diti ako prijavi napad.<\/p>\n\n\n\n<figure class=\"wp-block-image size-large\"><img loading=\"lazy\" decoding=\"async\" width=\"740\" height=\"444\" src=\"https:\/\/www.mojevrijeme.hr\/magazin\/wp-content\/uploads\/2019\/10\/kriza-srednjih-godina-740x444.jpg\" alt=\"\" class=\"wp-image-31244\" srcset=\"https:\/\/www.mojevrijeme.hr\/magazin\/wp-content\/uploads\/2019\/10\/kriza-srednjih-godina-740x444.jpg 740w, https:\/\/www.mojevrijeme.hr\/magazin\/wp-content\/uploads\/2019\/10\/kriza-srednjih-godina-636x382.jpg 636w, https:\/\/www.mojevrijeme.hr\/magazin\/wp-content\/uploads\/2019\/10\/kriza-srednjih-godina-768x461.jpg 768w, https:\/\/www.mojevrijeme.hr\/magazin\/wp-content\/uploads\/2019\/10\/kriza-srednjih-godina-1536x922.jpg 1536w, https:\/\/www.mojevrijeme.hr\/magazin\/wp-content\/uploads\/2019\/10\/kriza-srednjih-godina-1500x900.jpg 1500w, https:\/\/www.mojevrijeme.hr\/magazin\/wp-content\/uploads\/2019\/10\/kriza-srednjih-godina-1600x960.jpg 1600w, https:\/\/www.mojevrijeme.hr\/magazin\/wp-content\/uploads\/2019\/10\/kriza-srednjih-godina-590x354.jpg 590w, https:\/\/www.mojevrijeme.hr\/magazin\/wp-content\/uploads\/2019\/10\/kriza-srednjih-godina-400x240.jpg 400w, https:\/\/www.mojevrijeme.hr\/magazin\/wp-content\/uploads\/2019\/10\/kriza-srednjih-godina-1000x600.jpg 1000w, https:\/\/www.mojevrijeme.hr\/magazin\/wp-content\/uploads\/2019\/10\/kriza-srednjih-godina-820x492.jpg 820w, https:\/\/www.mojevrijeme.hr\/magazin\/wp-content\/uploads\/2019\/10\/kriza-srednjih-godina.jpg 2000w\" sizes=\"auto, (max-width: 740px) 100vw, 740px\" \/><figcaption>foto:  Andrik Langfield\/Unsplash<\/figcaption><\/figure>\n\n\n\n<h3 class=\"wp-block-heading\">Kakvo je stanje u Hrvatskoj?<\/h3>\n\n\n\n<p>U Hrvatskoj su 2020. objavljeni rezultati istra\u017eivanja &#8220;Percepcija korisnika i djelatnika domova za starije osobe o nasilju nad starijim osobama u gradu Zagrebu&#8221; (<strong>Rusac, Silvia, Vrban, Ines, Vahtar, Dorijan<\/strong>). Autori su \u017eeljeli stvoriti uvid u stavove djelatnika i korisnika domova za starije o nasilju nad starijim osobama, odnosno ispitati razlike u senzibilnosti na nasilje nad korisnicima u domovima za starije osobe s obzirom na neka obilje\u017eja djelatnika.<\/p>\n\n\n\n<p>Izme\u0111u ostalog, navode da im je cilj bio istra\u017eiti percepciju pojavljivanja nasilja po\u010dinjenog od djelatnika, iz perspektive djelatnika i korisnika domova za starije osobe na podru\u010dju Grada Zagreba.<\/p>\n\n\n\n<p>U zaklju\u010dku istra\u017eivanja Rusac, Vrban i Vahtar navode da je vi\u0161e od polovine ispitanih djelatnika upoznato je s temom nasilja nad korisnici ma u ustanovama i smatraju da tema nije zanemarena u domu u kojem rade. Od ukupno 472 djelatnika, \u010dak 66 njih osobno poznaje korisnika doma izlo\u017eenog nasilju i ve\u0107ina iskazuje spremnost za prijavljivanje nasilja kada bi mu svjedo\u010dili.<\/p>\n\n\n\n<h3 class=\"wp-block-heading\">Percepcija o nasilju<\/h3>\n\n\n\n<p>Trideset posto korisnika domova procjenjuje dru\u0161tvenu skrb za korisnike koji su izlo\u017eeni nasilju u domovima za starije osobe dobrom, dok je ostali procjenjuju lo\u0161om ili imaju neutralan stav o tome.<\/p>\n\n\n\n<p>Djelatnici i korisnici domova procjenjuju da se nasilje rijetko prijavljuje. Korisnici kao razloge neprijavljivanja navode strah od posljedica, nepovjerenje da \u0107e se i\u0161ta promijeniti ako ka\u017eu da su do\u017eivjeli nasilje te sram, dok djelatnici kao razlog prijavljivanja navode moralnu dimenziju prema kojoj nasilje nije prihvatljivo, pravnu dimenziju jer predstavlja kr\u0161enje prava te da bi sprije\u010dili budu\u0107a takva postupanja. Op\u0107enito, djelatnici rijetko percipiraju nasilje u domovima za starije nad korisnicima, a korisnici jo\u0161 zna\u010dajnije rje\u0111e.<\/p>\n\n\n\n<p>Manje od 10 posto korisnika percipira pojedina nasilna pona\u0161anja od djelatnika domova za starije osobe, dok djelatnici percipiraju dvostruko i vi\u0161e. Djelatnici i korisnici, unato\u010d zna\u010dajnim razlikama, naj\u010de\u0161\u0107e percipiraju sljede\u0107e oblike nasilja nad korisnicima domova: psihi\u010dko nasilje i zanemarivanje, slijedi fizi\u010dko i materijalno nasilje, zatim nasilje i zanemarivanje prilikom pru\u017eanja medicinske skrbi, nasilje i zanemarivanje prilikom pru\u017eanja osobne njege te nasilje i zanemarivanje prilikom hranjenja starijih osoba.<\/p>\n\n\n\n<h3 class=\"wp-block-heading\">Percepcije korisnika i radnika u domovima se razlikuju<\/h3>\n\n\n\n<p>Korisnici domova i djelatnici u domovima za starije osobe jednako su u\u010destalo percipirali jedino prisutnost sljede\u0107ih pona\u0161anja: &#8220;Uzima korisniku nakit, novac, odje\u0107u ili ne\u0161to drugo iz njegove sobe&#8221; te &#8220;Uskra\u0107uje korisniku potreban lijek ili medicinski tretman&#8221;. U svim preostalim \u010desticama postoji zna\u010dajna razlika u percepciji izme\u0111u korisnika i djelatnika domova za starije osobe.<\/p>\n\n\n\n<p>Djelatnici sebe procjenjuju kompetentnima za rad sa starijima, naginju pozitivom stavu o radu sa starijim osobama, no umjereno prepoznaju zna\u010daj, odnosno va\u017enost edukacije o starijim osobama.<\/p>\n\n\n\n<h3 class=\"wp-block-heading\">Bolje obrazovani \u010de\u0161\u0107e prepoznaju nasilje<\/h3>\n\n\n\n<p>Vi\u0161i stupanj obrazovanja povezan je s pozitivnijim stavom djelatnika o educiranju za rad sa starijim osobama te radu sa starijim osobama i s \u010de\u0161\u0107im percipiranjem psihi\u010dkog, fizi\u010dkog i materijalnog nasilja nad starijim osobama te zanemarivanja prilikom pru\u017eanja medicinske skrbi i njege.<\/p>\n\n\n\n<p>Mla\u0111i djelatnici zna\u010dajno \u010de\u0161\u0107e percipiraju psihi\u010dko nasilje nad starijim osobama te nasilje i zanemarivanje prilikom hranjenja starijih osoba u domu za starije osobe.<\/p>\n\n\n\n<h3 class=\"wp-block-heading\"><strong>Ima li razlike izme\u0111u javnih i privatnih domova za starije i nemo\u0107ne?<\/strong><\/h3>\n\n\n\n<p>U Hrvatskoj, za sada, ne postoje takvi podaci pa \u0107emo se poslu\u017eiti ameri\u010dkim izvje\u0161\u0107ima. Prema ameri\u010dkom Centru za prevenciju i kontrolu bolesti, otprilike 70 posto svih stara\u010dkih domova u Sjedinjenim Dr\u017eavama su profitni. Vode ih tvrtke koje posjeduju vi\u0161e ustanova za njegu starijih osoba. Nedavne studije povezale su profitne ustanove s vi\u0161e slu\u010dajeva zlostavljanja. Istra\u017eivanja su pokazala da starije osobe u profitnim domovima imaju gotovo dvostruko ve\u0107i rizik od zdravstvenih problema povezanih s lo\u0161om skrbi od onih u neprofitnim domovima. Tako\u0111er su pokazivale vi\u0161e znakova zapu\u0161tenosti, a sami objekti bili su lo\u0161ije kvalitete.<\/p>\n\n\n\n<h3 class=\"wp-block-heading\"><strong>Koji su znakovi zlostavljanja \u0161ti\u0107enika u domovima za stare i nemo\u0107ne?<\/strong><\/h3>\n\n\n\n<p>Uobi\u010dajeni znakovi fizi\u010dkog ili verbalnog zlostavljanja i zanemarivanja uklju\u010duju:&nbsp; ozljede nastale u krevetu, gu\u0161enje, dehidraciju, emocionalnu uznemirenost, povu\u010denost, nekomunikativnost, padove, prijelome, ozljede glave, infekcije, lutanja, bje\u017eanja, pothranjenost, dekubituse (rane od le\u017eanja), brzi gubitak te\u017eine ili pove\u0107anje tjelesne te\u017eine, nespremnost da se govori u prisutnosti osoblja, neobja\u0161njiva ili neo\u010dekivana smrt \u0161ti\u0107enika, neobja\u0161njive ozljede poput rana, posjekotina, modrica ili rana u razli\u010ditim fazama zacjeljivanja, nehigijenske i ne\u010diste uvjete, neuobi\u010dajene ili nagle promjene u pona\u0161anju (strah od dodira, sisanja, ugriza, ljuljanja), potreba za izolacijom od drugih. <\/p>\n\n\n\n<p>Drugi znakovi upozorenja na fizi\u010dko ili verbalno zlostavljanje i zanemarivanje: ozljede koje zahtijevaju hitno lije\u010denje ili hospitalizaciju, svaki incident koji uklju\u010duje slomljene kosti, posebno prijelom kuka, svaka ozljeda ili smrt koja se dogodila tijekom ili ubrzo nakon epizode lutanja (uklju\u010duju\u0107i i izvan ustanove), te\u0161ki lijekovi ili sedativi, sukobi i ranjavanja, \u010desta bolest koja se ne prijavljuje pravovremeno lije\u010dniku i obitelji.<\/p>\n\n\n\n<div id=\"blokovi\"><img decoding=\"async\" src=\"https:\/\/www.mojevrijeme.hr\/magazin\/wp-content\/uploads\/2020\/09\/esf-lenta.jpg\">\nOvaj prilog objavljen je u sklopu projekta \u201cNovo vrijeme\u201d. Projekt je sufinancirala\nEuropska unija sredstvima Europskog socijalnog fonda. Sadr\u017eaj priloga isklju\u010diva\nje odgovornost Udruge Ho\u0107u stranicu.<\/div>\n<div id=\"mojev-3942457970\" class=\"mojev-kraj-teksta mojev-entity-placement\" style=\"margin-bottom: 20px;margin-left: auto;margin-right: auto;text-align: center;\"><div class=\"mojev-adlabel\">oglas<\/div><div style=\"height: 250px;\"><script async src=\"https:\/\/pagead2.googlesyndication.com\/pagead\/js\/adsbygoogle.js?client=ca-pub-8106111766207173\"\r\n     crossorigin=\"anonymous\"><\/script>\r\n<!-- Display-1 -->\r\n<ins class=\"adsbygoogle\"\r\n     style=\"display:block\"\r\n     data-ad-client=\"ca-pub-8106111766207173\"\r\n     data-ad-slot=\"1465712950\"\r\n     data-ad-format=\"auto\"\r\n     data-full-width-responsive=\"true\"><\/ins>\r\n<script>\r\n     (adsbygoogle = window.adsbygoogle || []).push({});\r\n<\/script><\/div><\/div>","protected":false},"excerpt":{"rendered":"<p>\u017dene do\u017eivljavaju iste vrste zlostavljanja u stara\u010dkim domovima s kojima se susre\u0107u mu\u0161karci, uklju\u010duju\u0107i: zanemarivanje, fizi\u010dko zlostavljanje, emocionalno, verbalno ili psihi\u010dko zlostavljanje, seksualno zlostavljanje, financijsko zlostavljanje i samozanemarivanje.<\/p>\n","protected":false},"author":10,"featured_media":62385,"comment_status":"closed","ping_status":"closed","sticky":false,"template":"","format":"standard","meta":{"footnotes":""},"categories":[9],"tags":[2669,2339,941],"class_list":["post-62380","post","type-post","status-publish","format-standard","has-post-thumbnail","hentry","category-vijesti","tag-domovi","tag-novo-vrijeme","tag-zlostavljanje"],"_links":{"self":[{"href":"https:\/\/www.mojevrijeme.hr\/magazin\/wp-json\/wp\/v2\/posts\/62380","targetHints":{"allow":["GET"]}}],"collection":[{"href":"https:\/\/www.mojevrijeme.hr\/magazin\/wp-json\/wp\/v2\/posts"}],"about":[{"href":"https:\/\/www.mojevrijeme.hr\/magazin\/wp-json\/wp\/v2\/types\/post"}],"author":[{"embeddable":true,"href":"https:\/\/www.mojevrijeme.hr\/magazin\/wp-json\/wp\/v2\/users\/10"}],"replies":[{"embeddable":true,"href":"https:\/\/www.mojevrijeme.hr\/magazin\/wp-json\/wp\/v2\/comments?post=62380"}],"version-history":[{"count":0,"href":"https:\/\/www.mojevrijeme.hr\/magazin\/wp-json\/wp\/v2\/posts\/62380\/revisions"}],"wp:featuredmedia":[{"embeddable":true,"href":"https:\/\/www.mojevrijeme.hr\/magazin\/wp-json\/wp\/v2\/media\/62385"}],"wp:attachment":[{"href":"https:\/\/www.mojevrijeme.hr\/magazin\/wp-json\/wp\/v2\/media?parent=62380"}],"wp:term":[{"taxonomy":"category","embeddable":true,"href":"https:\/\/www.mojevrijeme.hr\/magazin\/wp-json\/wp\/v2\/categories?post=62380"},{"taxonomy":"post_tag","embeddable":true,"href":"https:\/\/www.mojevrijeme.hr\/magazin\/wp-json\/wp\/v2\/tags?post=62380"}],"curies":[{"name":"wp","href":"https:\/\/api.w.org\/{rel}","templated":true}]}}