{"id":62615,"date":"2022-09-04T15:53:20","date_gmt":"2022-09-04T13:53:20","guid":{"rendered":"https:\/\/www.mojevrijeme.hr\/magazin\/?p=62615"},"modified":"2022-09-04T15:55:33","modified_gmt":"2022-09-04T13:55:33","slug":"tomasevic-otvarat-ce-se-vrecice-i-utvrdivati-identiteti-onih-koji-su-nepropisno-odlozil-otpad","status":"publish","type":"post","link":"https:\/\/www.mojevrijeme.hr\/magazin\/2022\/09\/tomasevic-otvarat-ce-se-vrecice-i-utvrdivati-identiteti-onih-koji-su-nepropisno-odlozil-otpad\/","title":{"rendered":"Toma\u0161evi\u0107: Otvarat \u0107e se vre\u0107ice i utvr\u0111ivati identiteti onih koji su nepropisno odlo\u017eili otpad"},"content":{"rendered":"\n<p>Zagreba\u010dki gradona\u010delnik Tomislav Toma\u0161evi\u0107 gostovao je u programu<a href=\"https:\/\/vijesti.hrt.hr\/hrvatska\/nedjeljom-u-2-tomislav-tomasevic-0-9375912\" target=\"_blank\" rel=\"noreferrer noopener\"> javne televizije<\/a>, gdje je, me\u0111u ostalim, komentirao i novi plan za odvoz otpada. 1. listopada tako na snagu stupa ono \u0161to je obe\u0107ao u izbornom programu, ka\u017ee gradona\u010delnik. &#8220;Obe\u0107ao sam da \u0107emo uvesti pravedni sustav naplate prema koli\u010dini odlo\u017eenog mije\u0161anog otpada.&#8221;<\/p>\n\n\n\n<p>Objasnio je da postoje potpuno razli\u010diti modeli naplate u cijelom gradu, a da \u0107e prema novom sustavu biti jedan: 45 kuna fiksne cijene plus vre\u0107ice koje se kupuju u trgovinama. U te \u0107e se vre\u0107ice jedino smjeti odlagati mije\u0161ani komunalni otpad.<\/p>\n\n\n\n<p>Toma\u0161evi\u0107 smatra da \u0107e udio ku\u0107anstava kojima \u0107e ovaj na\u010din naplate odvoza mije\u0161anog otpada biti skuplji no ranije, biti jako malen. Neposlu\u0161ni \u0107e biti ka\u017enjeni, ka\u017ee prvi \u010dovjek zagreba\u010dke vlasti. Na po\u010detku sigurno ne\u0107e sve funkcionirati, no obja\u0161njava da \u0107e prvo educirati i upozoravati gra\u0111ane, \u010dak i stavljati naljepnice na kante u kojima je otpad pogre\u0161no odlo\u017een.<\/p><div id=\"mojev-3917451072\" class=\"mojev-u-tekstu mojev-entity-placement\" style=\"margin-left: auto;margin-right: auto;text-align: center;\"><div class=\"mojev-adlabel\">oglas<\/div><div style=\"height: 250px;\"><script async src=\"https:\/\/pagead2.googlesyndication.com\/pagead\/js\/adsbygoogle.js?client=ca-pub-8106111766207173\"\r\n     crossorigin=\"anonymous\"><\/script>\r\n<!-- Prikazni 1 u tekstu -->\r\n<ins class=\"adsbygoogle\"\r\n     style=\"display:block\"\r\n     data-ad-client=\"ca-pub-8106111766207173\"\r\n     data-ad-slot=\"8535551207\"\r\n     data-ad-format=\"auto\"\r\n     data-full-width-responsive=\"true\"><\/ins>\r\n<script>\r\n     (adsbygoogle = window.adsbygoogle || []).push({});\r\n<\/script><\/div><\/div><br style=\"clear: both; display: block; float: none;\"\/>\n\n\n\n<p>Toma\u0161evi\u0107 je kazao da \u0107e tra\u017eiti \u0161to je vi\u0161e mogu\u0107e individualnu odgovornost. Za spremnike koji su na javnim povr\u0161inama koristit \u0107e komunalne redare i kamere. &#8220;A s tre\u0107e strane, u krajnjoj liniji, otvorit \u0107e se sadr\u017eaj te vre\u0107ice, recimo, gdje je ba\u010den mije\u0161ani komunalni otpad, ne u slu\u017ebenoj ZG vre\u0107ici koja se mora kupiti za 2, 4 ili 8 kuna, i jednostavno se pregleda sadr\u017eaj te vre\u0107ice, na\u0111u se neki ra\u010duni, utvrdi se identitet onoga tko je to bacio i njemu se razre\u017ee cijela kazna&#8221;, rekao je Toma\u0161evi\u0107, dodaju\u0107i da je to mo\u017eda ljudima smije\u0161no, ali da se to radi u svim drugim austrijskim, njema\u010dkim i \u0161vicarskim gradovima.<\/p>\n<div id=\"mojev-4058130630\" class=\"mojev-kraj-teksta mojev-entity-placement\" style=\"margin-bottom: 20px;margin-left: auto;margin-right: auto;text-align: center;\"><div class=\"mojev-adlabel\">oglas<\/div><div style=\"height: 250px;\"><script async src=\"https:\/\/pagead2.googlesyndication.com\/pagead\/js\/adsbygoogle.js?client=ca-pub-8106111766207173\"\r\n     crossorigin=\"anonymous\"><\/script>\r\n<!-- Display-1 -->\r\n<ins class=\"adsbygoogle\"\r\n     style=\"display:block\"\r\n     data-ad-client=\"ca-pub-8106111766207173\"\r\n     data-ad-slot=\"1465712950\"\r\n     data-ad-format=\"auto\"\r\n     data-full-width-responsive=\"true\"><\/ins>\r\n<script>\r\n     (adsbygoogle = window.adsbygoogle || []).push({});\r\n<\/script><\/div><\/div>","protected":false},"excerpt":{"rendered":"<p>Toma\u0161evi\u0107 je kazao da \u0107e tra\u017eiti \u0161to je vi\u0161e mogu\u0107e individualnu odgovornost. Za spremnike koji su na javnim povr\u0161inama koristit \u0107e komunalne redare i kamere.<\/p>\n","protected":false},"author":1,"featured_media":60120,"comment_status":"closed","ping_status":"closed","sticky":false,"template":"","format":"standard","meta":{"footnotes":""},"categories":[9],"tags":[605,3077,39],"class_list":["post-62615","post","type-post","status-publish","format-standard","has-post-thumbnail","hentry","category-vijesti","tag-otpad","tag-tomasevic","tag-zagreb"],"_links":{"self":[{"href":"https:\/\/www.mojevrijeme.hr\/magazin\/wp-json\/wp\/v2\/posts\/62615","targetHints":{"allow":["GET"]}}],"collection":[{"href":"https:\/\/www.mojevrijeme.hr\/magazin\/wp-json\/wp\/v2\/posts"}],"about":[{"href":"https:\/\/www.mojevrijeme.hr\/magazin\/wp-json\/wp\/v2\/types\/post"}],"author":[{"embeddable":true,"href":"https:\/\/www.mojevrijeme.hr\/magazin\/wp-json\/wp\/v2\/users\/1"}],"replies":[{"embeddable":true,"href":"https:\/\/www.mojevrijeme.hr\/magazin\/wp-json\/wp\/v2\/comments?post=62615"}],"version-history":[{"count":0,"href":"https:\/\/www.mojevrijeme.hr\/magazin\/wp-json\/wp\/v2\/posts\/62615\/revisions"}],"wp:featuredmedia":[{"embeddable":true,"href":"https:\/\/www.mojevrijeme.hr\/magazin\/wp-json\/wp\/v2\/media\/60120"}],"wp:attachment":[{"href":"https:\/\/www.mojevrijeme.hr\/magazin\/wp-json\/wp\/v2\/media?parent=62615"}],"wp:term":[{"taxonomy":"category","embeddable":true,"href":"https:\/\/www.mojevrijeme.hr\/magazin\/wp-json\/wp\/v2\/categories?post=62615"},{"taxonomy":"post_tag","embeddable":true,"href":"https:\/\/www.mojevrijeme.hr\/magazin\/wp-json\/wp\/v2\/tags?post=62615"}],"curies":[{"name":"wp","href":"https:\/\/api.w.org\/{rel}","templated":true}]}}